{"id":337567,"date":"2026-08-29T17:46:16","date_gmt":"2026-08-29T17:46:16","guid":{"rendered":"https:\/\/www.europesays.com\/no\/337567\/"},"modified":"2026-08-29T17:46:16","modified_gmt":"2026-08-29T17:46:16","slug":"kongefamilien-deltar-i-sorgegudstjeneste-dronning-mette-marit-uteblir-2","status":"publish","type":"post","link":"https:\/\/www.europesays.com\/no\/337567\/","title":{"rendered":"Kongefamilien deltar i s\u00f8rgegudstjeneste \u2013 dronning Mette-Marit uteblir"},"content":{"rendered":"\n<p class=\"_lead_145nj_2 _lead_6fko5_53 layout-component text-serif-m layout-normal text-serif-l layout-component layout-wide layout-padded _wide_17hqh_1 layout-padded\">Den avholdes i Asker kirke s\u00f8ndag klokken 11.<\/p>\n<p><img alt=\"Kongefamilien i Stavanger domkirke i juli i fjor. Foto: Carina Johansen \/ NTB\" class=\"_image_jw3bv_65 layout-component layout-wide\" data-fullscreen- data-track-element-type=\"Article image fullscreen\" data-track-name=\"ImageFullscreen\" fetchpriority=\"high\" decoding=\"sync\" loading=\"eager\" height=\"5504\" itemprop=\"image\"  src=\"https:\/\/www.europesays.com\/no\/wp-content\/uploads\/2026\/08\/1788025572_423_25b1b671-7583-3df3-bf61-7f2d7ccaabfa.jpeg\"  style=\"object-position:0% 0%\" width=\"8256\"\/>Kongefamilien i Stavanger domkirke i juli i fjor. Foto: Carina Johansen \/ NTB<\/p>\n<ul aria-hidden=\"true\" class=\"_images_ntbth_112\">\n<li><a class=\"_link_ntbth_117\" href=\"https:\/\/www.vg.no\/forfatter\/anders-ihle-tovan\" style=\"z-index:2\" title=\"Anders Ihle Tovan\" rel=\"nofollow noopener\" target=\"_blank\"><img alt=\"Bilde av Anders Ihle Tovan\" class=\"_image_ntbth_93\" fetchpriority=\"low\" loading=\"lazy\" decoding=\"async\" itemprop=\"image\"  src=\"https:\/\/www.europesays.com\/no\/wp-content\/uploads\/2026\/08\/1788025572_267_0350a8a3-c2b8-4c34-b37b-ad43b021a76e.jpeg\"  width=\"480\"\/><\/a><\/li>\n<li><a class=\"_link_ntbth_117\" href=\"https:\/\/www.vg.no\/forfatter\/live-tronstad\" style=\"z-index:1\" title=\"Live Tronstad\" rel=\"nofollow noopener\" target=\"_blank\"><img alt=\"Bilde av Live Tronstad\" class=\"_image_ntbth_93\" fetchpriority=\"low\" loading=\"lazy\" decoding=\"async\" itemprop=\"image\"  src=\"https:\/\/www.europesays.com\/no\/wp-content\/uploads\/2026\/08\/1788025573_756_730bca66-e713-4274-9d1c-1222feeb3c7d.jpeg\"  width=\"480\"\/><\/a><\/li>\n<\/ul>\n<p> Oppdatert l\u00f8rdag 29. august kl. 18:24     <\/p>\n<p class=\"_paragraph_145nj_4 _paragraph_6fko5_10 layout-component text-serif-m layout-normal text-serif-m layout-padded\">Kong Haakon, kronprinsesse Ingrid Alexandra, dronning Sonja og prins Sverre Magnus skal delta.<\/p>\n<p class=\"_paragraph_145nj_4 _paragraph_6fko5_10 layout-component text-serif-m layout-normal text-serif-m layout-padded\">Mette-Marit er fortsatt i rekonvalesens etter lunge\u00adtransplantasjonen i juni, og har begrenset mulighet til \u00e5 delta i offisielle sammenhenger.<\/p>\n<p class=\"_paragraph_145nj_4 _paragraph_6fko5_10 layout-component text-serif-m layout-normal text-serif-m layout-padded\"><strong class=\"_strong_145nj_25\">Dronningen vil likevel delta p\u00e5 enkelte andre arrangementer i forbindelse med kong Haralds bortgang, opplyser Kongehuset.<\/strong><\/p>\n<p><img alt=\"Slottsplassen i Oslo l\u00f8rdag.  Foto: Mattis Sandblad \/ VG\" class=\"_image_jw3bv_65 layout-component layout-normal\" data-fullscreen- data-track-element-type=\"Article image fullscreen\" data-track-name=\"ImageFullscreen\" decoding=\"async\" loading=\"lazy\" height=\"2656\" itemprop=\"image\"  src=\"https:\/\/www.europesays.com\/no\/wp-content\/uploads\/2026\/08\/1788025573_978_b96d1e5e-92b5-3184-a494-e683525303fe.jpeg\"  style=\"object-position:0% 0%\" width=\"3984\"\/>Slottsplassen i Oslo l\u00f8rdag.  Foto: Mattis Sandblad \/ VG<\/p>\n<p class=\"_paragraph_145nj_4 _paragraph_6fko5_10 layout-component text-serif-m layout-normal text-serif-m layout-padded\"><strong class=\"_strong_145nj_25\">Kjersti Lind og barna Emilie (14) og Marius (12) fra Asker m\u00f8tte p\u00e5 dronning Mette-Marit utenfor Skaugum fredag kveld. <\/strong><\/p>\n<p class=\"_paragraph_145nj_4 _paragraph_6fko5_10 layout-component text-serif-m layout-normal text-serif-m layout-padded\">P\u00e5 grunn av sykdommen m\u00e5tte hun n\u00f8ye seg med \u00e5 hilse uten h\u00e5ndtrykk. Prins Sverre Magnus tok derimot familien i h\u00e5nden.<\/p>\n<p><img alt=\"Emilie Olava Lind (14) hadde v\u00e6rt p\u00e5 turnturnering og skulle legge ned blomster ved Skaugum p\u00e5 vei hjem. Da fikk hun m\u00f8te Dronning Mette-Marit.  Foto: Kjersti Lind \/ Privat\" class=\"_image_jw3bv_65 layout-component layout-normal\" data-fullscreen- data-track-element-type=\"Article image fullscreen\" data-track-name=\"ImageFullscreen\" decoding=\"async\" loading=\"lazy\" height=\"2099\" itemprop=\"image\"  src=\"https:\/\/www.europesays.com\/no\/wp-content\/uploads\/2026\/08\/1788025574_206_e80358ec-3df1-3540-8f1b-f718892ba00a.jpeg\"  style=\"object-position:0% 0%\" width=\"2160\"\/>Emilie Olava Lind (14) hadde v\u00e6rt p\u00e5 turnturnering og skulle legge ned blomster ved Skaugum p\u00e5 vei hjem. Da fikk hun m\u00f8te Dronning Mette-Marit.  Foto: Kjersti Lind \/ Privat<\/p>\n<p class=\"_paragraph_145nj_4 _paragraph_6fko5_10 layout-component text-serif-m layout-normal text-serif-m layout-padded\"><strong class=\"_strong_145nj_25\">Dronningen fortalte i 2018 at hun var rammet av kronisk lungefibrose. <\/strong><\/p>\n<p class=\"_paragraph_145nj_4 _paragraph_6fko5_10 layout-component text-serif-m layout-normal text-serif-m layout-padded\">Sykdommen f\u00f8rer til arrdannelse i lungene, som gj\u00f8r det vanskeligere \u00e5 ta opp oksygen, og kan blant annet gi tungpust, hoste og utmattelse.<\/p>\n<p class=\"_paragraph_145nj_4 _paragraph_6fko5_10 layout-component text-serif-m layout-normal layout-padded\"><strong class=\"_strong_145nj_25\">Les ogs\u00e5:<\/strong> <a href=\"https:\/\/www.vg.no\/i\/d4vygw\" data-track-element-type=\"Link\" data-track-id=\"link:d4vygw\" class=\"_link_145nj_39\" rel=\"nofollow noopener\" target=\"_blank\">Mette-Marits sykdom: Dette er kronisk lungefibrose<\/a><\/p>\n<p>    <img decoding=\"async\" alt=\"Tips oss illustrasjon\" src=\"https:\/\/www.europesays.com\/no\/wp-content\/uploads\/2026\/08\/1788025576_387_pssst-small.webp\"\/>    <\/p>\n<p class=\"title-serif-s\">Har du tips?<\/p>\n<p class=\"text-sans-m\">Send oss informasjon, bilder eller video.<\/p>\n<p>  <a href=\"https:\/\/www.vg.no\/tips-oss\" rel=\"nofollow noopener\" target=\"_blank\"> Tips oss <\/a>      <\/p>\n","protected":false},"excerpt":{"rendered":"Den avholdes i Asker kirke s\u00f8ndag klokken 11. Kongefamilien i Stavanger domkirke i juli i fjor. Foto: Carina&hellip;\n","protected":false},"author":2,"featured_media":337568,"comment_status":"","ping_status":"","sticky":false,"template":"","format":"standard","meta":{"footnotes":"","_share_on_mastodon":"0"},"categories":[10],"tags":[31,20,21,24,25,15,26105,1222,22,23,13,30,28,29,14,16,26,27],"class_list":["post-337567","post","type-post","status-publish","format-standard","has-post-thumbnail","category-norge","tag-breaking","tag-breaking-news","tag-breakingnews","tag-featured-news","tag-featurednews","tag-headlines","tag-kong-harald-5","tag-kongefamilien","tag-latest-news","tag-latestnews","tag-news","tag-no","tag-norge","tag-norway","tag-nyheter","tag-overskrifter","tag-top-stories","tag-topstories"],"share_on_mastodon":{"url":"https:\/\/pubeurope.com\/@no\/117180052066633196","error":""},"_links":{"self":[{"href":"https:\/\/www.europesays.com\/no\/wp-json\/wp\/v2\/posts\/337567","targetHints":{"allow":["GET"]}}],"collection":[{"href":"https:\/\/www.europesays.com\/no\/wp-json\/wp\/v2\/posts"}],"about":[{"href":"https:\/\/www.europesays.com\/no\/wp-json\/wp\/v2\/types\/post"}],"author":[{"embeddable":true,"href":"https:\/\/www.europesays.com\/no\/wp-json\/wp\/v2\/users\/2"}],"replies":[{"embeddable":true,"href":"https:\/\/www.europesays.com\/no\/wp-json\/wp\/v2\/comments?post=337567"}],"version-history":[{"count":0,"href":"https:\/\/www.europesays.com\/no\/wp-json\/wp\/v2\/posts\/337567\/revisions"}],"wp:featuredmedia":[{"embeddable":true,"href":"https:\/\/www.europesays.com\/no\/wp-json\/wp\/v2\/media\/337568"}],"wp:attachment":[{"href":"https:\/\/www.europesays.com\/no\/wp-json\/wp\/v2\/media?parent=337567"}],"wp:term":[{"taxonomy":"category","embeddable":true,"href":"https:\/\/www.europesays.com\/no\/wp-json\/wp\/v2\/categories?post=337567"},{"taxonomy":"post_tag","embeddable":true,"href":"https:\/\/www.europesays.com\/no\/wp-json\/wp\/v2\/tags?post=337567"}],"curies":[{"name":"wp","href":"https:\/\/api.w.org\/{rel}","templated":true}]}}