{"id":337571,"date":"2026-08-29T17:53:19","date_gmt":"2026-08-29T17:53:19","guid":{"rendered":"https:\/\/www.europesays.com\/no\/337571\/"},"modified":"2026-08-29T17:53:19","modified_gmt":"2026-08-29T17:53:19","slug":"h-m-kong-haakon-ma-gud-bevare-landet-vart","status":"publish","type":"post","link":"https:\/\/www.europesays.com\/no\/337571\/","title":{"rendered":"H.M. Kong Haakon: \u00abM\u00e5 Gud bevare landet v\u00e5rt\u00bb"},"content":{"rendered":"\n<p class=\"_paragraph_145nj_4 _paragraph_6fko5_10 layout-component text-serif-m layout-normal text-serif-m layout-padded\">Kj\u00e6re alle sammen,<\/p>\n<p class=\"_paragraph_145nj_4 _paragraph_6fko5_10 layout-component text-serif-m layout-normal text-serif-m layout-padded\">I g\u00e5r morges klokken 06.35 d\u00f8de Hans Majestet <a href=\"https:\/\/www.vg.no\/tag\/kong-harald?utm_source=vg-article&amp;utm_medium=auto-tagger&amp;utm_campaign=oEl5wW\" class=\"_link_145nj_39\" rel=\"nofollow noopener\" target=\"_blank\">Kong Harald<\/a> V, faren min som jeg var s\u00e5 glad i.<\/p>\n<p class=\"_paragraph_145nj_4 _paragraph_6fko5_10 layout-component text-serif-m layout-normal text-serif-m layout-padded\">Vi er i sorg. Samtidig gir det tr\u00f8st og styrke at s\u00e5 mange s\u00f8rger sammen med oss. Det har v\u00e6rt en sterk og r\u00f8rende opplevelse \u00e5 se Slottsplassen bli fylt av folk, blomster, hilsener og lys. Tusen takk.<\/p>\n<p><img alt=\"Foto: Mattis Sandblad \/ VG\" class=\"_image_jw3bv_65 layout-component layout-fullwidth\" data-fullscreen- data-track-element-type=\"Article image fullscreen\" data-track-name=\"ImageFullscreen\" decoding=\"async\" loading=\"lazy\" height=\"2656\" itemprop=\"image\"  src=\"https:\/\/www.europesays.com\/no\/wp-content\/uploads\/2026\/08\/da9cf0a3-dac1-340c-a749-488ae1008f50.jpeg\"  style=\"object-position:0% 0%\" width=\"3984\"\/>Foto: Mattis Sandblad \/ VG<\/p>\n<p class=\"_paragraph_145nj_4 _paragraph_6fko5_10 layout-component text-serif-m layout-normal text-serif-m layout-padded\">Kj\u00e6re faren min, takk for at du var en s\u00e5 god pappa for M\u00e4rtha og meg. Varm og trygg. <\/p>\n<p class=\"_paragraph_145nj_4 _paragraph_6fko5_10 layout-component text-serif-m layout-normal text-serif-m layout-padded\">Ogs\u00e5 var du en lun og morsom bestefar. En kj\u00e6rlig og omtenksom ektemann. En raus svigerfar. En bror og onkel som alle var s\u00e5 glade i \u00e5 v\u00e6re sammen med. <\/p>\n<p class=\"_paragraph_145nj_4 _paragraph_6fko5_10 layout-component text-serif-m layout-normal text-serif-m layout-padded\">Du var familiens overhode, som sammen med moren min favnet og samlet oss alle med en naturlig autoritet som du kanskje ikke var helt klar over selv. <\/p>\n<p><img alt=\"Foto: Heiko Junge \/ NTB\" class=\"_image_jw3bv_65 layout-component layout-normal\" data-fullscreen- data-track-element-type=\"Article image fullscreen\" data-track-name=\"ImageFullscreen\" decoding=\"async\" loading=\"lazy\" height=\"5760\" itemprop=\"image\"  src=\"https:\/\/www.europesays.com\/no\/wp-content\/uploads\/2026\/08\/3c109441-0c15-35e7-a835-c104d7d6980d.jpeg\"  style=\"object-position:0% 0%\" width=\"8640\"\/>Foto: Heiko Junge \/ NTB<\/p>\n<p class=\"_paragraph_145nj_4 _paragraph_6fko5_10 layout-component text-serif-m layout-normal text-serif-m layout-padded\">Fremfor alt var du et menneske som alltid sto fast ved verdiene og forpliktelsene dine. Du st\u00f8ttet og tok vare p\u00e5 oss alle. Det gj\u00f8r meg stolt \u00e5 tenke p\u00e5 alt du b\u00e5de sto i \u2013 og sto opp for.<\/p>\n<p class=\"_paragraph_145nj_4 _paragraph_6fko5_10 layout-component text-serif-m layout-normal text-serif-m layout-padded\">Jeg kommer til \u00e5 savne han. Jeg vil savne latteren hans. Hans lune m\u00e5te \u00e5 m\u00f8te mennesker og situasjoner p\u00e5. Faren min fikk alltid folk rundt seg til \u00e5 slappe av.<\/p>\n<p class=\"_paragraph_145nj_4 _paragraph_6fko5_10 layout-component text-serif-m layout-normal text-serif-m layout-padded\">Han var en god lytter. Spesielt i m\u00f8te med barn og unge \u2013 som han hadde et ekstra rom i hjertet for.<\/p>\n<p class=\"_paragraph_145nj_4 _paragraph_6fko5_10 layout-component text-serif-m layout-normal text-serif-m layout-padded\">Den store, varme kongeh\u00e5nden la seg v\u00e1rt omkring b\u00e5de sm\u00e5 og store som trengte et ekstra h\u00e5ndtrykk. Han m\u00f8tte alle med respekt og raushet \u2013 og gjorde aldri forskjell p\u00e5 folk.<\/p>\n<p class=\"_paragraph_145nj_4 _paragraph_6fko5_10 layout-component text-serif-m layout-normal text-serif-m layout-padded\">Han reiste for \u00e5 tr\u00f8ste de som var rammet av orkan \u2013 kledd i boblejakke og gummist\u00f8vler.<\/p>\n<p><img alt=\"Kong Harald bes\u00f8kte Rovde p\u00e5 Sunnm\u00f8re etter orkanen p\u00e5 Vestlandet i 1992.  Foto: Tom-Egil Jensen \/ VG\" class=\"_image_jw3bv_65 layout-component layout-normal\" data-fullscreen- data-track-element-type=\"Article image fullscreen\" data-track-name=\"ImageFullscreen\" decoding=\"async\" loading=\"lazy\" height=\"1550\" itemprop=\"image\"  src=\"https:\/\/www.europesays.com\/no\/wp-content\/uploads\/2026\/08\/18f6d779-2ce7-39fe-8b26-917d22b45a5d.jpeg\"  style=\"object-position:0% 0%\" width=\"2389\"\/>Kong Harald bes\u00f8kte Rovde p\u00e5 Sunnm\u00f8re etter orkanen p\u00e5 Vestlandet i 1992.  Foto: Tom-Egil Jensen \/ VG<\/p>\n<p class=\"_paragraph_145nj_4 _paragraph_6fko5_10 layout-component text-serif-m layout-normal text-serif-m layout-padded\">Han ba samene om unnskyldning for urett som var beg\u00e5tt mot dem \u2013 p\u00e5 vegne av oss alle.<br \/>Han gr\u00e5t med oss etter at vi hadde mistet s\u00e5 mange p\u00e5 Ut\u00f8ya og i regjeringskvartalet.<\/p>\n<p class=\"_paragraph_145nj_4 _paragraph_6fko5_10 layout-component text-serif-m layout-normal text-serif-m layout-padded\">Han samlet oss ved \u00e5 sette ord p\u00e5 hvem vi nordmenn er.<\/p>\n<p><img alt=\"Foto: Cornelius Poppe \/ NTB\" class=\"_image_jw3bv_65 layout-component layout-normal\" data-fullscreen- data-track-element-type=\"Article image fullscreen\" data-track-name=\"ImageFullscreen\" decoding=\"async\" loading=\"lazy\" height=\"3264\" itemprop=\"image\"  src=\"https:\/\/www.europesays.com\/no\/wp-content\/uploads\/2026\/08\/5fd89ef6-9b49-3de5-9ec0-c5787d844d2e.jpeg\"  style=\"object-position:0% 0%\" width=\"4896\"\/>Foto: Cornelius Poppe \/ NTB<\/p>\n<p class=\"_paragraph_145nj_4 _paragraph_6fko5_10 layout-component text-serif-m layout-normal text-serif-m layout-padded\">Jeg ser han for meg i seilb\u00e5ten \u2013 med caps, solbriller og rungende latter. Der han kunne v\u00e6re bare seg selv, f\u00e5 energi og masse glede \u2013 i konkurranse med andre lidenskapelige seilere.<\/p>\n<p><img alt=\"Kong Harald om bord i sin seilb\u00e5t Sira i forbindelse med VM for 8-metere i Langenargen s\u00f8r i Tyskland i 2018.  Foto: FELIX KASTLE \/ DPA \/ NTB\" class=\"_image_jw3bv_65 layout-component layout-normal\" data-fullscreen- data-track-element-type=\"Article image fullscreen\" data-track-name=\"ImageFullscreen\" decoding=\"async\" loading=\"lazy\" height=\"3684\" itemprop=\"image\"  src=\"https:\/\/www.europesays.com\/no\/wp-content\/uploads\/2026\/08\/a0f53afc-5d49-3034-9800-20d5455618e6.jpeg\"  style=\"object-position:0% 0%\" width=\"5524\"\/>Kong Harald om bord i sin seilb\u00e5t Sira i forbindelse med VM for 8-metere i Langenargen s\u00f8r i Tyskland i 2018.  Foto: FELIX KASTLE \/ DPA \/ NTB<\/p>\n<p class=\"_paragraph_145nj_4 _paragraph_6fko5_10 layout-component text-serif-m layout-normal text-serif-m layout-padded\">Og bildet av det store smilet hans i hengek\u00f8ya i Amazonas \u2013 hvor han endelig fikk oppfylt guttedr\u00f8mmen om \u00e5 leve noen dager sammen med yanomamifolket. <\/p>\n<p><img alt=\"Kong Harald sov i hengek\u00f8ye for f\u00f8rste gang i sitt liv under et bes\u00f8k til regnskogen i Brasil i 2013.  Foto: Regnskogfondet Norge\/ISA Brasil\" class=\"_image_jw3bv_65 layout-component layout-wide\" data-fullscreen- data-track-element-type=\"Article image fullscreen\" data-track-name=\"ImageFullscreen\" decoding=\"async\" loading=\"lazy\" height=\"3450\" itemprop=\"image\"  src=\"https:\/\/www.europesays.com\/no\/wp-content\/uploads\/2026\/08\/5874ca8f-c426-3244-9fa8-eb5aef0196b1.jpeg\"  style=\"object-position:0% 0%\" width=\"2304\"\/>Kong Harald sov i hengek\u00f8ye for f\u00f8rste gang i sitt liv under et bes\u00f8k til regnskogen i Brasil i 2013.  Foto: Regnskogfondet Norge\/ISA Brasil<\/p>\n<p class=\"_paragraph_145nj_4 _paragraph_6fko5_10 layout-component text-serif-m layout-normal text-serif-m layout-padded\">En dr\u00f8m som oppsto av engasjement for \u00e5 ta vare p\u00e5 verdens dyr og natur.<\/p>\n<p class=\"_paragraph_145nj_4 _paragraph_6fko5_10 layout-component text-serif-m layout-normal text-serif-m layout-padded\">Jeg vet at mange av dere ogs\u00e5 vil savne mye av dette.<\/p>\n<p class=\"_paragraph_145nj_4 _paragraph_6fko5_10 layout-component text-serif-m layout-normal text-serif-m layout-padded\">Over hele landet \u2013 og ute i verden \u2013 finnes tusenvis av mennesker som i dag setter minnene de har fra m\u00f8ter med han ekstra h\u00f8yt. Minner som vil leve videre i folks hjerter og familiehistorier.<\/p>\n<p><img alt=\"Foto: Amanda Pedersen Giske \/ NTB\" class=\"_image_jw3bv_65 layout-component layout-normal\" data-fullscreen- data-track-element-type=\"Article image fullscreen\" data-track-name=\"ImageFullscreen\" decoding=\"async\" loading=\"lazy\" height=\"5058\" itemprop=\"image\"  src=\"https:\/\/www.europesays.com\/no\/wp-content\/uploads\/2026\/08\/9329a549-485f-34c0-b124-6c18b3645b00.jpeg\"  style=\"object-position:0% 0%\" width=\"7587\"\/>Foto: Amanda Pedersen Giske \/ NTB<\/p>\n<p class=\"_paragraph_145nj_4 _paragraph_6fko5_10 layout-component text-serif-m layout-normal text-serif-m layout-padded\">Som konge representerte faren min Norge og nordmenn med stolthet og glede. Gjennom bes\u00f8k rundt i landet, ved arrangementer her p\u00e5 Slottet, og p\u00e5 jobb for Norge ute i verden.<\/p>\n<p class=\"_paragraph_145nj_4 _paragraph_6fko5_10 layout-component text-serif-m layout-normal text-serif-m layout-padded\">I sn\u00f8drevet p\u00e5 langrennsstadion.<\/p>\n<p class=\"_paragraph_145nj_4 _paragraph_6fko5_10 layout-component text-serif-m layout-normal text-serif-m layout-padded\">P\u00e5 Slottsbalkongen 17. mai.<\/p>\n<p class=\"_paragraph_145nj_4 _paragraph_6fko5_10 layout-component text-serif-m layout-normal text-serif-m layout-padded\">P\u00e5 statsbes\u00f8k hos Nelson Mandela.<\/p>\n<p><img alt=\"Kong Harald og dronning Sonja (i bakgrunnen) ble tatt imot avpresident Nelson Mandela ved ankomsten i Cape Town i 1998.  Foto: Lise \u00c5serud \/ NTB\" class=\"_image_jw3bv_65 layout-component layout-normal\" data-fullscreen- data-track-element-type=\"Article image fullscreen\" data-track-name=\"ImageFullscreen\" decoding=\"async\" loading=\"lazy\" height=\"3685\" itemprop=\"image\"  src=\"https:\/\/www.europesays.com\/no\/wp-content\/uploads\/2026\/08\/041d87bd-2410-3057-8823-8e252b725945.jpeg\"  style=\"object-position:0% 0%\" width=\"4268\"\/>Kong Harald og dronning Sonja (i bakgrunnen) ble tatt imot avpresident Nelson Mandela ved ankomsten i Cape Town i 1998.  Foto: Lise \u00c5serud \/ NTB<\/p>\n<p class=\"_paragraph_145nj_4 _paragraph_6fko5_10 layout-component text-serif-m layout-normal text-serif-m layout-padded\">Det var ogs\u00e5 en stor styrke for ham \u00e5 ha moren min, Dronning Sonja, som en livspartner \u00e5 dele gjerningen med. <\/p>\n<p class=\"_paragraph_145nj_4 _paragraph_6fko5_10 layout-component text-serif-m layout-normal text-serif-m layout-padded\">Hun bidro til at de sammen ble et sterkt kongepar som utfylte hverandre godt. Jeg vet hvor mye hun betydde for at Kong Harald sto s\u00e5 st\u00f8tt i livsgjerningen sin. I livsgjerningen de delte. I dag er det 58 \u00e5r siden de giftet seg. <\/p>\n<p class=\"_paragraph_145nj_4 _paragraph_6fko5_10 layout-component text-serif-m layout-normal text-serif-m layout-padded\">Gratulerer med bryllupsdagen, kj\u00e6re mamma.<\/p>\n<p><img alt=\"Kong Harald og dronning Sonja bes\u00f8kte 9. juni 2026.  Foto: Mattis Sandblad \/ VG\" class=\"_image_jw3bv_65 layout-component layout-normal\" data-fullscreen- data-track-element-type=\"Article image fullscreen\" data-track-name=\"ImageFullscreen\" decoding=\"async\" loading=\"lazy\" height=\"4000\" itemprop=\"image\"  src=\"https:\/\/www.europesays.com\/no\/wp-content\/uploads\/2026\/08\/7f57fc0b-c227-395b-b016-b69d3e1107a7.jpeg\"  style=\"object-position:0% 0%\" width=\"6000\"\/>Kong Harald og dronning Sonja bes\u00f8kte 9. juni 2026.  Foto: Mattis Sandblad \/ VG<\/p>\n<p class=\"_paragraph_145nj_4 _paragraph_6fko5_10 layout-component text-serif-m layout-normal text-serif-m layout-padded\">Kong Harald fulgte landet v\u00e5rt i en periode med store forandringer. <\/p>\n<p class=\"_paragraph_145nj_4 _paragraph_6fko5_10 layout-component text-serif-m layout-normal text-serif-m layout-padded\">Fra han som \u00e5tte\u00e5ring satte bena p\u00e5 R\u00e5dhuskaia ved hjemkomsten etter andre verdenskrig \u2013 fram til i dag \u2013 har Norge gjennomg\u00e5tt en stor positiv utvikling.<\/p>\n<p class=\"_paragraph_145nj_4 _paragraph_6fko5_10 layout-component text-serif-m layout-normal text-serif-m layout-padded\">I dag er vi et velferdssamfunn \u2013 der mennesker med ulik bakgrunn lever sammen og finner ut av det med hverandre.<\/p>\n<p class=\"_paragraph_145nj_4 _paragraph_6fko5_10 layout-component text-serif-m layout-normal text-serif-m layout-padded\">Samtidig er verden igjen mer utrygg og uforutsigbar enn den har v\u00e6rt gjennom st\u00f8rstedelen av Kong Haralds regenttid. Noe som ogs\u00e5 p\u00e5virker oss her i landet og har bragt et nytt alvor innover oss.<\/p>\n<p class=\"_paragraph_145nj_4 _paragraph_6fko5_10 layout-component text-serif-m layout-normal text-serif-m layout-padded\">N\u00e5r faren min n\u00e5 har g\u00e5tt bort, er det en stor oppgave som venter meg.<\/p>\n<p class=\"_paragraph_145nj_4 _paragraph_6fko5_10 layout-component text-serif-m layout-normal text-serif-m layout-padded\">Han minte stadig oss i familien p\u00e5 at hver og en m\u00e5 gj\u00f8re ting p\u00e5 sin egen m\u00e5te. Finne sin egen form. V\u00e6re seg selv. Han etterfulgte sin far Kong Olav \u2013 som igjen etterfulgte sin far Kong Haakon.<\/p>\n<p class=\"_paragraph_145nj_4 _paragraph_6fko5_10 layout-component text-serif-m layout-normal text-serif-m layout-padded\">N\u00e5 er det min tur.<\/p>\n<p><img alt=\"Kong Harald og dav\u00e6rende kronprins Haakon under begravelsen til kong Olav i 1991.  Foto: Lise \u00c5serud \/ NTB\" class=\"_image_jw3bv_65 layout-component layout-normal\" data-fullscreen- data-track-element-type=\"Article image fullscreen\" data-track-name=\"ImageFullscreen\" decoding=\"async\" loading=\"lazy\" height=\"3233\" itemprop=\"image\"  src=\"https:\/\/www.europesays.com\/no\/wp-content\/uploads\/2026\/08\/47f9df03-a072-378c-baf0-b2a89c49bda0.jpeg\"  style=\"object-position:0% 0%\" width=\"4857\"\/>Kong Harald og dav\u00e6rende kronprins Haakon under begravelsen til kong Olav i 1991.  Foto: Lise \u00c5serud \/ NTB<\/p>\n<p class=\"_paragraph_145nj_4 _paragraph_6fko5_10 layout-component text-serif-m layout-normal text-serif-m layout-padded\">Jeg er dypt takknemlig for \u00e5 ha familien min rundt meg, og for den store st\u00f8tten Dronning Mette-Marit og barna v\u00e5re er for meg.<\/p>\n<p class=\"_paragraph_145nj_4 _paragraph_6fko5_10 layout-component text-serif-m layout-normal text-serif-m layout-padded\">Jeg vil ogs\u00e5 takke moren min og s\u00f8steren min for styrken de deler n\u00e5r de selv st\u00e5r midt i sorgen over tapet av en elsket ektemann og far.<\/p>\n<p class=\"_paragraph_145nj_4 _paragraph_6fko5_10 layout-component text-serif-m layout-normal text-serif-m layout-padded\">Familien v\u00e5r har erfart viktigheten av \u00e5 st\u00e5 sammen for \u00e5 st\u00e5 st\u00f8tt \u2013 b\u00e5de i oss selv og for hverandre. Ogs\u00e5 i vanskelige tider.<\/p>\n<p><img alt=\"Kong Haakon og dronning Mette-Marit forlot kapellet ved Rikshospitalet fredag.  Foto: Terje Pedersen \/ NTB\" class=\"_image_jw3bv_65 layout-component layout-normal\" data-fullscreen- data-track-element-type=\"Article image fullscreen\" data-track-name=\"ImageFullscreen\" decoding=\"async\" loading=\"lazy\" height=\"1500\" itemprop=\"image\"  src=\"https:\/\/www.europesays.com\/no\/wp-content\/uploads\/2026\/08\/8d9a9ff9-4551-363e-b533-5b5e5ceae136.jpeg\"  style=\"object-position:0% 0%\" width=\"2242\"\/>Kong Haakon og dronning Mette-Marit forlot kapellet ved Rikshospitalet fredag.  Foto: Terje Pedersen \/ NTB<\/p>\n<p class=\"_paragraph_145nj_4 _paragraph_6fko5_10 layout-component text-serif-m layout-normal text-serif-m layout-padded\">Samholdet v\u00e5rt er en stor styrke for den jobben vi skal gj\u00f8re for Norge.<\/p>\n<p class=\"_paragraph_145nj_4 _paragraph_6fko5_10 layout-component text-serif-m layout-normal text-serif-m layout-padded\">Etter Kong Haralds lange og innholdsrike kongsgjerning er det n\u00e5 vi som skal f\u00f8lge hverandre inn i en ny tid. Dronning Mette-Marit og jeg \u00f8nsker \u00e5 v\u00e6re n\u00e6rv\u00e6rende og lyttende. <\/p>\n<p class=\"_paragraph_145nj_4 _paragraph_6fko5_10 layout-component text-serif-m layout-normal text-serif-m layout-padded\">Dronningen, Kronprinsesse Ingrid Alexandra og jeg vil alltid fors\u00f8ke \u00e5 forst\u00e5 ulike menneskers livssituasjon.<\/p>\n<p class=\"_paragraph_145nj_4 _paragraph_6fko5_10 layout-component text-serif-m layout-normal text-serif-m layout-padded\">Ingen vet i dag hva vi som bor i dette landet skal m\u00f8te sammen. Men det vi vet, er at vi skal f\u00f8lge hverandre gjennom b\u00e5de gode og vanskelige dager.<\/p>\n<p><img alt=\"Kong Haakon og kronprinsesse Ingrid Alexandra forlater Slottet l\u00f8rdag kveld.  Foto: G\u00f8ran Bohlin \/ VG\" class=\"_image_jw3bv_65 layout-component layout-normal\" data-fullscreen- data-track-element-type=\"Article image fullscreen\" data-track-name=\"ImageFullscreen\" decoding=\"async\" loading=\"lazy\" height=\"4096\" itemprop=\"image\"  src=\"https:\/\/www.europesays.com\/no\/wp-content\/uploads\/2026\/08\/8424266b-fb84-3f80-bb73-61735884d95c.jpeg\"  style=\"object-position:0% 0%\" width=\"6144\"\/>Kong Haakon og kronprinsesse Ingrid Alexandra forlater Slottet l\u00f8rdag kveld.  Foto: G\u00f8ran Bohlin \/ VG<\/p>\n<p class=\"_paragraph_145nj_4 _paragraph_6fko5_10 layout-component text-serif-m layout-normal text-serif-m layout-padded\">Vi tror p\u00e5 et Norge der vi st\u00e5r trygt forankret i historien v\u00e5r, i det som har formet oss over tid.<\/p>\n<p class=\"_paragraph_145nj_4 _paragraph_6fko5_10 layout-component text-serif-m layout-normal text-serif-m layout-padded\">Vi tror p\u00e5 folkestyret v\u00e5rt \u2013 og p\u00e5 demokratiet.<\/p>\n<p class=\"_paragraph_145nj_4 _paragraph_6fko5_10 layout-component text-serif-m layout-normal text-serif-m layout-padded\">Vi tror p\u00e5 et samfunn bygget p\u00e5 lov og rett \u2013 og der alle er like mye verdt.<\/p>\n<p class=\"_paragraph_145nj_4 _paragraph_6fko5_10 layout-component text-serif-m layout-normal text-serif-m layout-padded\">Et samfunn der vi ser og anerkjenner hverandres ressurser \u2013 s\u00e5 vi sammen kan skape et Norge der alle f\u00e5r bidra og f\u00f8le seg hjemme.<\/p>\n<p class=\"_paragraph_145nj_4 _paragraph_6fko5_10 layout-component text-serif-m layout-normal text-serif-m layout-padded\">Vi tror p\u00e5 et Norge der det er plass til alle.<\/p>\n<p class=\"_paragraph_145nj_4 _paragraph_6fko5_10 layout-component text-serif-m layout-normal text-serif-m layout-padded\">Vi skal kjenne styrken ved fellesskapet v\u00e5rt \u2013 og vite med oss selv at vi er ett folk.<\/p>\n<p><img alt=\"Klemmer utveksles i Oslos gater n\u00e5r kongens b\u00e5re kj\u00f8res til Slottet.  Foto: Annemor Larsen \/ VG\" class=\"_image_jw3bv_65 layout-component layout-normal\" data-fullscreen- data-track-element-type=\"Article image fullscreen\" data-track-name=\"ImageFullscreen\" decoding=\"async\" loading=\"lazy\" height=\"4000\" itemprop=\"image\"  src=\"https:\/\/www.europesays.com\/no\/wp-content\/uploads\/2026\/08\/7ae3db92-bbd0-39ba-8811-57293832904a.jpeg\"  style=\"object-position:0% 0%\" width=\"6000\"\/>Klemmer utveksles i Oslos gater n\u00e5r kongens b\u00e5re kj\u00f8res til Slottet.  Foto: Annemor Larsen \/ VG<\/p>\n<p class=\"_paragraph_145nj_4 _paragraph_6fko5_10 layout-component text-serif-m layout-normal text-serif-m layout-padded\">Kj\u00e6re alle sammen,<\/p>\n<p class=\"_paragraph_145nj_4 _paragraph_6fko5_10 layout-component text-serif-m layout-normal text-serif-m layout-padded\">I dag f\u00f8ler jeg p\u00e5 en stor takknemlig overfor de som har g\u00e5tt foran meg. Alle var konger for sin tid. De var elsket, respektert og betydde mye for mange. Jeg har l\u00e6rt mye av dem alle.<\/p>\n<p class=\"_paragraph_145nj_4 _paragraph_6fko5_10 layout-component text-serif-m layout-normal text-serif-m layout-padded\">I likhet med Kong Haakon, Kong Olav og Kong Harald tar jeg valgspr\u00e5ket \u2013 \u00abAlt for Norge\u00bb.<\/p>\n<p class=\"_paragraph_145nj_4 _paragraph_6fko5_10 layout-component text-serif-m layout-normal text-serif-m layout-padded\">\u00abAlt for Norge\u00bb betyr \u00e5 kjempe for at alle i Norge skal ha mulighet til \u00e5 leve frie liv. Det inneb\u00e6rer ogs\u00e5 et ansvar for at vi som nasjon bidrar positivt i verden.<\/p>\n<p class=\"_paragraph_145nj_4 _paragraph_6fko5_10 layout-component text-serif-m layout-normal text-serif-m layout-padded\">Og det betyr \u2013 i ytterste konsekvens \u2013 \u00e5 v\u00e6re villig til \u00e5 risikere alt, ogs\u00e5 livet, for Norges frihet og selvstendighet.<\/p>\n<p class=\"_paragraph_145nj_4 _paragraph_6fko5_10 layout-component text-serif-m layout-normal text-serif-m layout-padded\">For dets fred sl\u00e5r leir.<\/p>\n<p class=\"_paragraph_145nj_4 _paragraph_6fko5_10 layout-component text-serif-m layout-normal text-serif-m layout-padded\">I dag er vi en familie i sorg, og et folk i sorg.<\/p>\n<p class=\"_paragraph_145nj_4 _paragraph_6fko5_10 layout-component text-serif-m layout-normal text-serif-m layout-padded\">Vi takker kong Harald for alt han var og alt han gjorde \u2013 for Norge, \u2013 for alle i landet v\u00e5rt.<\/p>\n<p class=\"_paragraph_145nj_4 _paragraph_6fko5_10 layout-component text-serif-m layout-normal text-serif-m layout-padded\">Med Guds hjelp og folkets st\u00f8tte ser jeg fram mot den store oppgaven som ligger foran meg.<\/p>\n<p class=\"_paragraph_145nj_4 _paragraph_6fko5_10 layout-component text-serif-m layout-normal text-serif-m layout-padded\">Jeg ber om at vi alle samles om det gamle \u00f8nsket:<\/p>\n<p class=\"_paragraph_145nj_4 _paragraph_6fko5_10 layout-component text-serif-m layout-normal text-serif-m layout-padded\">M\u00e5 Gud bevare landet v\u00e5rt.<\/p>\n","protected":false},"excerpt":{"rendered":"Kj\u00e6re alle sammen, I g\u00e5r morges klokken 06.35 d\u00f8de Hans Majestet Kong Harald V, faren min som jeg&hellip;\n","protected":false},"author":2,"featured_media":337572,"comment_status":"","ping_status":"","sticky":false,"template":"","format":"standard","meta":{"footnotes":"","_share_on_mastodon":"0"},"categories":[10],"tags":[20,21,24,25,15,26105,22,23,13,30,28,29,14,16,26,27],"class_list":["post-337571","post","type-post","status-publish","format-standard","has-post-thumbnail","category-norge","tag-breaking-news","tag-breakingnews","tag-featured-news","tag-featurednews","tag-headlines","tag-kong-harald-5","tag-latest-news","tag-latestnews","tag-news","tag-no","tag-norge","tag-norway","tag-nyheter","tag-overskrifter","tag-top-stories","tag-topstories"],"share_on_mastodon":{"url":"https:\/\/pubeurope.com\/@no\/117180079792553699","error":""},"_links":{"self":[{"href":"https:\/\/www.europesays.com\/no\/wp-json\/wp\/v2\/posts\/337571","targetHints":{"allow":["GET"]}}],"collection":[{"href":"https:\/\/www.europesays.com\/no\/wp-json\/wp\/v2\/posts"}],"about":[{"href":"https:\/\/www.europesays.com\/no\/wp-json\/wp\/v2\/types\/post"}],"author":[{"embeddable":true,"href":"https:\/\/www.europesays.com\/no\/wp-json\/wp\/v2\/users\/2"}],"replies":[{"embeddable":true,"href":"https:\/\/www.europesays.com\/no\/wp-json\/wp\/v2\/comments?post=337571"}],"version-history":[{"count":0,"href":"https:\/\/www.europesays.com\/no\/wp-json\/wp\/v2\/posts\/337571\/revisions"}],"wp:featuredmedia":[{"embeddable":true,"href":"https:\/\/www.europesays.com\/no\/wp-json\/wp\/v2\/media\/337572"}],"wp:attachment":[{"href":"https:\/\/www.europesays.com\/no\/wp-json\/wp\/v2\/media?parent=337571"}],"wp:term":[{"taxonomy":"category","embeddable":true,"href":"https:\/\/www.europesays.com\/no\/wp-json\/wp\/v2\/categories?post=337571"},{"taxonomy":"post_tag","embeddable":true,"href":"https:\/\/www.europesays.com\/no\/wp-json\/wp\/v2\/tags?post=337571"}],"curies":[{"name":"wp","href":"https:\/\/api.w.org\/{rel}","templated":true}]}}