{"id":337617,"date":"2026-08-29T19:13:17","date_gmt":"2026-08-29T19:13:17","guid":{"rendered":"https:\/\/www.europesays.com\/no\/337617\/"},"modified":"2026-08-29T19:13:17","modified_gmt":"2026-08-29T19:13:17","slug":"folk-tar-farvel-med-kong-harald","status":"publish","type":"post","link":"https:\/\/www.europesays.com\/no\/337617\/","title":{"rendered":"Folk tar farvel med kong Harald"},"content":{"rendered":"\n<p class=\"_paragraph_145nj_4 _paragraph_6fko5_10 layout-component text-serif-m layout-normal text-serif-m layout-padded\"><strong class=\"_strong_145nj_25\">Folk tar farvel med <a href=\"https:\/\/www.vg.no\/tag\/kong-harald?utm_source=vg-article&amp;utm_medium=auto-tagger&amp;utm_campaign=K8qwE7\" class=\"_link_145nj_39\" rel=\"nofollow noopener\" target=\"_blank\">kong Harald<\/a> med blomster, lys og hilsener landet over.<\/strong><\/p>\n<p class=\"_paragraph_145nj_4 _paragraph_6fko5_10 layout-component text-serif-m layout-normal text-serif-m layout-padded\">S\u00f8rgende nordmenn \u00e6rer avd\u00f8de kong Harald p\u00e5 mange forskjellige vis l\u00f8rdag. Mange tenner lys og legger ned blomster og hilsener, og blomsterhav vokser fram en rekke steder i Norge.<\/p>\n<p><img alt=\"\" class=\"_image_jw3bv_65 layout-component layout-left\" data-fullscreen- data-track-element-type=\"Article image fullscreen\" data-track-name=\"ImageFullscreen\" decoding=\"async\" loading=\"lazy\" height=\"1121\" itemprop=\"image\"  src=\"https:\/\/www.europesays.com\/no\/wp-content\/uploads\/2026\/08\/f8c7e626-463e-38a8-a980-941791a2b02a.jpeg\"  style=\"object-position:0% 0%\" width=\"1682\"\/><img alt=\"\" class=\"_image_jw3bv_65 layout-component layout-right\" data-fullscreen- data-track-element-type=\"Article image fullscreen\" data-track-name=\"ImageFullscreen\" decoding=\"async\" loading=\"lazy\" height=\"4000\" itemprop=\"image\"  src=\"https:\/\/www.europesays.com\/no\/wp-content\/uploads\/2026\/08\/ba30bc3b-9607-320e-bda0-4c52a131405a.jpeg\"  style=\"object-position:0% 0%\" width=\"6000\"\/><img alt=\"Foto: Mattis Sandblad \/ VG\" class=\"_image_jw3bv_65 layout-component layout-left\" data-fullscreen- data-track-element-type=\"Article image fullscreen\" data-track-name=\"ImageFullscreen\" decoding=\"async\" loading=\"lazy\" height=\"4000\" itemprop=\"image\"  src=\"https:\/\/www.europesays.com\/no\/wp-content\/uploads\/2026\/08\/edef8448-4ae6-3672-9241-68d662387838.jpeg\"  style=\"object-position:0% 0%\" width=\"6000\"\/>Foto: Mattis Sandblad \/ VG<\/p>\n<p class=\"_paragraph_145nj_4 _paragraph_6fko5_10 layout-component text-serif-m layout-normal text-serif-m layout-padded\">S\u00f8strene Ingrid og Julie Ligaarden Flateb\u00f8 er bare fire og fem \u00e5r gamle. <\/p>\n<p class=\"_paragraph_145nj_4 _paragraph_6fko5_10 layout-component text-serif-m layout-normal text-serif-m layout-padded\">\u2013 De er veldig opptatte av prinsesser og dronninger, sier mor Ellen Flateb\u00f8. <\/p>\n<p class=\"_paragraph_145nj_4 _paragraph_6fko5_10 layout-component text-serif-m layout-normal text-serif-m layout-padded\">N\u00e5r familien bestemte seg for \u00e5 bes\u00f8ke Slottsplassen l\u00f8rdag, var det derfor ingen tvil om hva de skulle ha p\u00e5 seg. <\/p>\n<p><img alt=\"Foto: Foto: G\u00f8ran Bohlin \/ VG\" class=\"_image_jw3bv_65 layout-component layout-fullwidth\" data-fullscreen- data-track-element-type=\"Article image fullscreen\" data-track-name=\"ImageFullscreen\" decoding=\"async\" loading=\"lazy\" height=\"5504\" itemprop=\"image\"  src=\"https:\/\/www.europesays.com\/no\/wp-content\/uploads\/2026\/08\/ff9338c4-e7aa-39aa-a816-34d8c516dbaf.jpeg\"  style=\"object-position:0% 0%\" width=\"8256\"\/>Foto: Foto: G\u00f8ran Bohlin \/ VG<\/p>\n<p class=\"_paragraph_145nj_4 _paragraph_6fko5_10 layout-component text-serif-m layout-normal text-serif-m layout-padded\">Eirik Sognnes gikk rundt Den bl\u00e5 steinen og leste de mange hilsningene som er lagt ned blant blomster og lys. <\/p>\n<p class=\"_paragraph_145nj_4 _paragraph_6fko5_10 layout-component text-serif-m layout-normal text-serif-m layout-padded\">\u2013 Kong Harald har betydd mye for meg, og spesielt for meg som homofil. Den talen han holdt gjorde et s\u00e5 sterkt inntrykk ikke minst fordi ordene kom fra landets \u00f8verste leder. <\/p>\n<p><img alt=\"Foto: Paul S. Amundsen \/ VG\" class=\"_image_jw3bv_65 layout-component layout-fullwidth\" data-fullscreen- data-track-element-type=\"Article image fullscreen\" data-track-name=\"ImageFullscreen\" decoding=\"async\" loading=\"lazy\" height=\"4164\" itemprop=\"image\"  src=\"https:\/\/www.europesays.com\/no\/wp-content\/uploads\/2026\/08\/5a2b6526-7127-378e-b9c7-cdaca6c8271a.jpeg\"  style=\"object-position:0% 0%\" width=\"6243\"\/>Foto: Paul S. Amundsen \/ VG<\/p>\n<p class=\"_paragraph_145nj_4 _paragraph_6fko5_10 layout-component text-serif-m layout-normal text-serif-m layout-padded\">Elliot (7) og Selda Sk\u00e5levik (3) har tatt med hvite blomster til Den bl\u00e5 steinen i Bergen.<\/p>\n<p class=\"_paragraph_145nj_4 _paragraph_6fko5_10 layout-component text-serif-m layout-normal text-serif-m layout-padded\">Ikledd sort dress og slips beskriver Elliot kongen som en grei og snill mann.<\/p>\n<p><img alt=\"\" class=\"_image_jw3bv_65 layout-component layout-left\" data-fullscreen- data-track-element-type=\"Article image fullscreen\" data-track-name=\"ImageFullscreen\" decoding=\"async\" loading=\"lazy\" height=\"4164\" itemprop=\"image\"  src=\"https:\/\/www.europesays.com\/no\/wp-content\/uploads\/2026\/08\/0a0adbc5-19e4-310b-b4b6-ccc20e6eb401.jpeg\"  style=\"object-position:0% 0%\" width=\"6243\"\/><img alt=\"\" class=\"_image_jw3bv_65 layout-component layout-right\" data-fullscreen- data-track-element-type=\"Article image fullscreen\" data-track-name=\"ImageFullscreen\" decoding=\"async\" loading=\"lazy\" height=\"4473\" itemprop=\"image\"  src=\"https:\/\/www.europesays.com\/no\/wp-content\/uploads\/2026\/08\/8e9ab67e-efe6-35d8-a414-df3a9be488a4.jpeg\"  style=\"object-position:0% 0%\" width=\"6706\"\/><img alt=\"Foto: Paul S. Amundsen \/ VG\" class=\"_image_jw3bv_65 layout-component layout-left\" data-fullscreen- data-track-element-type=\"Article image fullscreen\" data-track-name=\"ImageFullscreen\" decoding=\"async\" loading=\"lazy\" height=\"2108\" itemprop=\"image\"  src=\"https:\/\/www.europesays.com\/no\/wp-content\/uploads\/2026\/08\/a36db95a-0b48-345f-9b96-f4eecab8fdef.jpeg\"  style=\"object-position:0% 0%\" width=\"3160\"\/>Foto: Paul S. Amundsen \/ VG<\/p>\n<p class=\"_paragraph_145nj_4 _paragraph_6fko5_10 layout-component text-serif-m layout-normal text-serif-m layout-padded\">L\u00f8rdag formiddag vokste det fram en lang k\u00f8 foran Nidarosdomen i Trondheim av folk som ville inn for \u00e5 signere kondolanseprotokollen som var lagt fram. Tilsvarende protokoller legges ut i alle landets kommuner og finnes ogs\u00e5 p\u00e5\u00a0<a href=\"https:\/\/www.kongehuset.no\/nyheter\/kondolanseprotokoll-kong-harald\" class=\"_link_145nj_39\" rel=\"nofollow noopener\" target=\"_blank\">nett<\/a>. <\/p>\n<p class=\"_paragraph_145nj_4 _paragraph_6fko5_10 layout-component text-serif-m layout-normal text-serif-m layout-padded\">Foran Stiftsg\u00e5rden, kongens residens i byen, bugnet det av blomster, og lysene sto tett.<\/p>\n<p><img alt=\"Foto: Hanna Johre \/ NTB\" class=\"_image_jw3bv_65 layout-component layout-left\" data-fullscreen- data-track-element-type=\"Article image fullscreen\" data-track-name=\"ImageFullscreen\" decoding=\"async\" loading=\"lazy\" height=\"5464\" itemprop=\"image\"  src=\"https:\/\/www.europesays.com\/no\/wp-content\/uploads\/2026\/08\/05c8cf5c-8dff-3f45-b01a-bad15a37af3e.jpeg\"  style=\"object-position:0% 0%\" width=\"8192\"\/>Foto: Hanna Johre \/ NTB<img alt=\"Foto: Jan Langhaug \/ NTB\" class=\"_image_jw3bv_65 layout-component layout-right\" data-fullscreen- data-track-element-type=\"Article image fullscreen\" data-track-name=\"ImageFullscreen\" decoding=\"async\" loading=\"lazy\" height=\"3325\" itemprop=\"image\"  src=\"https:\/\/www.europesays.com\/no\/wp-content\/uploads\/2026\/08\/119298cb-cde4-34b9-88ba-c1805c504fe1.jpeg\"  style=\"object-position:0% 0%\" width=\"4988\"\/>Foto: Jan Langhaug \/ NTB<img alt=\"Foto: Line M\u00f8ller \/ VG\" class=\"_image_jw3bv_65 layout-component layout-left\" data-fullscreen- data-track-element-type=\"Article image fullscreen\" data-track-name=\"ImageFullscreen\" decoding=\"async\" loading=\"lazy\" height=\"5504\" itemprop=\"image\"  src=\"https:\/\/www.europesays.com\/no\/wp-content\/uploads\/2026\/08\/1fae8195-b55e-3749-9fa2-1bd71cf215c2.jpeg\"  style=\"object-position:0% 0%\" width=\"8256\"\/>Foto: Line M\u00f8ller \/ VG<\/p>\n<p class=\"_paragraph_145nj_4 _paragraph_6fko5_10 layout-component text-serif-m layout-normal text-serif-m layout-padded\">I Stavanger samlet mange seg ved domkirken, der blomstene dekket kirketrappen p\u00e5 en regnfull l\u00f8rdag.<\/p>\n<p><img alt=\"Foto: Line M\u00f8ller \/ VG\" class=\"_image_jw3bv_65 layout-component layout-left\" data-fullscreen- data-track-element-type=\"Article image fullscreen\" data-track-name=\"ImageFullscreen\" decoding=\"async\" loading=\"lazy\" height=\"5186\" itemprop=\"image\"  src=\"https:\/\/www.europesays.com\/no\/wp-content\/uploads\/2026\/08\/db0a256c-6ee9-394b-831d-6b96876c0dbf.jpeg\"  style=\"object-position:0% 0%\" width=\"7759\"\/>Foto: Line M\u00f8ller \/ VG<img alt=\"Foto: Hanna Johre \/ NTB\" class=\"_image_jw3bv_65 layout-component layout-right\" data-fullscreen- data-track-element-type=\"Article image fullscreen\" data-track-name=\"ImageFullscreen\" decoding=\"async\" loading=\"lazy\" height=\"5464\" itemprop=\"image\"  src=\"https:\/\/www.europesays.com\/no\/wp-content\/uploads\/2026\/08\/f6deec8c-ee6b-373d-bfd7-36a1bf0a21d3.jpeg\"  style=\"object-position:0% 0%\" width=\"8192\"\/>Foto: Hanna Johre \/ NTB<img alt=\"Foto: ODD ANDERSEN \/ AFP\" class=\"_image_jw3bv_65 layout-component layout-left\" data-fullscreen- data-track-element-type=\"Article image fullscreen\" data-track-name=\"ImageFullscreen\" decoding=\"async\" loading=\"lazy\" height=\"4000\" itemprop=\"image\"  src=\"https:\/\/www.europesays.com\/no\/wp-content\/uploads\/2026\/08\/a7e6cad6-0dbe-3e3d-bd47-da1f9da8edb6.jpeg\"  style=\"object-position:0% 0%\" width=\"6000\"\/>Foto: ODD ANDERSEN \/ AFP<\/p>\n<p class=\"_paragraph_145nj_4 _paragraph_6fko5_10 layout-component text-serif-m layout-normal text-serif-m layout-padded\">I Oslo var tilstr\u00f8mmingen til Slottsplassen stor, og i l\u00f8pet av natten var flagg p\u00e5 halv stang kommet p\u00e5 plass langs Karl Johans gate. Her ble kondolanseprotokoller lagt ut i Oslo r\u00e5dhus, og ordf\u00f8rer Anne Lindboe var den f\u00f8rste som skrev seg inn.<\/p>\n<p class=\"_paragraph_145nj_4 _paragraph_6fko5_10 layout-component text-serif-m layout-normal text-serif-m layout-padded\"><strong class=\"_strong_145nj_25\">F\u00f8lg VGs fotojournalister <a href=\"https:\/\/www.instagram.com\/vgfoto\/\" class=\"_link_145nj_39\" rel=\"nofollow noopener\" target=\"_blank\">p\u00e5 Instagram her<\/a><\/strong><\/p>\n<p>    <script async src=\"\/\/www.instagram.com\/embed.js\"><\/script><\/p>\n","protected":false},"excerpt":{"rendered":"Folk tar farvel med kong Harald med blomster, lys og hilsener landet over. S\u00f8rgende nordmenn \u00e6rer avd\u00f8de kong&hellip;\n","protected":false},"author":2,"featured_media":337618,"comment_status":"","ping_status":"","sticky":false,"template":"","format":"standard","meta":{"footnotes":"","_share_on_mastodon":"0"},"categories":[5],"tags":[20,21,24,25,15,19,26073,26105,22,23,17,18,13,30,28,29,14,16,26,27],"class_list":["post-337617","post","type-post","status-publish","format-standard","has-post-thumbnail","category-overskrifter","tag-breaking-news","tag-breakingnews","tag-featured-news","tag-featurednews","tag-headlines","tag-hovedoppslag","tag-kong-haakon-8","tag-kong-harald-5","tag-latest-news","tag-latestnews","tag-main-news","tag-mainnews","tag-news","tag-no","tag-norge","tag-norway","tag-nyheter","tag-overskrifter","tag-top-stories","tag-topstories"],"share_on_mastodon":{"url":"https:\/\/pubeurope.com\/@no\/117180394441671719","error":""},"_links":{"self":[{"href":"https:\/\/www.europesays.com\/no\/wp-json\/wp\/v2\/posts\/337617","targetHints":{"allow":["GET"]}}],"collection":[{"href":"https:\/\/www.europesays.com\/no\/wp-json\/wp\/v2\/posts"}],"about":[{"href":"https:\/\/www.europesays.com\/no\/wp-json\/wp\/v2\/types\/post"}],"author":[{"embeddable":true,"href":"https:\/\/www.europesays.com\/no\/wp-json\/wp\/v2\/users\/2"}],"replies":[{"embeddable":true,"href":"https:\/\/www.europesays.com\/no\/wp-json\/wp\/v2\/comments?post=337617"}],"version-history":[{"count":0,"href":"https:\/\/www.europesays.com\/no\/wp-json\/wp\/v2\/posts\/337617\/revisions"}],"wp:featuredmedia":[{"embeddable":true,"href":"https:\/\/www.europesays.com\/no\/wp-json\/wp\/v2\/media\/337618"}],"wp:attachment":[{"href":"https:\/\/www.europesays.com\/no\/wp-json\/wp\/v2\/media?parent=337617"}],"wp:term":[{"taxonomy":"category","embeddable":true,"href":"https:\/\/www.europesays.com\/no\/wp-json\/wp\/v2\/categories?post=337617"},{"taxonomy":"post_tag","embeddable":true,"href":"https:\/\/www.europesays.com\/no\/wp-json\/wp\/v2\/tags?post=337617"}],"curies":[{"name":"wp","href":"https:\/\/api.w.org\/{rel}","templated":true}]}}