{"id":337645,"date":"2026-08-29T19:47:17","date_gmt":"2026-08-29T19:47:17","guid":{"rendered":"https:\/\/www.europesays.com\/no\/337645\/"},"modified":"2026-08-29T19:47:17","modified_gmt":"2026-08-29T19:47:17","slug":"sas-har-avskjediget-kaptein-mattias-aman-thiel","status":"publish","type":"post","link":"https:\/\/www.europesays.com\/no\/337645\/","title":{"rendered":"SAS har avskjediget kaptein Mattias \u00c5man Thiel"},"content":{"rendered":"\n<p class=\"_lead_145nj_2 _lead_6fko5_53 layout-component text-serif-m layout-normal text-serif-l layout-component layout-wide layout-padded _wide_17hqh_1 layout-padded\">Det svenske pilotforbundet mener avskjeden er ulovlig og varsler rettslige skritt.<\/p>\n<p><img alt=\" Foto: Frederik Ringnes\/Forsvaret \/ Pressebilde fra forsvaret\" class=\"_image_jw3bv_65 layout-component layout-wide\" data-fullscreen- data-track-element-type=\"Article image fullscreen\" data-track-name=\"ImageFullscreen\" fetchpriority=\"high\" decoding=\"sync\" loading=\"eager\" height=\"3648\" itemprop=\"image\"  src=\"https:\/\/www.europesays.com\/no\/wp-content\/uploads\/2026\/08\/ce68c5a8-e427-36d8-a2e7-9312fd9bab0b.jpeg\"  style=\"object-position:0% 0%\" width=\"5472\"\/> Foto: Frederik Ringnes\/Forsvaret \/ Pressebilde fra forsvaret<\/p>\n<ul aria-hidden=\"true\" class=\"_images_ntbth_112\">\n<li><a class=\"_link_ntbth_117\" href=\"https:\/\/www.vg.no\/forfatter\/clover-klingvall-reece\" style=\"z-index:1\" title=\"Clover Klingvall Reece\" rel=\"nofollow noopener\" target=\"_blank\"><img alt=\"Bilde av Clover Klingvall Reece\" class=\"_image_ntbth_93\" fetchpriority=\"low\" loading=\"lazy\" decoding=\"async\" itemprop=\"image\"  src=\"https:\/\/www.europesays.com\/no\/wp-content\/uploads\/2026\/08\/1788032836_516_ead0cf5d-88f9-447f-b78a-aec14431a18b.jpeg\"  width=\"480\"\/><\/a><\/li>\n<\/ul>\n<p> Oppdatert l\u00f8rdag 29. august kl. 21:04    <\/p>\n<ul class=\"_list_145nj_3 _list_64s2r_85 _unordered_145nj_106 text-sans-m\">\n<li class=\"_item_145nj_30\">Flyselskapet SAS har avskjediget kaptein Mattias \u00c5man Thiel, leder for SAS-seksjonen i Svensk Pilotf\u00f6rening (SPF).<\/li>\n<li class=\"_item_145nj_30\">SPF mener avskjeden er ulovlig og varsler rettslige skritt.<\/li>\n<li class=\"_item_145nj_30\">Flere piloter reagerer kraftig og varsler mulige trafikkforstyrrelser.<\/li>\n<li class=\"_item_145nj_30\">SAS kommenterer ikke enkeltsaker, men p\u00e5peker at alle ansatte behandles likt.<\/li>\n<\/ul>\n<p>Vis mer <\/p>\n<p class=\"_paragraph_145nj_4 _paragraph_6fko5_10 layout-component text-serif-m layout-normal text-serif-m layout-padded\">Flyselskapet <a href=\"https:\/\/www.vg.no\/tag\/sas-2?utm_source=vg-article&amp;utm_medium=auto-tagger&amp;utm_campaign=rrbwP0\" class=\"_link_145nj_39\" rel=\"nofollow noopener\" target=\"_blank\">SAS<\/a> i Sverige har med umiddelbar virkning avskjediget kaptein Mattias \u00c5man Thiel, som er leder for SAS-seksjonen i Svensk Pilotf\u00f6rening (SPF). <\/p>\n<p class=\"_paragraph_145nj_4 _paragraph_6fko5_10 layout-component text-serif-m layout-normal text-serif-m layout-padded\">Det skriver <a href=\"https:\/\/www.expressen.se\/ekonomi\/sas-piloter-rasar-bolaget-sparkade-klubbordforanden\/\" class=\"_link_145nj_39\" rel=\"nofollow noopener\" target=\"_blank\">Expressen<\/a>.<\/p>\n<p class=\"_paragraph_145nj_4 _paragraph_6fko5_10 layout-component text-serif-m layout-normal text-serif-m layout-padded\">Thiel, som har jobbet i SAS i 28 \u00e5r, fikk sparken av en innleid advokat fra advokatfirmaet Mannheimer Swartling, If\u00f8lge avisen. <\/p>\n<p class=\"_paragraph_145nj_4 _paragraph_6fko5_10 layout-component text-serif-m layout-normal text-serif-m layout-padded\">Bakgrunnen skal v\u00e6re uenighet om hvordan Thiel har utf\u00f8rt sitt fagforeningsarbeid. If\u00f8lge SPF mener SAS at han ikke har utf\u00f8rt oppgaver knyttet til vervet innenfor gjeldende tidsfrister.<\/p>\n<p class=\"_paragraph_145nj_4 _paragraph_6fko5_10 layout-component text-serif-m layout-normal text-serif-m layout-padded\">Det avviser fagforeningen.<\/p>\n<p class=\"_paragraph_145nj_4 _paragraph_6fko5_10 layout-component text-serif-m layout-normal text-serif-m layout-padded\">SPF mener Thiel har handlet i tr\u00e5d med praksisen som har v\u00e6rt gjeldende i en \u00e5rrekke, og hevder at avskjeden b\u00e5de er grunnl\u00f8s og i strid med organisasjonsretten.<\/p>\n<p class=\"_paragraph_145nj_4 _paragraph_6fko5_10 layout-component text-serif-m layout-normal text-serif-m layout-padded\">\u2013 Dette er et frontalangrep mot b\u00e5de fagbevegelsen og v\u00e5re tillitsvalgte, sier Tristan Okkonen, leder i Svensk Pilotf\u00f6rening.<\/p>\n<p class=\"_paragraph_145nj_4 _paragraph_6fko5_10 layout-component text-serif-m layout-normal text-serif-m layout-padded\">Fagforeningen mener avskjeden er del av en st\u00f8rre konflikt mellom SAS og pilotforeningene.<\/p>\n<p class=\"_paragraph_145nj_4 _paragraph_6fko5_10 layout-component text-serif-m layout-normal text-serif-m layout-padded\">Ogs\u00e5 flere piloter reagerer kraftig.<\/p>\n<p><img alt=\"Foto: Annika Byrde \/ NTB\" class=\"_image_jw3bv_65 layout-component layout-normal\" data-fullscreen- data-track-element-type=\"Article image fullscreen\" data-track-name=\"ImageFullscreen\" decoding=\"async\" loading=\"lazy\" height=\"3621\" itemprop=\"image\"  src=\"https:\/\/www.europesays.com\/no\/wp-content\/uploads\/2026\/08\/4434f328-9ff1-3409-a883-54e58424d76c.jpeg\"  style=\"object-position:0% 0%\" width=\"5432\"\/>Foto: Annika Byrde \/ NTB<\/p>\n<p class=\"_paragraph_145nj_4 _paragraph_6fko5_10 layout-component text-serif-m layout-normal text-serif-m layout-padded\">\u2013 SAS-ledelsen oppf\u00f8rer seg som noen svin, sier en SAS-pilot som \u00f8nsker \u00e5 v\u00e6re anonym til Expressen. <\/p>\n<p class=\"_paragraph_145nj_4 _paragraph_6fko5_10 layout-component text-serif-m layout-normal text-serif-m layout-padded\">En annen pilot, som heller ikke \u00f8nsker \u00e5 st\u00e5 frem med navn, beskriver selskapets opptreden som sv\u00e6rt aggressiv.<\/p>\n<p class=\"_paragraph_145nj_4 _paragraph_6fko5_10 layout-component text-serif-m layout-normal text-serif-m layout-padded\">Piloten hevder at reaksjonene blant de ansatte er s\u00e5 sterke at konflikten kan f\u00e5 konsekvenser for trafikken.<\/p>\n<p class=\"_paragraph_145nj_4 _paragraph_6fko5_10 layout-component text-serif-m layout-normal text-serif-m layout-padded\">SAS-seksjonen i SPF har 400 medlemmer. Avskjedigelsen kommer bare m\u00e5neder etter at Arbetsdomstolen d\u00f8mte SAS for brudd p\u00e5 tariffavtalen.<\/p>\n<p class=\"_paragraph_145nj_4 _paragraph_6fko5_10 layout-component text-serif-m layout-normal text-serif-m layout-padded\">SPF hevder ogs\u00e5 at Norsk Pilotforbund har v\u00e6rt utsatt for lignende press fra SAS.<\/p>\n<p class=\"_paragraph_145nj_4 _paragraph_6fko5_10 layout-component text-serif-m layout-normal text-serif-m layout-padded\">N\u00e5 varsler den svenske fagforeningen rettslige skritt for \u00e5 f\u00e5 avskjedigelsen kjent ugyldig.<\/p>\n<p class=\"_paragraph_145nj_4 _paragraph_6fko5_10 layout-component text-serif-m layout-normal text-serif-m layout-padded\">\u2013 Vi har drevet Pilotforbundets virksomhet og handlet i henhold til prosedyrer og regelverk som vi har hatt de siste 30 \u00e5rene. SAS har aldri kommet til SPF og krevd reforhandlinger eller nye avtaler om hvordan fagforeningsarbeidet skal utf\u00f8res, sier Okkonen til Expressen.<\/p>\n<p class=\"_paragraph_145nj_4 _paragraph_6fko5_10 layout-component text-serif-m layout-normal text-serif-m layout-padded\">Han mener derfor at SAS\u2019 reaksjon kom uventet, og avviser selskapets fremstilling av saken.<\/p>\n<p class=\"_paragraph_145nj_4 _paragraph_6fko5_10 layout-component text-serif-m layout-normal text-serif-m layout-padded\">SPF vil kreve at Thiels ansettelsesforhold best\u00e5r mens tvisten behandles rettslig.<\/p>\n<p>SAS: \u2013 Kommenterer ikke enkeltsaker<\/p>\n<p class=\"_paragraph_145nj_4 _paragraph_6fko5_10 layout-component text-serif-m layout-normal text-serif-m layout-padded\">\u2013 Vi kommenterer ikke individuelle ansettelsessaker og kan derfor ikke g\u00e5 inn p\u00e5 detaljer i denne saken. I SAS er det et grunnleggende prinsipp at de samme arbeidsrettslige reglene, selskapets retningslinjer, krav og forventninger gjelder for alle v\u00e5re kolleger, sier SAS\u2019 kommunikasjonssjef Alexandra Lindgren Kaoukji til Expressen. <\/p>\n<p><img alt=\"SAS\u2019 kommunikasjonssjef Alexandra Lindgren Kaoukji.  Foto: SAS \/ SAS\" class=\"_image_jw3bv_65 layout-component layout-normal\" data-fullscreen- data-track-element-type=\"Article image fullscreen\" data-track-name=\"ImageFullscreen\" decoding=\"async\" loading=\"lazy\" height=\"2997\" itemprop=\"image\"  src=\"https:\/\/www.europesays.com\/no\/wp-content\/uploads\/2026\/08\/73c91c61-d3fe-3797-9090-4ee6735858b0.jpeg\"  style=\"object-position:0% 0%\" width=\"4495\"\/>SAS\u2019 kommunikasjonssjef Alexandra Lindgren Kaoukji.  Foto: SAS \/ SAS<\/p>\n<p class=\"_paragraph_145nj_4 _paragraph_6fko5_10 layout-component text-serif-m layout-normal text-serif-m layout-padded\">Hun understreker at selskapet ikke vil gj\u00f8re unntak p\u00e5 bakgrunn av blant annet stilling eller ansiennitet.<\/p>\n<p class=\"_paragraph_145nj_4 _paragraph_6fko5_10 layout-component text-serif-m layout-normal text-serif-m layout-padded\">\u2013 Samtidig st\u00f8tter SAS sterkt den skandinaviske arbeidsmarkedsmodellen og det viktige og konstruktive samarbeidet med v\u00e5re kolleger og deres tillitsvalgte, sier Kaoukji til avisen.<\/p>\n","protected":false},"excerpt":{"rendered":"Det svenske pilotforbundet mener avskjeden er ulovlig og varsler rettslige skritt. Foto: Frederik Ringnes\/Forsvaret \/ Pressebilde fra forsvaret&hellip;\n","protected":false},"author":2,"featured_media":337646,"comment_status":"","ping_status":"","sticky":false,"template":"","format":"standard","meta":{"footnotes":"","_share_on_mastodon":"0"},"categories":[12],"tags":[20,21,11979,24,25,15,22,23,13,30,28,29,14,16,3283,26,27,42,43,44,45],"class_list":["post-337645","post","type-post","status-publish","format-standard","has-post-thumbnail","category-verden","tag-breaking-news","tag-breakingnews","tag-fagforeninger","tag-featured-news","tag-featurednews","tag-headlines","tag-latest-news","tag-latestnews","tag-news","tag-no","tag-norge","tag-norway","tag-nyheter","tag-overskrifter","tag-sas","tag-top-stories","tag-topstories","tag-verden","tag-world","tag-world-news","tag-worldnews"],"share_on_mastodon":{"url":"https:\/\/pubeurope.com\/@no\/117180527596744865","error":""},"_links":{"self":[{"href":"https:\/\/www.europesays.com\/no\/wp-json\/wp\/v2\/posts\/337645","targetHints":{"allow":["GET"]}}],"collection":[{"href":"https:\/\/www.europesays.com\/no\/wp-json\/wp\/v2\/posts"}],"about":[{"href":"https:\/\/www.europesays.com\/no\/wp-json\/wp\/v2\/types\/post"}],"author":[{"embeddable":true,"href":"https:\/\/www.europesays.com\/no\/wp-json\/wp\/v2\/users\/2"}],"replies":[{"embeddable":true,"href":"https:\/\/www.europesays.com\/no\/wp-json\/wp\/v2\/comments?post=337645"}],"version-history":[{"count":0,"href":"https:\/\/www.europesays.com\/no\/wp-json\/wp\/v2\/posts\/337645\/revisions"}],"wp:featuredmedia":[{"embeddable":true,"href":"https:\/\/www.europesays.com\/no\/wp-json\/wp\/v2\/media\/337646"}],"wp:attachment":[{"href":"https:\/\/www.europesays.com\/no\/wp-json\/wp\/v2\/media?parent=337645"}],"wp:term":[{"taxonomy":"category","embeddable":true,"href":"https:\/\/www.europesays.com\/no\/wp-json\/wp\/v2\/categories?post=337645"},{"taxonomy":"post_tag","embeddable":true,"href":"https:\/\/www.europesays.com\/no\/wp-json\/wp\/v2\/tags?post=337645"}],"curies":[{"name":"wp","href":"https:\/\/api.w.org\/{rel}","templated":true}]}}