{"id":337655,"date":"2026-08-29T19:57:16","date_gmt":"2026-08-29T19:57:16","guid":{"rendered":"https:\/\/www.europesays.com\/no\/337655\/"},"modified":"2026-08-29T19:57:16","modified_gmt":"2026-08-29T19:57:16","slug":"havarerte-bat-utenfor-fevik","status":"publish","type":"post","link":"https:\/\/www.europesays.com\/no\/337655\/","title":{"rendered":"Havarerte b\u00e5t utenfor Fevik"},"content":{"rendered":"\n<p class=\"_lead_145nj_2 _lead_6fko5_53 layout-component text-serif-m layout-normal text-serif-l layout-component layout-wide layout-padded _wide_17hqh_1 layout-padded\">Politiet hadde f\u00e5tt melding om en synkende b\u00e5t med \u00e9n person i. Etter tre timer avsluttes s\u00f8ket. <\/p>\n<p><img alt=\" Foto: Elisabeth Altenborg\" class=\"_image_jw3bv_65 layout-component layout-wide\" data-fullscreen- data-track-element-type=\"Article image fullscreen\" data-track-name=\"ImageFullscreen\" fetchpriority=\"high\" decoding=\"sync\" loading=\"eager\" height=\"5464\" itemprop=\"image\"  src=\"https:\/\/www.europesays.com\/no\/wp-content\/uploads\/2026\/08\/c3efe554-71a0-310f-8d08-7b281f0fd1bd.jpeg\"  style=\"object-position:0% 0%\" width=\"8192\"\/> Foto: Elisabeth Altenborg<\/p>\n<ul aria-hidden=\"true\" class=\"_images_ntbth_112\">\n<li><a class=\"_link_ntbth_117\" href=\"https:\/\/www.vg.no\/forfatter\/clover-klingvall-reece\" style=\"z-index:2\" title=\"Clover Klingvall Reece\" rel=\"nofollow noopener\" target=\"_blank\"><img alt=\"Bilde av Clover Klingvall Reece\" class=\"_image_ntbth_93\" fetchpriority=\"low\" loading=\"lazy\" decoding=\"async\" itemprop=\"image\"  src=\"https:\/\/www.europesays.com\/no\/wp-content\/uploads\/2026\/08\/1788033432_107_ead0cf5d-88f9-447f-b78a-aec14431a18b.jpeg\"  width=\"480\"\/><\/a><\/li>\n<li><a class=\"_link_ntbth_117\" href=\"https:\/\/www.vg.no\/forfatter\/live-tronstad\" style=\"z-index:1\" title=\"Live Tronstad\" rel=\"nofollow noopener\" target=\"_blank\"><img alt=\"Bilde av Live Tronstad\" class=\"_image_ntbth_93\" fetchpriority=\"low\" loading=\"lazy\" decoding=\"async\" itemprop=\"image\"  src=\"https:\/\/www.europesays.com\/no\/wp-content\/uploads\/2026\/08\/1788033433_141_730bca66-e713-4274-9d1c-1222feeb3c7d.jpeg\"  width=\"480\"\/><\/a><\/li>\n<\/ul>\n<p> Oppdatert l\u00f8rdag 29. august kl. 21:39    <\/p>\n<ul class=\"_list_145nj_3 _list_64s2r_85 _unordered_145nj_106 text-sans-m\">\n<li class=\"_item_145nj_30\">En redningsaksjon ble igangsatt etter melding om en synkende b\u00e5t utenfor Fevik i Grimstad.<\/li>\n<li class=\"_item_145nj_30\">Politiet avsluttet s\u00f8ket etter tre timer uten \u00e5 finne noen.<\/li>\n<li class=\"_item_145nj_30\">Politiet har ikke mottatt melding om savnede personer, og oppfordrer folk med informasjon om \u00e5 kontakte dem.<\/li>\n<\/ul>\n<p>Vis mer <\/p>\n<p class=\"_paragraph_145nj_4 _paragraph_6fko5_10 layout-component text-serif-m layout-normal text-serif-m layout-padded\">Klokken 18.20 opplyste politiet at det var satt i gang en redningsaksjon i sj\u00f8en utenfor <a href=\"https:\/\/www.vg.no\/tag\/fevik?utm_source=vg-article&amp;utm_medium=auto-tagger&amp;utm_campaign=k0b7p6\" class=\"_link_145nj_39\" rel=\"nofollow noopener\" target=\"_blank\">Fevik<\/a> i Grimstad kommune. <\/p>\n<p class=\"_paragraph_145nj_4 _paragraph_6fko5_10 layout-component text-serif-m layout-normal text-serif-m layout-padded\">De hadde f\u00e5tt melding om at en b\u00e5t holdt p\u00e5 \u00e5 g\u00e5 ned.<\/p>\n<p class=\"_paragraph_145nj_4 _paragraph_6fko5_10 layout-component text-serif-m layout-normal text-serif-m layout-padded\">\u2013 Vi snakket med en person som observerte en b\u00e5t synke i sj\u00f8en med en person om bord. Det fremst\u00e5r som om personen har g\u00e5tt ned med b\u00e5ten, sa Evind B\u00f8, redningsleder i Hovedredningssentralen, til VG.<\/p>\n<p class=\"_paragraph_145nj_4 _paragraph_6fko5_10 layout-component text-serif-m layout-normal text-serif-m layout-padded\"><strong class=\"_strong_145nj_25\">Tre timer senere melder politiet at Hovedredningssentralen har avsluttet s\u00f8ket. <\/strong><\/p>\n<p class=\"_paragraph_145nj_4 _paragraph_6fko5_10 layout-component text-serif-m layout-normal text-serif-m layout-padded\">\u2013 Det har v\u00e6rt s\u00f8kt over et stort omr\u00e5de med mange ressurser dessverre uten funn.<\/p>\n<p><img alt=\"Foto: Elisabeth Altenborg\" class=\"_image_jw3bv_65 layout-component layout-normal\" data-fullscreen- data-track-element-type=\"Article image fullscreen\" data-track-name=\"ImageFullscreen\" decoding=\"async\" loading=\"lazy\" height=\"5464\" itemprop=\"image\"  src=\"https:\/\/www.europesays.com\/no\/wp-content\/uploads\/2026\/08\/aa00e96c-7708-3ef7-be8a-82629e9ce029.jpeg\"  style=\"object-position:0% 0%\" width=\"8192\"\/>Foto: Elisabeth Altenborg<\/p>\n<p class=\"_paragraph_145nj_4 _paragraph_6fko5_10 layout-component text-serif-m layout-normal text-serif-m layout-padded\">Politiets innsatsleder Trond Kenneth Aaknes Gladstad opplyste at det skal ha v\u00e6rt en brannmann som var ute p\u00e5 sj\u00f8en som privatperson som meldte om den synkende b\u00e5ten. <\/p>\n<p class=\"_paragraph_145nj_4 _paragraph_6fko5_10 layout-component text-serif-m layout-normal text-serif-m layout-padded\">Luftambulanse, redningshelikopter, milit\u00e6re b\u00e5ter og sivile b\u00e5ter bistod i s\u00f8ket da det holdt p\u00e5. <\/p>\n<p class=\"_paragraph_145nj_4 _paragraph_6fko5_10 layout-component text-serif-m layout-normal text-serif-m layout-padded\">Dykkere fra brannvesenet var ogs\u00e5 klare for \u00e5 bidra. <\/p>\n<p><img alt=\"Foto: Elisabeth Altenborg\" class=\"_image_jw3bv_65 layout-component layout-normal\" data-fullscreen- data-track-element-type=\"Article image fullscreen\" data-track-name=\"ImageFullscreen\" decoding=\"async\" loading=\"lazy\" height=\"2739\" itemprop=\"image\"  src=\"https:\/\/www.europesays.com\/no\/wp-content\/uploads\/2026\/08\/18d55f92-34d2-33dd-bb29-b0f83e8f835a.jpeg\"  style=\"object-position:0% 0%\" width=\"4107\"\/>Foto: Elisabeth Altenborg<\/p>\n<p class=\"_paragraph_145nj_4 _paragraph_6fko5_10 layout-component text-serif-m layout-normal text-serif-m layout-padded\">B\u00e5ten skal ha g\u00e5tt ned i omr\u00e5det ut mot Hundeb\u00e5en og Torsken. <\/p>\n<p class=\"_paragraph_145nj_4 _paragraph_6fko5_10 layout-component text-serif-m layout-normal text-serif-m layout-padded\"><strong class=\"_strong_145nj_25\">Politiet opplyste tidligere l\u00f8rdag at de ikke har f\u00e5tt melding om at noen er savnet i omr\u00e5det. <\/strong><\/p>\n<p class=\"_paragraph_145nj_4 _paragraph_6fko5_10 layout-component text-serif-m layout-normal text-serif-m layout-padded\">\u2013 Dersom noen er kjent med at noen har reist ut i det aktuelle omr\u00e5det med en gummib\u00e5t eller lignende, er det \u00f8nskelig at man tar kontakt med politiet, skriver Formo. <\/p>\n<p>    <img decoding=\"async\" alt=\"Tips oss illustrasjon\" src=\"https:\/\/www.europesays.com\/no\/wp-content\/uploads\/2026\/08\/1788033436_742_pssst-small.webp\"\/>    <\/p>\n<p class=\"title-serif-s\">Har du tips?<\/p>\n<p class=\"text-sans-m\">Send oss informasjon, bilder eller video.<\/p>\n<p>  <a href=\"https:\/\/www.vg.no\/tips-oss\" rel=\"nofollow noopener\" target=\"_blank\"> Tips oss <\/a>      <\/p>\n","protected":false},"excerpt":{"rendered":"Politiet hadde f\u00e5tt melding om en synkende b\u00e5t med \u00e9n person i. Etter tre timer avsluttes s\u00f8ket. Foto:&hellip;\n","protected":false},"author":2,"featured_media":337656,"comment_status":"","ping_status":"","sticky":false,"template":"","format":"standard","meta":{"footnotes":"","_share_on_mastodon":"0"},"categories":[5],"tags":[1309,31,20,21,24,25,26116,15,19,35,22,23,17,18,13,30,28,29,14,16,26,27],"class_list":["post-337655","post","type-post","status-publish","format-standard","has-post-thumbnail","category-overskrifter","tag-agder","tag-breaking","tag-breaking-news","tag-breakingnews","tag-featured-news","tag-featurednews","tag-fevik","tag-headlines","tag-hovedoppslag","tag-hovedredningssentralen","tag-latest-news","tag-latestnews","tag-main-news","tag-mainnews","tag-news","tag-no","tag-norge","tag-norway","tag-nyheter","tag-overskrifter","tag-top-stories","tag-topstories"],"share_on_mastodon":{"url":"https:\/\/pubeurope.com\/@no\/117180566793555756","error":""},"_links":{"self":[{"href":"https:\/\/www.europesays.com\/no\/wp-json\/wp\/v2\/posts\/337655","targetHints":{"allow":["GET"]}}],"collection":[{"href":"https:\/\/www.europesays.com\/no\/wp-json\/wp\/v2\/posts"}],"about":[{"href":"https:\/\/www.europesays.com\/no\/wp-json\/wp\/v2\/types\/post"}],"author":[{"embeddable":true,"href":"https:\/\/www.europesays.com\/no\/wp-json\/wp\/v2\/users\/2"}],"replies":[{"embeddable":true,"href":"https:\/\/www.europesays.com\/no\/wp-json\/wp\/v2\/comments?post=337655"}],"version-history":[{"count":0,"href":"https:\/\/www.europesays.com\/no\/wp-json\/wp\/v2\/posts\/337655\/revisions"}],"wp:featuredmedia":[{"embeddable":true,"href":"https:\/\/www.europesays.com\/no\/wp-json\/wp\/v2\/media\/337656"}],"wp:attachment":[{"href":"https:\/\/www.europesays.com\/no\/wp-json\/wp\/v2\/media?parent=337655"}],"wp:term":[{"taxonomy":"category","embeddable":true,"href":"https:\/\/www.europesays.com\/no\/wp-json\/wp\/v2\/categories?post=337655"},{"taxonomy":"post_tag","embeddable":true,"href":"https:\/\/www.europesays.com\/no\/wp-json\/wp\/v2\/tags?post=337655"}],"curies":[{"name":"wp","href":"https:\/\/api.w.org\/{rel}","templated":true}]}}