{"id":337709,"date":"2026-08-29T21:36:12","date_gmt":"2026-08-29T21:36:12","guid":{"rendered":"https:\/\/www.europesays.com\/no\/337709\/"},"modified":"2026-08-29T21:36:12","modified_gmt":"2026-08-29T21:36:12","slug":"surnadal-ulykker-og-hendelser-utforkjoring-til-sykehus-med-luftambulanse","status":"publish","type":"post","link":"https:\/\/www.europesays.com\/no\/337709\/","title":{"rendered":"Surnadal, Ulykker og hendelser | Utforkj\u00f8ring: \u2013 Til sykehus med luftambulanse"},"content":{"rendered":"\n<p>Politi, ambulanse og brannvesen rykket ved 21.30-tiden l\u00f8rdag ut til en utforkj\u00f8ring i Surnadal.<\/p>\n<p>\u2013 F\u00f8rer er fraktet til sykehus med luftambulanse. Han er alvorlig skadet, opplyser politiets operasjonsleder Eivind Klokkersund klokken 22.23.<\/p>\n<p>Bilf\u00f8reren skal ha v\u00e6rt bevisst da utrykningsmannskap kom til ulykkesstedet. Den tilskadekomne mannen er hjemmeh\u00f8rende i Surnadal. Bilen han kj\u00f8rte skal ha g\u00e5tt rundt i ulykken.<\/p>\n<p>\u2013 Bilen har rullet rundt et par ganger, etter det vi forst\u00e5r. Politiet er p\u00e5 stedet og gj\u00f8r \u00e5stedsunders\u00f8kelser l\u00f8rdag kveld. Vi etterlyser ogs\u00e5 eventuelle vitner til ulykken, sier Klokkersund.<\/p>\n<p>Ulykken har skjedd p\u00e5 Fylkesveg 6152 \u00d8ravegen, sentralt i Surnadal.\u00a0<\/p>\n<p>\u00a0<\/p>\n<p>Statens vegvesen opplyser at veien er stengt i begge retninger p\u00e5 grunn av ulykken.\u00a0<\/p>\n<p>Bilberger er rekvirert l\u00f8rdag kveld. Ved 23-tiden er veien fortsatt stengt.\u00a0<\/p>\n<p>  <a href=\"https:\/\/www.tk.no\/80-51-7089\" class=\"related-teaser has-image article--c-MkAkR\" rel=\"nofollow noopener\" target=\"_blank\"><\/p>\n<p>    <img decoding=\"async\" width=\"155\"  loading=\"lazy\"  src=\"https:\/\/www.europesays.com\/no\/wp-content\/uploads\/2026\/08\/utfor.jpg\" alt=\"\" class=\"brick-c-cFOWSL\" style=\"\"\/><\/p>\n<p>\n            Les ogs\u00e5<\/p>\n<p>            Mener han kj\u00f8rte \u00abvillmann\u00bb \u2013 n\u00e5 f\u00e5r Aver\u00f8y-mannen lappen tilbake\n        <\/p>\n<p>  <\/a><\/p>\n<p>  <a href=\"https:\/\/www.tk.no\/80-51-7974\" class=\"related-teaser has-image article--c-MkAkR\" rel=\"nofollow noopener\" target=\"_blank\"><\/p>\n<p>    <img decoding=\"async\" width=\"155\"  loading=\"lazy\"  src=\"https:\/\/www.europesays.com\/no\/wp-content\/uploads\/2026\/08\/Snapchat-1160850458_1.jpg\" alt=\"\" class=\"brick-c-cFOWSL\" style=\"\"\/><\/p>\n<p>\n            Les ogs\u00e5<\/p>\n<p>            \u2013 Det sprutet sild i alle retninger!\n        <\/p>\n<p>  <\/a><\/p>\n<p>  <a href=\"https:\/\/www.tk.no\/80-51-7380\" class=\"related-teaser has-image article--c-MkAkR\" rel=\"nofollow noopener\" target=\"_blank\"><\/p>\n<p>    <img decoding=\"async\" width=\"155\"  loading=\"lazy\"  src=\"https:\/\/www.europesays.com\/no\/wp-content\/uploads\/2026\/08\/image0 (2).jpeg\" alt=\"\" class=\"brick-c-cFOWSL\" style=\"\"\/><\/p>\n<p>\n            Les ogs\u00e5<\/p>\n<p>            Skadet mann hentet ned fra Kvernberget\n        <\/p>\n<p>  <\/a><\/p>\n","protected":false},"excerpt":{"rendered":"Politi, ambulanse og brannvesen rykket ved 21.30-tiden l\u00f8rdag ut til en utforkj\u00f8ring i Surnadal. \u2013 F\u00f8rer er fraktet&hellip;\n","protected":false},"author":2,"featured_media":337710,"comment_status":"","ping_status":"","sticky":false,"template":"","format":"standard","meta":{"footnotes":"","_share_on_mastodon":"0"},"categories":[10],"tags":[36,20,21,24,25,15,22,23,13,30,28,29,14,16,254,1510,1716,26,27,224,941],"class_list":["post-337709","post","type-post","status-publish","format-standard","has-post-thumbnail","category-norge","tag-art","tag-breaking-news","tag-breakingnews","tag-featured-news","tag-featurednews","tag-headlines","tag-latest-news","tag-latestnews","tag-news","tag-no","tag-norge","tag-norway","tag-nyheter","tag-overskrifter","tag-politi","tag-story","tag-surnadal","tag-top-stories","tag-topstories","tag-trafikk","tag-ulykker-og-hendelser"],"share_on_mastodon":{"url":"https:\/\/pubeurope.com\/@no\/117180956578579206","error":""},"_links":{"self":[{"href":"https:\/\/www.europesays.com\/no\/wp-json\/wp\/v2\/posts\/337709","targetHints":{"allow":["GET"]}}],"collection":[{"href":"https:\/\/www.europesays.com\/no\/wp-json\/wp\/v2\/posts"}],"about":[{"href":"https:\/\/www.europesays.com\/no\/wp-json\/wp\/v2\/types\/post"}],"author":[{"embeddable":true,"href":"https:\/\/www.europesays.com\/no\/wp-json\/wp\/v2\/users\/2"}],"replies":[{"embeddable":true,"href":"https:\/\/www.europesays.com\/no\/wp-json\/wp\/v2\/comments?post=337709"}],"version-history":[{"count":0,"href":"https:\/\/www.europesays.com\/no\/wp-json\/wp\/v2\/posts\/337709\/revisions"}],"wp:featuredmedia":[{"embeddable":true,"href":"https:\/\/www.europesays.com\/no\/wp-json\/wp\/v2\/media\/337710"}],"wp:attachment":[{"href":"https:\/\/www.europesays.com\/no\/wp-json\/wp\/v2\/media?parent=337709"}],"wp:term":[{"taxonomy":"category","embeddable":true,"href":"https:\/\/www.europesays.com\/no\/wp-json\/wp\/v2\/categories?post=337709"},{"taxonomy":"post_tag","embeddable":true,"href":"https:\/\/www.europesays.com\/no\/wp-json\/wp\/v2\/tags?post=337709"}],"curies":[{"name":"wp","href":"https:\/\/api.w.org\/{rel}","templated":true}]}}