{"id":337735,"date":"2026-08-29T22:11:53","date_gmt":"2026-08-29T22:11:53","guid":{"rendered":"https:\/\/www.europesays.com\/no\/337735\/"},"modified":"2026-08-29T22:11:53","modified_gmt":"2026-08-29T22:11:53","slug":"sk-brann-bergen-rabbi-matondo-ferdig-i-brann","status":"publish","type":"post","link":"https:\/\/www.europesays.com\/no\/337735\/","title":{"rendered":"SK Brann, Bergen | Rabbi Matondo ferdig i Brann"},"content":{"rendered":"\n<p>Waliseren ble hentet p\u00e5 overgangsvinduet siste dag i mars, men allerede n\u00e5 er alts\u00e5 Brann-karrieren over.\u00a0<\/p>\n<p>\u2013 Han har ikke f\u00e5tt s\u00e5 mye spilletid som vi alle hadde h\u00e5pet, og vi har derfor sammen blitt enige om \u00e5 terminere kontrakten, sier sportslig leder Per-Ove Ludvigsen i en pressemelding p\u00e5 Brann sine hjemmesider.\u00a0<\/p>\n<p>Matondo sier selv det er trist at det endte slik.\u00a0<\/p>\n<p>\u2013 Det var bare synd at jeg ikke fikk vist hva jeg er god for p\u00e5 banen for supporterne. S\u00e5nn sett er det trist, men jeg \u00f8nsker laget alt godt. Jeg m\u00f8tte flotte lagkamerater, og jeg kommer til \u00e5 f\u00f8lge med og heie p\u00e5 dem videre, sier Matondo.<\/p>\n<p>Barnestjerne og flopp<\/p>\n<p>Matondo var der man trygt kan kalle en barnestjerne. <a href=\"https:\/\/www.ba.no\/rabbi-matondo-ble-trent-av-guardiola-og-dromte-om-ballon-d-or-utrolig-takknemlig-for-sjansen-i-brann\/f\/5-8-3368722\" rel=\"Follow nofollow noopener\" target=\"_blank\">Som ten\u00e5ring trente han fast med A-laget til Pep Guardiola i Manchester City<\/a>, han debuterte p\u00e5 A-landslaget til Wales som 18-\u00e5ring og han ble kj\u00f8pt av Schalke 04 for 100 millioner i 2019.\u00a0<\/p>\n<p>Da han ble hentet av Brann, hadde han f\u00e5tt lite spilletid i den skotske storklubben Rangers.\u00a0<\/p>\n<p>I Bergen har han kun f\u00e5tt tre innhopp p\u00e5 til sammen litt over en halvtime. Faktisk fikk han aldri satt sine bein p\u00e5 Stadion-matten i kamp, alle innhoppene kom p\u00e5 bortebane! 25-\u00e5ringen kan med andre ord trygt kalles en Brann-flopp.<\/p>\n<p>Pr\u00f8vespill og britisk interesse<\/p>\n<p>Tidligere i sommer var han p\u00e5 pr\u00f8vespill hos engelske Sheffield United i et fors\u00f8k p\u00e5 \u00e5 finne en ny klubb. Det bar ikke frukter. BA vet at skotske Motherwell og engelske Burton har vurdert ham uten \u00e5 komme med noen tilbud. Med et overgangsvindu som stenger allerede i neste uke, har Brann innsett at det er sm\u00e5 sjanser for \u00e5 f\u00e5 penger for mannen som skal ha v\u00e6rt den raskeste Manchester City-spilleren noensinne.\u00a0<\/p>\n<p>Derfor har klubb og spiller i stedet blitt enige om \u00e5 terminere kontrakten, og han st\u00e5r n\u00e5 fritt til \u00e5 finne seg en ny klubb. Matondo hadde i utgangspunktet kontrakt med Brann ut \u00e5ret.\u00a0<\/p>\n","protected":false},"excerpt":{"rendered":"Waliseren ble hentet p\u00e5 overgangsvinduet siste dag i mars, men allerede n\u00e5 er alts\u00e5 Brann-karrieren over.\u00a0 \u2013 Han&hellip;\n","protected":false},"author":2,"featured_media":337736,"comment_status":"","ping_status":"","sticky":false,"template":"","format":"standard","meta":{"footnotes":"","_share_on_mastodon":"0"},"categories":[59],"tags":[36,444,30,28,29,14,418,83,82,1510],"class_list":["post-337735","post","type-post","status-publish","format-standard","has-post-thumbnail","category-sport","tag-art","tag-bergen","tag-no","tag-norge","tag-norway","tag-nyheter","tag-sk-brann","tag-sport","tag-sports","tag-story"],"share_on_mastodon":{"url":"https:\/\/pubeurope.com\/@no\/117181097420766463","error":""},"_links":{"self":[{"href":"https:\/\/www.europesays.com\/no\/wp-json\/wp\/v2\/posts\/337735","targetHints":{"allow":["GET"]}}],"collection":[{"href":"https:\/\/www.europesays.com\/no\/wp-json\/wp\/v2\/posts"}],"about":[{"href":"https:\/\/www.europesays.com\/no\/wp-json\/wp\/v2\/types\/post"}],"author":[{"embeddable":true,"href":"https:\/\/www.europesays.com\/no\/wp-json\/wp\/v2\/users\/2"}],"replies":[{"embeddable":true,"href":"https:\/\/www.europesays.com\/no\/wp-json\/wp\/v2\/comments?post=337735"}],"version-history":[{"count":0,"href":"https:\/\/www.europesays.com\/no\/wp-json\/wp\/v2\/posts\/337735\/revisions"}],"wp:featuredmedia":[{"embeddable":true,"href":"https:\/\/www.europesays.com\/no\/wp-json\/wp\/v2\/media\/337736"}],"wp:attachment":[{"href":"https:\/\/www.europesays.com\/no\/wp-json\/wp\/v2\/media?parent=337735"}],"wp:term":[{"taxonomy":"category","embeddable":true,"href":"https:\/\/www.europesays.com\/no\/wp-json\/wp\/v2\/categories?post=337735"},{"taxonomy":"post_tag","embeddable":true,"href":"https:\/\/www.europesays.com\/no\/wp-json\/wp\/v2\/tags?post=337735"}],"curies":[{"name":"wp","href":"https:\/\/api.w.org\/{rel}","templated":true}]}}