{"id":337741,"date":"2026-08-29T22:26:16","date_gmt":"2026-08-29T22:26:16","guid":{"rendered":"https:\/\/www.europesays.com\/no\/337741\/"},"modified":"2026-08-29T22:26:16","modified_gmt":"2026-08-29T22:26:16","slug":"alstahaug-trafikk-atv-ulykke-pa-tro-to-personer-ivaretatt-av-helsevesenet","status":"publish","type":"post","link":"https:\/\/www.europesays.com\/no\/337741\/","title":{"rendered":"Alstahaug, Trafikk | ATV-ulykke p\u00e5 Tro: To personer ivaretatt av helsevesenet"},"content":{"rendered":"\n<p>N\u00f8detatene rykket l\u00f8rdag kveld ut etter melding om en trafikkulykke p\u00e5 Tro i Alstahaug kommune.<\/p>\n<p>Politiet mottok den f\u00f8rste meldingen om ulykken klokken 20:02. Det skal v\u00e6re snakk om en ulykke der \u00e9n ATV og to personer er involvert.\u00a0<\/p>\n<p>Klokken 20:53 opplyser Nordland politidistrikt at politipatruljen er fremme p\u00e5 stedet og har startet unders\u00f8kelser av \u00e5stedet for \u00e5 kartlegge hendelsesforl\u00f8pet.<\/p>\n<p>Begge de involverte personene var bevisste etter ulykken og er tatt h\u00e5nd om av helsevesenet.\u00a0<\/p>\n<p>Like over midnatt opplyser politiet at begge de to involverte er til behandling p\u00e5 sykehus, men de skal ikke v\u00e6re livstruende skadd.\u00a0<\/p>\n<p>Politiet har opprettet sak og etterforsker hendelsen videre.\u00a0<\/p>\n","protected":false},"excerpt":{"rendered":"N\u00f8detatene rykket l\u00f8rdag kveld ut etter melding om en trafikkulykke p\u00e5 Tro i Alstahaug kommune. Politiet mottok den&hellip;\n","protected":false},"author":2,"featured_media":337742,"comment_status":"","ping_status":"","sticky":false,"template":"","format":"standard","meta":{"footnotes":"","_share_on_mastodon":"0"},"categories":[10],"tags":[2486,36,20,21,24,25,15,22,23,13,30,28,29,14,16,1510,26,27,224,1204],"class_list":["post-337741","post","type-post","status-publish","format-standard","has-post-thumbnail","category-norge","tag-alstahaug","tag-art","tag-breaking-news","tag-breakingnews","tag-featured-news","tag-featurednews","tag-headlines","tag-latest-news","tag-latestnews","tag-news","tag-no","tag-norge","tag-norway","tag-nyheter","tag-overskrifter","tag-story","tag-top-stories","tag-topstories","tag-trafikk","tag-ulykker"],"share_on_mastodon":{"url":"https:\/\/pubeurope.com\/@no\/117181152322808727","error":""},"_links":{"self":[{"href":"https:\/\/www.europesays.com\/no\/wp-json\/wp\/v2\/posts\/337741","targetHints":{"allow":["GET"]}}],"collection":[{"href":"https:\/\/www.europesays.com\/no\/wp-json\/wp\/v2\/posts"}],"about":[{"href":"https:\/\/www.europesays.com\/no\/wp-json\/wp\/v2\/types\/post"}],"author":[{"embeddable":true,"href":"https:\/\/www.europesays.com\/no\/wp-json\/wp\/v2\/users\/2"}],"replies":[{"embeddable":true,"href":"https:\/\/www.europesays.com\/no\/wp-json\/wp\/v2\/comments?post=337741"}],"version-history":[{"count":0,"href":"https:\/\/www.europesays.com\/no\/wp-json\/wp\/v2\/posts\/337741\/revisions"}],"wp:featuredmedia":[{"embeddable":true,"href":"https:\/\/www.europesays.com\/no\/wp-json\/wp\/v2\/media\/337742"}],"wp:attachment":[{"href":"https:\/\/www.europesays.com\/no\/wp-json\/wp\/v2\/media?parent=337741"}],"wp:term":[{"taxonomy":"category","embeddable":true,"href":"https:\/\/www.europesays.com\/no\/wp-json\/wp\/v2\/categories?post=337741"},{"taxonomy":"post_tag","embeddable":true,"href":"https:\/\/www.europesays.com\/no\/wp-json\/wp\/v2\/tags?post=337741"}],"curies":[{"name":"wp","href":"https:\/\/api.w.org\/{rel}","templated":true}]}}