{"id":337751,"date":"2026-08-29T23:16:12","date_gmt":"2026-08-29T23:16:12","guid":{"rendered":"https:\/\/www.europesays.com\/no\/337751\/"},"modified":"2026-08-29T23:16:12","modified_gmt":"2026-08-29T23:16:12","slug":"rakettnatt-tromso-sentrum-demper-lydnivaet-etter-klager-pa-stoy-folk-har-sagt-at-det-er-det-kuleste-som-har-skjedd-i-tromso","status":"publish","type":"post","link":"https:\/\/www.europesays.com\/no\/337751\/","title":{"rendered":"Rakettnatt, Troms\u00f8 sentrum | Demper lydniv\u00e5et etter klager p\u00e5 st\u00f8y: \u2013 Folk har sagt at det er det kuleste som har skjedd i Troms\u00f8"},"content":{"rendered":"<p>      Rakettnatt, Troms\u00f8 sentrum | Demper lydniv\u00e5et etter klager p\u00e5 st\u00f8y: \u2013 Folk har sagt at det er det kuleste som har skjedd i Troms\u00f8<\/p>\n<p>        <a href=\"#main-content-begin\" class=\"maelstrom-skip-link\"><br \/>\n    G\u00e5 til sidens hovedinnhold<br \/>\n<\/a><\/p>\n<p>   <img decoding=\"async\" width=\"7127\" height=\"5555\" fetchpriority=\"high\"  loading=\"eager\"  src=\"https:\/\/www.europesays.com\/no\/wp-content\/uploads\/2026\/08\/20250429_Mack-bakgaarden_OLE08675__1_.jpg\" alt=\"\" class=\"brick-c-cFOWSL\" style=\"--brick-image-ratio: 7127 \/ 5555;\"\/><\/p>\n<p>      UTEARRANGEMENT: Daglig leder for Prelaten, Sindre Krane.<br \/>\n      Foto: Ole \u00c5sheim\n    <\/p>\n<p>Oppdatert: 29.08.26 23:17Publisert: 29.08.26 23:14<\/p>\n<p data-content=\"lead-text\" class=\"lead-text story article--c-eOZvhA\">\n<p>          Utestedet Prelaten i Troms\u00f8 sentrum dempet musikken etter st\u00f8yklager sent i natt. Daglig leder Sindre Krane melder likevel om stappfullt hus og enorm respons p\u00e5 arrangementet.\n      <\/p>\n<p>    Plussmerking. Denne artikkelen kan bare leses av abonnenter<\/p>\n<p>  For abonnenter<\/p>\n<p>    <a href=\"https:\/\/www.nordlys.no\/\" class=\"logo\" aria-label=\"G\u00e5 til Nordlys hovedside\" rel=\"nofollow noopener\" target=\"_blank\"><br \/>\n        <img decoding=\"async\" src=\"https:\/\/assets.acdn.no\/local\/v3\/publications\/www.nordlys.no\/gfx\/small.svg\" alt=\"G\u00e5 til Nordlys hovedside\" height=\"66\" width=\"auto\" loading=\"lazy\"\/><br \/>\n    <\/a><\/p>\n<p>Alt innhold og tilh\u00f8rende data p\u00e5 v\u00e5re nettsider er underlagt opphavsrett og kan ikke brukes uten samtykke. Dette gjelder ogs\u00e5 for all skraping, crawling, salg eller videredistribusjon.<\/p>\n<p>Nordlys \u00a9 2026<\/p>\n<p>    <a href=\"https:\/\/www.redaktor.no\/ressurser\/temaer\/redaktoransvar\" rel=\"noopener nofollow\" target=\"_blank\"><br \/>\n        <img decoding=\"async\" alt=\"G\u00e5 til redaktor.no for \u00e5 lese om redakt\u00f8ransvar\" class=\"redaktoransvar\" src=\"https:\/\/r.acdn.no\/brandheader\/default\/redaktoransvar.svg\" height=\"85\" width=\"85\" loading=\"lazy\"\/><br \/>\n    <\/a><\/p>\n","protected":false},"excerpt":{"rendered":"Rakettnatt, Troms\u00f8 sentrum | Demper lydniv\u00e5et etter klager p\u00e5 st\u00f8y: \u2013 Folk har sagt at det er det&hellip;\n","protected":false},"author":2,"featured_media":337752,"comment_status":"","ping_status":"","sticky":false,"template":"","format":"standard","meta":{"footnotes":"","_share_on_mastodon":"0"},"categories":[58],"tags":[71,30,28,29,72],"class_list":["post-337751","post","type-post","status-publish","format-standard","has-post-thumbnail","category-underholdning","tag-entertainment","tag-no","tag-norge","tag-norway","tag-underholdning"],"share_on_mastodon":{"url":"https:\/\/pubeurope.com\/@no\/117181349375398467","error":""},"_links":{"self":[{"href":"https:\/\/www.europesays.com\/no\/wp-json\/wp\/v2\/posts\/337751","targetHints":{"allow":["GET"]}}],"collection":[{"href":"https:\/\/www.europesays.com\/no\/wp-json\/wp\/v2\/posts"}],"about":[{"href":"https:\/\/www.europesays.com\/no\/wp-json\/wp\/v2\/types\/post"}],"author":[{"embeddable":true,"href":"https:\/\/www.europesays.com\/no\/wp-json\/wp\/v2\/users\/2"}],"replies":[{"embeddable":true,"href":"https:\/\/www.europesays.com\/no\/wp-json\/wp\/v2\/comments?post=337751"}],"version-history":[{"count":0,"href":"https:\/\/www.europesays.com\/no\/wp-json\/wp\/v2\/posts\/337751\/revisions"}],"wp:featuredmedia":[{"embeddable":true,"href":"https:\/\/www.europesays.com\/no\/wp-json\/wp\/v2\/media\/337752"}],"wp:attachment":[{"href":"https:\/\/www.europesays.com\/no\/wp-json\/wp\/v2\/media?parent=337751"}],"wp:term":[{"taxonomy":"category","embeddable":true,"href":"https:\/\/www.europesays.com\/no\/wp-json\/wp\/v2\/categories?post=337751"},{"taxonomy":"post_tag","embeddable":true,"href":"https:\/\/www.europesays.com\/no\/wp-json\/wp\/v2\/tags?post=337751"}],"curies":[{"name":"wp","href":"https:\/\/api.w.org\/{rel}","templated":true}]}}