{"id":337787,"date":"2026-08-30T00:50:18","date_gmt":"2026-08-30T00:50:18","guid":{"rendered":"https:\/\/www.europesays.com\/no\/337787\/"},"modified":"2026-08-30T00:50:18","modified_gmt":"2026-08-30T00:50:18","slug":"folkeavstemning-om-eu-pa-island-resultatet","status":"publish","type":"post","link":"https:\/\/www.europesays.com\/no\/337787\/","title":{"rendered":"Folkeavstemning om EU p\u00e5 Island: Resultatet"},"content":{"rendered":"\n<p class=\"_lead_145nj_2 _lead_6fko5_53 layout-component text-serif-m layout-normal text-serif-l layout-component layout-wide layout-padded _wide_17hqh_1 layout-padded\">Nei-siden startet sterkest, men n\u00e5 har ja-siden sl\u00e5tt tilbake. <\/p>\n<p><img alt=\"Statsminister Kristr\u00fan Frostad\u00f3ttir m\u00f8ter pressen etter \u00e5 ha avgitt sin stemme i EU-valget. Foto: Leonhard Foeger \/ Reuters \/ NTB\" class=\"_image_jw3bv_65 layout-component layout-wide\" data-fullscreen- data-track-element-type=\"Article image fullscreen\" data-track-name=\"ImageFullscreen\" fetchpriority=\"high\" decoding=\"sync\" loading=\"eager\" height=\"3668\" itemprop=\"image\"  src=\"https:\/\/www.europesays.com\/no\/wp-content\/uploads\/2026\/08\/bf9dcfc3-8491-3e74-aa9f-3296f894d179.jpeg\"  style=\"object-position:0% 0%\" width=\"5500\"\/>Statsminister Kristr\u00fan Frostad\u00f3ttir m\u00f8ter pressen etter \u00e5 ha avgitt sin stemme i EU-valget. Foto: Leonhard Foeger \/ Reuters \/ NTB<\/p>\n<ul aria-hidden=\"true\" class=\"_images_ntbth_112\">\n<li><a class=\"_link_ntbth_117\" href=\"https:\/\/www.vg.no\/forfatter\/preben-soerensen-olsen\" style=\"z-index:2\" title=\"Preben S\u00f8rensen Olsen\" rel=\"nofollow noopener\" target=\"_blank\"><img alt=\"Bilde av Preben S\u00f8rensen Olsen\" class=\"_image_ntbth_93\" fetchpriority=\"low\" loading=\"lazy\" decoding=\"async\" itemprop=\"image\"  src=\"https:\/\/www.europesays.com\/no\/wp-content\/uploads\/2026\/08\/1788051015_483_64aa1fb4-b39a-43ab-9306-fd34402fdbb9.jpeg\"  width=\"480\"\/><\/a><\/li>\n<li><a class=\"_link_ntbth_117\" href=\"https:\/\/www.vg.no\/forfatter\/marius-medby\" style=\"z-index:1\" title=\"Marius Medby\" rel=\"nofollow noopener\" target=\"_blank\"><img alt=\"Bilde av Marius Medby\" class=\"_image_ntbth_93\" fetchpriority=\"low\" loading=\"lazy\" decoding=\"async\" itemprop=\"image\"  src=\"https:\/\/www.europesays.com\/no\/wp-content\/uploads\/2026\/08\/1788051016_280_7fce7743-7f51-4a52-810a-ae43b183c86f.jpeg\"  width=\"480\"\/><\/a><\/li>\n<\/ul>\n<p> Oppdatert s\u00f8ndag 30. august kl. 01:49     <\/p>\n<p class=\"_paragraph_145nj_4 _paragraph_6fko5_10 layout-component text-serif-m layout-normal text-serif-m layout-padded\">L\u00f8rdag stemmer islendingene over om landet skal gjenoppta forhandlingene om \u00e5 bli medlem av EU. <\/p>\n<p class=\"_paragraph_145nj_4 _paragraph_6fko5_10 layout-component text-serif-m layout-normal text-serif-m layout-padded\">De siste meningsm\u00e5lingene i forkant viste at nei-siden ledet knepent med 51,6 prosent, mens ja-siden ligger p\u00e5 48,4 prosent, if\u00f8lge en Gallup-m\u00e5ling omtalt av\u00a0<a href=\"https:\/\/www.theguardian.com\/world\/2026\/aug\/29\/sovereignty-farming-and-fishing-iceland-votes-on-its-future-with-the-eu\" class=\"_link_145nj_39\" rel=\"nofollow noopener\" target=\"_blank\">The Guardian<\/a>. <\/p>\n<p><img alt=\"Foto: Leonhard Foeger \/ Reuters \/ NTB\" class=\"_image_jw3bv_65 layout-component layout-normal\" data-fullscreen- data-track-element-type=\"Article image fullscreen\" data-track-name=\"ImageFullscreen\" decoding=\"async\" loading=\"lazy\" height=\"3944\" itemprop=\"image\"  src=\"https:\/\/www.europesays.com\/no\/wp-content\/uploads\/2026\/08\/424b5397-d659-31af-85ad-4929be4f639f.jpeg\"  style=\"object-position:0% 0%\" width=\"5543\"\/>Foto: Leonhard Foeger \/ Reuters \/ NTB<\/p>\n<p class=\"_paragraph_145nj_4 _paragraph_6fko5_10 layout-component text-serif-m layout-normal text-serif-m layout-padded\">Valglokalene var \u00e5pne fra klokken 09.00 til 22.00 lokal tid. N\u00e5 telles stemmene \u2013 og resultatet ventes \u00e5 bli klart i l\u00f8pet av natten. <\/p>\n<p class=\"_paragraph_145nj_4 _paragraph_6fko5_10 layout-component text-serif-m layout-normal text-serif-m layout-padded\">Rett over 76.000 teller har blitt talt opp. Ja-siden har 51,5 prosent av stemme. Da de f\u00f8rste tallene kom inn rundt 01.00 norsk tid, ledet nei-siden med sine 59 prosent. <\/p>\n<p class=\"_paragraph_145nj_4 _paragraph_6fko5_10 layout-component text-serif-m layout-normal text-serif-m layout-padded\">Rundt 265.000 islendinger har stemmerett, og over 20 prosent hadde allerede forh\u00e5ndsstemt f\u00f8r valgdagen, skriver\u00a0<a href=\"https:\/\/apnews.com\/article\/iceland-european-union-election-e08b367664056ba7d599e53e23dc2cf3\" class=\"_link_145nj_39\" rel=\"nofollow noopener\" target=\"_blank\">AP<\/a>.<\/p>\n<p class=\"_paragraph_145nj_4 _paragraph_6fko5_10 layout-component text-serif-m layout-normal text-serif-m layout-padded\">Statsminister Kristr\u00fan Frostad\u00f3ttir  fremskyndet folkeavstemningen etter Donald Trumps aggressive utspill om \u00e5 ta kontroll over nabolandet Gr\u00f8nland.<\/p>\n<p><img alt=\"Statsminister Kristr\u00fan Frostad\u00f3ttir  Foto: Marco Di Marco \/ AP \/ NTB\" class=\"_image_jw3bv_65 layout-component layout-normal\" data-fullscreen- data-track-element-type=\"Article image fullscreen\" data-track-name=\"ImageFullscreen\" decoding=\"async\" loading=\"lazy\" height=\"4293\" itemprop=\"image\"  src=\"https:\/\/www.europesays.com\/no\/wp-content\/uploads\/2026\/08\/cd87fe7f-371b-31ef-81eb-676a9e78c499.jpeg\"  style=\"object-position:0% 0%\" width=\"6439\"\/>Statsminister Kristr\u00fan Frostad\u00f3ttir  Foto: Marco Di Marco \/ AP \/ NTB<\/p>\n<p class=\"_paragraph_145nj_4 _paragraph_6fko5_10 layout-component text-serif-m layout-normal text-serif-m layout-padded\">\u2013 Dette har v\u00e6rt et tett l\u00f8p, ekstremt spennende, sa Frostad\u00f3ttir etter \u00e5 ha avgitt sin stemme, if\u00f8lge AP.<\/p>\n<p class=\"_paragraph_145nj_4 _paragraph_6fko5_10 layout-component text-serif-m layout-normal text-serif-m layout-padded\">Debatten har handlet mindre om sikkerhet og mer om fiskeri, landbruk og suverenitet. <\/p>\n<p class=\"_paragraph_145nj_4 _paragraph_6fko5_10 layout-component text-serif-m layout-normal text-serif-m layout-padded\">VG har tidligere v\u00e6rt p\u00e5 <a href=\"https:\/\/www.vg.no\/tag\/island?utm_source=vg-article&amp;utm_medium=auto-tagger&amp;utm_campaign=V6pm81\" class=\"_link_145nj_39\" rel=\"nofollow noopener\" target=\"_blank\">Island<\/a> og dekket oppkj\u00f8ringen til avstemningen.<\/p>\n<p><img alt=\"VG bes\u00f8kte tidligere i \u00e5r det islandske fiskeselskapet Visir. Her st\u00e5r arbeidere p\u00e5 rekke og rad og svinger sylskarpe, tynne kniver.  Foto: G\u00f8ran Bohlin \/ VG\" class=\"_image_jw3bv_65 layout-component layout-normal\" data-fullscreen- data-track-element-type=\"Article image fullscreen\" data-track-name=\"ImageFullscreen\" decoding=\"async\" loading=\"lazy\" height=\"5504\" itemprop=\"image\"  src=\"https:\/\/www.europesays.com\/no\/wp-content\/uploads\/2026\/08\/8f5201a4-f7d4-3938-a474-07725997e75e.jpeg\"  style=\"object-position:0% 0%\" width=\"8256\"\/>VG bes\u00f8kte tidligere i \u00e5r det islandske fiskeselskapet Visir. Her st\u00e5r arbeidere p\u00e5 rekke og rad og svinger sylskarpe, tynne kniver.  Foto: G\u00f8ran Bohlin \/ VG<\/p>\n<p class=\"_paragraph_145nj_4 _paragraph_6fko5_10 layout-component text-serif-m layout-normal text-serif-m layout-padded\">\u2013 Det er blitt veldig steile fronter. Folk trues p\u00e5 livet. Det er helt utrolig at folk mottar drapstrusler for et sp\u00f8rsm\u00e5l om papirarbeid og administrasjon, fortalte 35 \u00e5r gamle Anna Dougal.<\/p>\n<p class=\"_paragraph_145nj_4 _paragraph_6fko5_10 layout-component text-serif-m layout-normal text-serif-m layout-padded\">Nei-siden frykter at EUs felles fiskeripolitikk vil \u00e5pne islandske farvann for spanske og nederlandske tr\u00e5lere.<\/p>\n<p><img alt=\"Foto: Leonhard Foeger \/ Reuters \/ NTB\" class=\"_image_jw3bv_65 layout-component layout-normal\" data-fullscreen- data-track-element-type=\"Article image fullscreen\" data-track-name=\"ImageFullscreen\" decoding=\"async\" loading=\"lazy\" height=\"4828\" itemprop=\"image\"  src=\"https:\/\/www.europesays.com\/no\/wp-content\/uploads\/2026\/08\/aede7e99-1c0a-3d1d-a4f8-5a7d9bae7d86.jpeg\"  style=\"object-position:0% 0%\" width=\"7021\"\/>Foto: Leonhard Foeger \/ Reuters \/ NTB<\/p>\n<p class=\"_paragraph_145nj_4 _paragraph_6fko5_10 layout-component text-serif-m layout-normal text-serif-m layout-padded\">Fiskeindustrien st\u00e5r for nesten 40 prosent av Islands eksport.<\/p>\n<p class=\"_paragraph_145nj_4 _paragraph_6fko5_10 layout-component text-serif-m layout-normal text-serif-m layout-padded\">Et ja betyr ikke automatisk EU-medlemskap \u2013 en eventuell avtale m\u00e5 godkjennes i en ny folkeavstemning.<\/p>\n","protected":false},"excerpt":{"rendered":"Nei-siden startet sterkest, men n\u00e5 har ja-siden sl\u00e5tt tilbake. Statsminister Kristr\u00fan Frostad\u00f3ttir m\u00f8ter pressen etter \u00e5 ha avgitt&hellip;\n","protected":false},"author":2,"featured_media":337788,"comment_status":"","ping_status":"","sticky":false,"template":"","format":"standard","meta":{"footnotes":"","_share_on_mastodon":"0"},"categories":[10],"tags":[20,21,279,24,25,6629,15,7452,22,23,13,30,28,29,14,16,26,27],"class_list":["post-337787","post","type-post","status-publish","format-standard","has-post-thumbnail","category-norge","tag-breaking-news","tag-breakingnews","tag-eu","tag-featured-news","tag-featurednews","tag-folkeavstemning","tag-headlines","tag-island","tag-latest-news","tag-latestnews","tag-news","tag-no","tag-norge","tag-norway","tag-nyheter","tag-overskrifter","tag-top-stories","tag-topstories"],"share_on_mastodon":{"url":"https:\/\/pubeurope.com\/@no\/117181719276696059","error":""},"_links":{"self":[{"href":"https:\/\/www.europesays.com\/no\/wp-json\/wp\/v2\/posts\/337787","targetHints":{"allow":["GET"]}}],"collection":[{"href":"https:\/\/www.europesays.com\/no\/wp-json\/wp\/v2\/posts"}],"about":[{"href":"https:\/\/www.europesays.com\/no\/wp-json\/wp\/v2\/types\/post"}],"author":[{"embeddable":true,"href":"https:\/\/www.europesays.com\/no\/wp-json\/wp\/v2\/users\/2"}],"replies":[{"embeddable":true,"href":"https:\/\/www.europesays.com\/no\/wp-json\/wp\/v2\/comments?post=337787"}],"version-history":[{"count":0,"href":"https:\/\/www.europesays.com\/no\/wp-json\/wp\/v2\/posts\/337787\/revisions"}],"wp:featuredmedia":[{"embeddable":true,"href":"https:\/\/www.europesays.com\/no\/wp-json\/wp\/v2\/media\/337788"}],"wp:attachment":[{"href":"https:\/\/www.europesays.com\/no\/wp-json\/wp\/v2\/media?parent=337787"}],"wp:term":[{"taxonomy":"category","embeddable":true,"href":"https:\/\/www.europesays.com\/no\/wp-json\/wp\/v2\/categories?post=337787"},{"taxonomy":"post_tag","embeddable":true,"href":"https:\/\/www.europesays.com\/no\/wp-json\/wp\/v2\/tags?post=337787"}],"curies":[{"name":"wp","href":"https:\/\/api.w.org\/{rel}","templated":true}]}}