{"id":337797,"date":"2026-08-30T03:06:01","date_gmt":"2026-08-30T03:06:01","guid":{"rendered":"https:\/\/www.europesays.com\/no\/337797\/"},"modified":"2026-08-30T03:06:01","modified_gmt":"2026-08-30T03:06:01","slug":"vurderer-a-bli-president","status":"publish","type":"post","link":"https:\/\/www.europesays.com\/no\/337797\/","title":{"rendered":"&#8211; Vurderer \u00e5 bli president"},"content":{"rendered":"<p class=\"kicker \" style=\"\">Nytt Trump-angrep<\/p>\n<p class=\"subtitle \" style=\"\">Donald Trump g\u00e5r sv\u00e6rt personlig til verks i et nytt angrep p\u00e5 en journalist. N\u00e5 m\u00f8ter presidentens ordbruk kraftig motb\u00f8r.<\/p>\n<p>\n    RASER: USAs president Donald Trump. Foto: Kylie Cooper \/ Reuters \/ NTB\n  <\/p>\n<p>\u00abEn lite attraktiv person b\u00e5de p\u00e5 innsiden og utsiden\u00bb, \u00abstalker\u00bb, \u00absvindler\u00bb og \u00abtaper\u00bb.<\/p>\n<p>Det er bare noen av ordene USAs president Donald Trump brukte om New York Times-journalist og forfatter Maggie Haberman denne helga.<\/p>\n<p>Utbruddet kom i form av en melding p\u00e5 Truth Social og er langt fra Trumps eneste angrep p\u00e5 Haberman opp gjennom \u00e5rene. Denne gangen reagerte han p\u00e5 en artikkel i <a href=\"https:\/\/www.nytimes.com\/2026\/08\/27\/us\/politics\/trump-911-pentagon-ground-zero.html\" rel=\"nofollow noopener\" target=\"_blank\">New York Times<\/a>, der Haberman og tre andre journalister meldte at Trump planla \u00e5 droppe markeringen av 25-\u00e5rsdagen for terrorangrepene 11. september 2001.<\/p>\n<p>If\u00f8lge avisas anonyme kilder skyldtes det blant annet at han ikke hadde f\u00e5tt holde tale.<\/p>\n<p>        <img loading=\"lazy\" decoding=\"async\" src=\"https:\/\/www.europesays.com\/no\/wp-content\/uploads\/2026\/08\/85083156.webp\" width=\"667\" height=\"381\" alt=\"\" class=\"\" style=\"--aspect-ratio-image: 1.75; \"\/><\/p>\n<p>\n        VEKKER TRUMPS VREDE: New York Times-journalist og forfatter Maggie Haberman. Her avbildet under et arrangement i Washington, DC i 2022. Foto: Leigh Vogel \/ AFP \/ NTB\n    <\/p>\n<p>&#8211; Jeg har aldri engang tenkt p\u00e5 det \u00abMaggot\u00bb har diktet opp, skriver Trump.<\/p>\n<p>&#8211; Hvis hun noen gang ble tvunget til \u00e5 avsl\u00f8re \u00abkildene\u00bb sine, ville dere finne ut at de enten ikke eksisterer, eller at de ikke sa det hun hevdet at de sa, fortsetter presidenten.<\/p>\n<p>New York Times st\u00e5r fast ved artikkelen og sier at den er basert p\u00e5 opplysninger fra flere personer med kjennskap til diskusjonene og planleggingen rundt markeringen av 11. september i New York.<\/p>\n<p>&#8211; Journalistene v\u00e5re ba kommunikasjonsavdelingen i Det hvite hus om en kommentar. De ga oss en uttalelse som ikke motsa det vi hadde f\u00e5tt vite. Presidenten valgte \u00e5 angripe saken 24 timer senere, og trakk fram \u00e9n av de fire journalistene som skrev den. Vi er trygge p\u00e5 at opplysningene i saken er korrekte, sier New York Times-talsperson Charlie Stadtlander i en <a href=\"https:\/\/x.com\/NYTimesPR\/status\/2093479135750357368?s=20\" rel=\"nofollow\">uttalelse<\/a>.<\/p>\n<p>        Vil ikke svare: President Donald Trump fyrer l\u00f8s mot en reporter fra ABC News under en pressekonferanse i Det hvite hus fredag 30. januar, etter at han f\u00e5r sp\u00f8rsm\u00e5l om hvorfor han har g\u00e5tt til s\u00f8ksm\u00e5l mot de amerikanske skattemyndighetene, IRS.  <\/p>\n<p>Flere prominente amerikanske journalister har ogs\u00e5 g\u00e5tt knallhardt ut mot Trump etter meldingen.\u00a0<\/p>\n<p>&#8211; Jeg kommer ikke til \u00e5 dele dritten presidenten skrev om Maggie Haberman, men det holder \u00e5 si at hun er et fantastisk menneske, vakker b\u00e5de p\u00e5 innsiden og utsiden, en utrolig mor, kone og kollega \u2013 og en fantastisk journalist, skriver CNNs stjerneanker Jake Tapper p\u00e5 X.\u00a0<\/p>\n<p>&#8211; Presidentens kommentarer er motbydelige og under presidentembetets verdighet.\u00a0<\/p>\n<p>I en ny melding fortsetter han:<\/p>\n<p>&#8211; Vi m\u00e5 aldri venne oss til at forventningene v\u00e5re til hvordan en president skal oppf\u00f8re seg, forvitrer p\u00e5 denne m\u00e5ten. Aldri.<\/p>\n<p>    <a itemprop=\"url\" href=\"https:\/\/www.dagbladet.no\/meninger\/forstoppelsen-i-hormuz-stredet\/85064343\" rel=\"nofollow noopener\" target=\"_blank\"><\/p>\n<p>        <img loading=\"lazy\" decoding=\"async\" src=\"https:\/\/www.europesays.com\/no\/wp-content\/uploads\/2026\/08\/85056481.webp\" width=\"180\" height=\"81\" alt=\"\" class=\"lazyload\" style=\"--aspect-ratio-image: 2.22; \"\/><\/p>\n<p>        Forstoppelsen i Hormuz-stredet<\/p>\n<p>    <\/a><\/p>\n<p>Haberman kommenterte selv Trumps angrep p\u00e5 artikkelen:<\/p>\n<p>&#8211; Vi var helt \u00e5pne med dem om hva vi kom til \u00e5 skrive, inkludert at en del av grunnen til at han ikke skulle til New York, var at han \u00f8nsket \u00e5 holde tale. Det hvite hus kom ikke med noen innvendinger mot det vi rapporterte.<\/p>\n<p>&#8211; S\u00e5, 24 timer senere, begynte presidenten \u00e5 angripe saken. Leserne f\u00e5r selv vurdere hva de mener om en benektelse som kommer dagen etter, sa Haberman til MS Now if\u00f8lge The Independent.\u00a0<\/p>\n<p>    <a itemprop=\"url\" href=\"https:\/\/www.dagbladet.no\/nyheter\/nytt-trump-angrep-mot-journalist-ti-stille\/85027224\" rel=\"nofollow noopener\" target=\"_blank\"><\/p>\n<p>        <img loading=\"lazy\" decoding=\"async\" src=\"https:\/\/www.europesays.com\/no\/wp-content\/uploads\/2026\/08\/1788059161_372_85027320.webp\" width=\"180\" height=\"81\" alt=\"\" class=\"lazyload\" style=\"--aspect-ratio-image: 2.22; \"\/><\/p>\n<p>        Nytt Trump-angrep mot journalist: &#8211; Ti stille<\/p>\n<p>    <\/a><\/p>\n<p>Haberman, som tidligere har jobbet for New York Post og Politico, har dekket Trump gjennom begge presidentperiodene hans.<\/p>\n<p>Nylig har presidentens kritikk av Haberman v\u00e6rt knyttet til boka \u00abRegime Change: Inside the Imperial Presidency of Donald Trump\u00bb, som hun var med p\u00e5 \u00e5 skrive tidligere i \u00e5r. Boka gir et avsl\u00f8ringsrikt innblikk i Trumps vei tilbake til makten.<\/p>\n<p>&#8211; Boka hennes er en vits! 90 prosent av den er falske nyheter. \u00abMaggot\u00bb er en taper! Hvis hun noen gang skrev den sanne historien om meg, ville den faktisk v\u00e6rt ganske kjedelig,\u00a0skrev Trump p\u00e5 Truth Social i juli.<\/p>\n<p>Habermans kollega i New York Times, Katie Rogers, tok henne i forsvar:<\/p>\n<p>\u2013 Verden vet sv\u00e6rt mye om denne presidenten takket v\u00e6re Maggies journalistikk, som har f\u00f8rt til at hun blir plukket ut for angrep som dette. Angrepene stopper henne ikke. Jeg har enn\u00e5 ikke sett noe som kan gj\u00f8re det.<\/p>\n","protected":false},"excerpt":{"rendered":"Nytt Trump-angrep Donald Trump g\u00e5r sv\u00e6rt personlig til verks i et nytt angrep p\u00e5 en journalist. N\u00e5 m\u00f8ter&hellip;\n","protected":false},"author":2,"featured_media":337798,"comment_status":"","ping_status":"","sticky":false,"template":"","format":"standard","meta":{"footnotes":"","_share_on_mastodon":"0"},"categories":[5],"tags":[20,21,55,24,25,15,19,22,23,17,18,13,30,28,29,14,16,6506,26,27,50,412],"class_list":["post-337797","post","type-post","status-publish","format-standard","has-post-thumbnail","category-overskrifter","tag-breaking-news","tag-breakingnews","tag-donald-trump","tag-featured-news","tag-featurednews","tag-headlines","tag-hovedoppslag","tag-latest-news","tag-latestnews","tag-main-news","tag-mainnews","tag-news","tag-no","tag-norge","tag-norway","tag-nyheter","tag-overskrifter","tag-pete-hegseth","tag-top-stories","tag-topstories","tag-usa","tag-utenriks"],"share_on_mastodon":{"url":"https:\/\/pubeurope.com\/@no\/117182253905116086","error":""},"_links":{"self":[{"href":"https:\/\/www.europesays.com\/no\/wp-json\/wp\/v2\/posts\/337797","targetHints":{"allow":["GET"]}}],"collection":[{"href":"https:\/\/www.europesays.com\/no\/wp-json\/wp\/v2\/posts"}],"about":[{"href":"https:\/\/www.europesays.com\/no\/wp-json\/wp\/v2\/types\/post"}],"author":[{"embeddable":true,"href":"https:\/\/www.europesays.com\/no\/wp-json\/wp\/v2\/users\/2"}],"replies":[{"embeddable":true,"href":"https:\/\/www.europesays.com\/no\/wp-json\/wp\/v2\/comments?post=337797"}],"version-history":[{"count":0,"href":"https:\/\/www.europesays.com\/no\/wp-json\/wp\/v2\/posts\/337797\/revisions"}],"wp:featuredmedia":[{"embeddable":true,"href":"https:\/\/www.europesays.com\/no\/wp-json\/wp\/v2\/media\/337798"}],"wp:attachment":[{"href":"https:\/\/www.europesays.com\/no\/wp-json\/wp\/v2\/media?parent=337797"}],"wp:term":[{"taxonomy":"category","embeddable":true,"href":"https:\/\/www.europesays.com\/no\/wp-json\/wp\/v2\/categories?post=337797"},{"taxonomy":"post_tag","embeddable":true,"href":"https:\/\/www.europesays.com\/no\/wp-json\/wp\/v2\/tags?post=337797"}],"curies":[{"name":"wp","href":"https:\/\/api.w.org\/{rel}","templated":true}]}}