{"id":337809,"date":"2026-08-30T03:28:23","date_gmt":"2026-08-30T03:28:23","guid":{"rendered":"https:\/\/www.europesays.com\/no\/337809\/"},"modified":"2026-08-30T03:28:23","modified_gmt":"2026-08-30T03:28:23","slug":"byen-leknes-vestvagoy-avdempet-apning-pa-countryfestivalen-lofot-tidende","status":"publish","type":"post","link":"https:\/\/www.europesays.com\/no\/337809\/","title":{"rendered":"Byen Leknes, Vestv\u00e5g\u00f8y | Avdempet \u00e5pning p\u00e5 countryfestivalen &#8211; Lofot-Tidende"},"content":{"rendered":"<ol>\n<li><a href=\"https:\/\/news.google.com\/rss\/articles\/CBMihgFBVV95cUxNdm1OUTlidnF2ZEJ1d0ZWTnFmT0pma3hlZTFIMWJXTlpxR1h1Y3FxV1BCU0l4LVpWb2VKOWI4OVFfZmxyQVFsZ2drZ0pqUE9zdFVaTWZ1WUhYMmhDTGMzMkNoXzdGckZ2cHNSN3FZaFE1YUNsb2RDSHFSVk1BMXN3ZG8wR2pkZw?oc=5\" target=\"_blank\" rel=\"nofollow noopener\">Byen Leknes, Vestv\u00e5g\u00f8y | Avdempet \u00e5pning p\u00e5 countryfestivalen<\/a>&nbsp;&nbsp;Lofot-Tidende<\/li>\n<li><a href=\"https:\/\/news.google.com\/rss\/articles\/CBMijAFBVV95cUxNTl9wemNJZW1hYlY0QjE3UVhRazVrZW5ZYURib1RTNnhFOXhENmotNXFvaUJET2hXbE1SbkpHU0xTdHkzYUdOaUNvZTktc1hFSG56eFJqTVdzbTJHeU1nZWoyQ3JUbFJlQkJzQ28xYXRFQVFGQ3ctQ08zbkRoVnZuRERoOGtoLThVNEVjcg?oc=5\" target=\"_blank\" rel=\"nofollow noopener\">V\u00e5gan, Vestv\u00e5g\u00f8y | \u2013 Kan f\u00e5 f\u00f8lger for investeringer og utbytte<\/a>&nbsp;&nbsp;Lofotposten<\/li>\n<li><a href=\"https:\/\/news.google.com\/rss\/articles\/CBMijwFBVV95cUxPYVp3YmpJQVEwTWlWaUtfckl3VVBYSXVtQ095TGkybVUwSG5LY0dPNXhTTVVIS0d6UGJXWFdUZWVfcmhSR3AybzYwOEppYjdIekRmcy10Z21iWTNHT29wbzNUQnhHQjJDQnVsM0swQ1BQTkM5MkZYaU9GU09KUWFCb2dtNmgxMTNjT3VfemhjQQ?oc=5\" target=\"_blank\" rel=\"nofollow noopener\">Trafikk, Moskenes | Tekniske problemer f\u00f8rer til kanselleringer<\/a>&nbsp;&nbsp;Lofot-Tidende<\/li>\n<li><a href=\"https:\/\/news.google.com\/rss\/articles\/CBMigwFBVV95cUxNZk54LUhWS3lCNlU0ZGg3aHpBdEROdlV5aUxGU0JSV0JlaS1MM2Nka3MwakFfNjBVWlNSbG9YX3FoWmM0aVpJYlB4Q0xrWHRzSHNRZHB3Y3lzVnAwWEl0ZU1TMTZSdVpYclBTSURmVURyWkNyWW16QXhPMjVySU9TMnBtdw?oc=5\" target=\"_blank\" rel=\"nofollow noopener\">V\u00e5gan, Vestv\u00e5g\u00f8y | Avviser kritikken: \u2013 Vi har ikke snudd!<\/a>&nbsp;&nbsp;Lofotposten<\/li>\n<li><a href=\"https:\/\/news.google.com\/rss\/articles\/CBMihAFBVV95cUxQUVRYRG5tb3FESElQaEc5ZmFRenIxNWhOcEdOLWVtQUFUcHB1UmwwcEZPa3NTREphTS1QVG5YQWM1WVNCSUQxS0dUUGIwNFY0OXp2MXRqMFNRaHZVZXFVNzBreFFyTEhzbTRxd0dHcWlwX2NMb1VpUUN4MHZ1MEIwRm9jZ2I?oc=5\" target=\"_blank\" rel=\"nofollow noopener\">Avviser vingling i Lofotkraft-saken<\/a>&nbsp;&nbsp;vaganavisa.no<\/li>\n<\/ol>\n","protected":false},"excerpt":{"rendered":"Byen Leknes, Vestv\u00e5g\u00f8y | Avdempet \u00e5pning p\u00e5 countryfestivalen&nbsp;&nbsp;Lofot-Tidende V\u00e5gan, Vestv\u00e5g\u00f8y | \u2013 Kan f\u00e5 f\u00f8lger for investeringer og&hellip;\n","protected":false},"author":2,"featured_media":337810,"comment_status":"","ping_status":"","sticky":false,"template":"","format":"standard","meta":{"footnotes":"","_share_on_mastodon":"0"},"categories":[10],"tags":[36,20,21,23288,24,25,15,410,22,23,3957,221,13,30,28,29,14,16,1510,26,27,3119,1460],"class_list":["post-337809","post","type-post","status-publish","format-standard","has-post-thumbnail","category-norge","tag-art","tag-breaking-news","tag-breakingnews","tag-byen-leknes","tag-featured-news","tag-featurednews","tag-headlines","tag-kultur","tag-latest-news","tag-latestnews","tag-lofoten-countryfestival","tag-musikk","tag-news","tag-no","tag-norge","tag-norway","tag-nyheter","tag-overskrifter","tag-story","tag-top-stories","tag-topstories","tag-uteliv","tag-vestvagoy"],"share_on_mastodon":{"url":"https:\/\/pubeurope.com\/@no\/117182339692602549","error":""},"_links":{"self":[{"href":"https:\/\/www.europesays.com\/no\/wp-json\/wp\/v2\/posts\/337809","targetHints":{"allow":["GET"]}}],"collection":[{"href":"https:\/\/www.europesays.com\/no\/wp-json\/wp\/v2\/posts"}],"about":[{"href":"https:\/\/www.europesays.com\/no\/wp-json\/wp\/v2\/types\/post"}],"author":[{"embeddable":true,"href":"https:\/\/www.europesays.com\/no\/wp-json\/wp\/v2\/users\/2"}],"replies":[{"embeddable":true,"href":"https:\/\/www.europesays.com\/no\/wp-json\/wp\/v2\/comments?post=337809"}],"version-history":[{"count":0,"href":"https:\/\/www.europesays.com\/no\/wp-json\/wp\/v2\/posts\/337809\/revisions"}],"wp:featuredmedia":[{"embeddable":true,"href":"https:\/\/www.europesays.com\/no\/wp-json\/wp\/v2\/media\/337810"}],"wp:attachment":[{"href":"https:\/\/www.europesays.com\/no\/wp-json\/wp\/v2\/media?parent=337809"}],"wp:term":[{"taxonomy":"category","embeddable":true,"href":"https:\/\/www.europesays.com\/no\/wp-json\/wp\/v2\/categories?post=337809"},{"taxonomy":"post_tag","embeddable":true,"href":"https:\/\/www.europesays.com\/no\/wp-json\/wp\/v2\/tags?post=337809"}],"curies":[{"name":"wp","href":"https:\/\/api.w.org\/{rel}","templated":true}]}}