{"id":337819,"date":"2026-08-30T04:37:21","date_gmt":"2026-08-30T04:37:21","guid":{"rendered":"https:\/\/www.europesays.com\/no\/337819\/"},"modified":"2026-08-30T04:37:21","modified_gmt":"2026-08-30T04:37:21","slug":"forberedt-pa-trump-besok","status":"publish","type":"post","link":"https:\/\/www.europesays.com\/no\/337819\/","title":{"rendered":"Forberedt p\u00e5 Trump-bes\u00f8k"},"content":{"rendered":"<p>Under Kong Olav gravferd var USA representert<br \/>\nmed dav\u00e6rende visepresident Dan Quayle. P\u00e5 grunn av krigen i Irak, prioriterte<br \/>\nikke president\u00a0George H.W. Bush \u00e5 komme til Oslo.<\/p>\n<p>USA er blant Norges viktigste og fremste allierte. Derfor er det ventet at USA vil v\u00e6re representert av enten president Donald J. Trump, eller<br \/>\nvisepresident James David Vance under gravferden i Oslo.<\/p>\n<p>Ingenting er enn\u00e5 bekreftet og hvem som kommer i til Oslo for \u00e5 ta farvel med kong Harald V, vil trolig ikke v\u00e6re endelig klart f\u00f8r noen dager innen selve<br \/>\ngravferden.<\/p>\n<p>    <a itemprop=\"url\" href=\"https:\/\/www.dagbladet.no\/nyheter\/dette-skjer-i-dag\/85081929\" rel=\"nofollow noopener\" target=\"_blank\"><\/p>\n<p>        <img loading=\"lazy\" decoding=\"async\" src=\"https:\/\/www.europesays.com\/no\/wp-content\/uploads\/2026\/08\/85082337.webp\" width=\"180\" height=\"81\" alt=\"\" class=\"lazyload\" style=\"--aspect-ratio-image: 2.22; \"\/><\/p>\n<p>        Dette skjer i dag<\/p>\n<p>    <\/a><\/p>\n<p>Sikkerhet<\/p>\n<p> Det er forel\u00f8pig ikke kjent n\u00e5r gravferden finner sted, men Politiets sikkerhetstjeneste (PST) og politiet i Oslo har<br \/>\nallerede startet planlegging av sikkerheten.<\/p>\n<p>Under kong Olavs gravferd den 30. januar 1991, iverksatte<br \/>\nnorske myndigheter de mest omfattende sikkerhetstiltak i Norgeshistorien.<br \/>\nGravferden skjedde samtidig med\u00a0\u00abOperasjon Desert Storm\u00bb &#8211; ogs\u00e5 kjent som<br \/>\nGulfkrigen.<\/p>\n<p>        <img loading=\"lazy\" decoding=\"async\" src=\"https:\/\/www.europesays.com\/no\/wp-content\/uploads\/2026\/08\/85081437.webp\" width=\"688\" height=\"393\" alt=\"\" class=\"\" style=\"--aspect-ratio-image: 1.75; \"\/><\/p>\n<p>\n        SVEISES IGJEN: Det er ventet at samtlige kumlokk i Oslo sentrum blir sveiset igjen f\u00f8r gravferden til Kong Harald. Foto: Terje Pedersen \/ ANB\n    <\/p>\n<p>Noe av det f\u00f8rste dav\u00e6rende Politiets Overv\u00e5kingstjeneste<br \/>\n(n\u00e5 PST) og Oslo-politiet startet med, var \u00e5 sveise igjen samtlige kumlokk i<br \/>\nOslo sentrum. Slik at eventuelle terrorister ikke kunne ta seg ned og inn i det<br \/>\nunderjordiske kloakksystemet.<\/p>\n<p>Det er ventet at sikkerhetstiltakene vil bli mer omfattende<br \/>\nog st\u00f8rre under gravferden til Kong Harald.<\/p>\n<p>    <a itemprop=\"url\" href=\"https:\/\/www.dagbladet.no\/kjendis\/trump-om-kong-harald-veldig-trist\/85080030\" rel=\"nofollow noopener\" target=\"_blank\"><\/p>\n<p>        <img loading=\"lazy\" decoding=\"async\" src=\"https:\/\/www.europesays.com\/no\/wp-content\/uploads\/2026\/08\/85080034.webp\" width=\"180\" height=\"81\" alt=\"\" class=\"lazyload\" style=\"--aspect-ratio-image: 2.22; \"\/><\/p>\n<p>        Trump om kong Harald: &#8211; Veldig trist<\/p>\n<p>    <\/a><\/p>\n<p>\u00abPST forberedt\u00bb<\/p>\n<p>&#8211; En del av PSTs livvaktoppdrag g\u00e5r ut p\u00e5 \u00e5 v\u00e6re forberedt<br \/>\np\u00e5 ulike scenarioer og hendelser som kan oppst\u00e5. Det inneb\u00e6rer b\u00e5de planlegging<br \/>\nog gjennomf\u00f8ring, samt iverksettelse av ulike tiltak. Dette vil ogs\u00e5 gjelde i<br \/>\nforbindelse med kongens gravferd. Vi gir ingen ytterligere opplysninger til<br \/>\noffentligheten utover det, sier seniorr\u00e5dgiver Eirik Veum i sikkerhetstjenesten<br \/>\ntil Dagbladet.<\/p>\n<p>        <img loading=\"lazy\" decoding=\"async\" src=\"https:\/\/www.europesays.com\/no\/wp-content\/uploads\/2026\/08\/85081445.webp\" width=\"688\" height=\"393\" alt=\"\" class=\"\" style=\"--aspect-ratio-image: 1.75; \"\/><\/p>\n<p>\n        FORBEREDT: &#8211; PST er forberedt p\u00e5 ulike scenarioer og hendelser som kan oppst\u00e5, sier seniorr\u00e5dgiver Eirik Veum i PST. Foto: Privat\n    <\/p>\n<p>P\u00e5 sp\u00f8rsm\u00e5l om PST er forberedt p\u00e5 at USAs omstridte<br \/>\npresident Donald Trump kan bestemme seg for \u00e5 ville delta i gravferden,<br \/>\nsvarer Veum slik:<\/p>\n<p>&#8211; Vi er forberedt!<\/p>\n<p>\u00abMistet respekt\u00bb<\/p>\n<p>Ved gravferden til dronning Elizabeth II i september 2022<br \/>\nvar USA representert ved dav\u00e6rende president Joe Biden og f\u00f8rstedame Jill<br \/>\nBiden.\u00a0<\/p>\n<p>        <img loading=\"lazy\" decoding=\"async\" src=\"https:\/\/www.europesays.com\/no\/wp-content\/uploads\/2026\/08\/85081461.webp\" width=\"667\" height=\"527\" alt=\"\" class=\"\" style=\"--aspect-ratio-image: 1.27; \"\/><\/p>\n<p>\n        GODE VENNER: Dronning Elizabeth og Kong Harald, her avbildet sammen under et britisk statsbes\u00f8k i Norge. Foto: NTB\n    <\/p>\n<p>Det vakte oppmerksomhet da Donald Trump i sosiale medier langet ut og<br \/>\nh\u00e5net Bidens plassering p\u00e5 14. rad i\u00a0Westminster Abbey. Den dav\u00e6rende<br \/>\neks-presidenten var ikke invitert, men hevdet at USA\u00a0\u2013\u00a0med<br \/>\nplasseringen\u00a0\u2013 hadde mistet internasjonal respekt.\u00a0<\/p>\n<p class=\"font-weight-bold m-font-weight-bold\" data-lab-font_weight=\"font-weight-bold\">Samtidig fastslo Trump<br \/>\nat han selv ville f\u00e5tt en plass mye lengre framme, dersom han hadde v\u00e6rt<br \/>\ninvitert.<\/p>\n<p>        <img loading=\"lazy\" decoding=\"async\" src=\"https:\/\/www.europesays.com\/no\/wp-content\/uploads\/2026\/08\/85081555.webp\" width=\"667\" height=\"381\" alt=\"\" class=\"\" style=\"--aspect-ratio-image: 1.75; \"\/><\/p>\n<p>\n        BES\u00d8KTE KAPELLET: President Donald Trump og f\u00f8rsteedame Melania Trump bes\u00f8kte i fjor kapellet hvor dronning Elizabeth ligger. Foto: Lynne Sladky \/ AP\n    <\/p>\n<p>Da Trump p\u00e5 nytt var valgt til president i USA, bes\u00f8kte han<br \/>\ni september 2025 \u2013 sammen med f\u00f8rstedame Melania Trump \u2013 dronning Elizabeth II<br \/>\ngrav i St. George&#8217;s Chapel i Windsor Castle. Det ble da avholdt en privat<br \/>\nminnestund, og det ble lagt ned en krans i kapellet.<\/p>\n<p>Roste kongen<\/p>\n<p>USAs president har allerede kondolert via<br \/>\nsosial medier. P\u00e5 sitt eget \u00abTruth Social\u00bb, skrev Donald Trump natt til l\u00f8rdag:<\/p>\n<p>\u00abVeldig trist \u00e5 h\u00f8re om bortgangen til<br \/>\nNorges kong Harald \u2013 en sterk, stolt og h\u00f8yt respektert mann. Han elsket landet<br \/>\nsitt og var virkelig elsket og respektert av sitt folk. V\u00e5re tanker g\u00e5r til<br \/>\nkongefamilien og hele Norge i denne vanskelige tiden. Et virkelig stort tap\u00bb.<\/p>\n<p>Kongelige<\/p>\n<p>Samtlige ut\u00f8vende monarkier i Europa er ventet til<br \/>\ngravferden. Sverige, Danmark, Belgia, Nederland, Spania og Storbritannia vil<br \/>\nselvf\u00f8lgelig v\u00e6re representert. I 1991 deltok alle statsoverhodene fra Europas<br \/>\nmonarkier, med unntak av dronning Elizabeth II.\u00a0<\/p>\n<p>        <img loading=\"lazy\" decoding=\"async\" src=\"https:\/\/www.europesays.com\/no\/wp-content\/uploads\/2026\/08\/85081491.webp\" width=\"686\" height=\"481\" alt=\"\" class=\"\" style=\"--aspect-ratio-image: 1.43; \"\/><\/p>\n<p>\n        KOMMER: Dronning Silvia og Kong Carl Gustav st\u00e5r den norske kongefamilien n\u00e6r. Foto: Nicolas Bouvy \/ AP\n    <\/p>\n<p>Trolig vil ogs\u00e5 Europas fyrsted\u00f8mmer v\u00e6re<br \/>\nrepresentert. Statsoverhodene fra Liechtenstein, Monaco og Luxembourg var til<br \/>\nstede i Oslo, mens Vatikanet og Andorra var representert p\u00e5 et lavere niv\u00e5 da<br \/>\nKong Olav ble f\u00f8rt til den siste hvile.<\/p>\n<p>Det er ogs\u00e5 ventet at monarkiene i Marokko, Jordan,<br \/>\nThailand og Japan vil komme til Oslo, for \u00e5 vise kongen den siste \u00e6re.<\/p>\n<p>Statsledere<\/p>\n<p>Ved siden av de kongelige er det grunn til \u00e5 anta at en<br \/>\nrekke presidenter fra hele Europa vil komme. Fra Tyskland vil det v\u00e6re naturlig<br \/>\nat bundespresident\u00a0Frank-Walter Steinmeier kommer.\u00a0<\/p>\n<p>President\u00a0Halla T\u00f3masd\u00f3ttir fra Island og Finlands\u00a0president<br \/>\nCai-G\u00f6ran Alexander Stubb vil naturlig nok komme til gravferden. Ogs\u00e5 andre europeiske<br \/>\nallierte land som Frankrike, Portugal, Hella og Tyrkia vil trolig v\u00e6re representert i Oslo. Det<br \/>\ner ogs\u00e5 ventet at de baltiske land, \u00d8sterrike og Sveits vil v\u00e6re representert<br \/>\np\u00e5 h\u00f8yt niv\u00e5.<\/p>\n<p>        <img loading=\"lazy\" decoding=\"async\" src=\"https:\/\/www.europesays.com\/no\/wp-content\/uploads\/2026\/08\/85081510.webp\" width=\"667\" height=\"381\" alt=\"\" class=\"\" style=\"--aspect-ratio-image: 1.75; \"\/><\/p>\n<p>\n        VENTET: Det er ventet at Finlands president Alexander Stubb kommer til gravferden. Foto: NTB\n    <\/p>\n<p>Ukrainas president\u00a0Volodymyr Zelenskyj vil kunne v\u00e6re p\u00e5 plass under gravferden i Oslo.\u00a0<\/p>\n<p>        <img loading=\"lazy\" decoding=\"async\" src=\"https:\/\/www.europesays.com\/no\/wp-content\/uploads\/2026\/08\/85081523.webp\" width=\"688\" height=\"393\" alt=\"\" class=\"\" style=\"--aspect-ratio-image: 1.75; \"\/><\/p>\n<p>\n        I KRIG: Ukrainas president Volodymyr Zelenskyj kommer trolig ogs\u00e5 til Kong Haralds begravelse. Foto: NTB\n    <\/p>\n<p>Ogs\u00e5 Canadas\u00a0Mark Carney kan komme<br \/>\ntil Norge. Og skulle Trump eller visepresident Vance dukke opp, vil det v\u00e6re en<br \/>\nmulighet for dem \u00e5 snakke om blant tollkrigen mellom USA og Canada.<\/p>\n<p>Politiske m\u00f8ter<\/p>\n<p>Tidligere ambassad\u00f8r og statssekret\u00e6r i<br \/>\nUtenriksdepartementet, Morten Wetland, var ansatt ved SMK \u2013 Statsministerens<br \/>\nkontor \u2013 i 1991, under Kong Olavs gravferd.<\/p>\n<p>&#8211; S\u00e5 vidt jeg husker var det ikke lagt opp til noen politiske<br \/>\nm\u00f8ter fra norske myndigheter da, sier Wetland.<\/p>\n<p>Men det utelukkes likevel ikke at statsledere vil benytte<br \/>\nmuligheten for \u00e5 ha politiske m\u00f8ter og dr\u00f8ftelser, n\u00e5r de m\u00f8tes \u2013 f\u00f8r og etter<br \/>\nselve gravferden.\u00a0<\/p>\n<p>Kongelige uten land<\/p>\n<p>Det er ogs\u00e5 ventet at en rekke av kongefamiliene i<br \/>\neuropeiske land hvor monarkiet er avskaffet vil komme til gravferden. Den danskf\u00f8dte prinsessen\u00a0Anne-Marie av Hellas er en n\u00e6r slektning av den norske<br \/>\nkongefamilien, og vil trolig helt sikkert komme.<\/p>\n<p>        <img loading=\"lazy\" decoding=\"async\" src=\"https:\/\/www.europesays.com\/no\/wp-content\/uploads\/2026\/08\/85082924.webp\" width=\"667\" height=\"381\" alt=\"\" class=\"\" style=\"--aspect-ratio-image: 1.75; \"\/><\/p>\n<p>\n        N\u00c6R VENN: S\u00f8steren til dronning Margrethe, Anne-Marie av Hellas kommer trolig til gravferden. Foto: NTB\n    <\/p>\n<p>Kronprins Aleksandar og kronprinsesse Katherine av<br \/>\nSerbia,\u00a0og prinsesse Margareta av Romania stod ogs\u00e5 kong Harald n\u00e6r, og er<br \/>\nventet til Oslo. Andre kongelige fra Europa som hadde famili\u00e6re b\u00e5nd til Det<br \/>\nnorske kongehuset er ventet til Oslo domkirke.<\/p>\n<p>En rekke andre land vil v\u00e6re representert med ambassad\u00f8rer.<br \/>\nDet utelukkes heller ikke at land Norge har gitt store bistandsmidler til, vil<br \/>\nv\u00e6re representert med statsoverhoder.<\/p>\n<p>Over 100 land<\/p>\n<p>Under gravferden til Kong Olav i januar 1991 deltok<br \/>\nstatsoverhoder, kongelige og ambassad\u00f8rer fra hele 103 nasjoner.<\/p>\n<p>        <img loading=\"lazy\" decoding=\"async\" src=\"https:\/\/www.europesays.com\/no\/wp-content\/uploads\/2026\/08\/85081533.webp\" width=\"667\" height=\"381\" alt=\"\" class=\"\" style=\"--aspect-ratio-image: 1.75; \"\/><\/p>\n<p>\n        SIKKERHET: Om lag 1.500 politifolk passet p\u00e5 sikkerheten under Kong Olavs gravferd i 1991. Foto: Erik Thorberg \/ NTB \/ NTB\n    <\/p>\n<p>Politiet i Oslo hadde utkommandert ikke mindre enn 1500<br \/>\nsivile og uniformerte polititjenestepersoner fra hele Norge under gravferden i<br \/>\n1991. Det er ikke ventet at det blir f\u00e6rre n\u00e5.<\/p>\n<p>Ved siden av norsk politi, vil ogs\u00e5 de aller<br \/>\nfleste av statsoverhodene og de kongelige ha med seg egne sikkerhetsvakter.<\/p>\n<p>Ny sarkofag<\/p>\n<p>Da b\u00e5ren med Kong Olav ble fraktet de f\u00e5 hundre meterne fra<br \/>\nOslo domkirke til\u00a0Det kongelige mausoleum p\u00e5 Akershus slott i 1991, deltok<br \/>\nikke USAs visepresident Dan Quayle i prosesjonen av sikkerhetsmessige \u00e5rsaker.\u00a0<\/p>\n<p>For\u00f8vrig kom visepresidenten ogs\u00e5 for sent til seremonien i domkirken. Dan Quayle deltok bare p\u00e5 mottakelsen p\u00e5 Slottet, da kom han rett fra Oslos tidligere hovedflyplass Fornebu.<\/p>\n<p>        <img loading=\"lazy\" decoding=\"async\" src=\"https:\/\/www.europesays.com\/no\/wp-content\/uploads\/2026\/08\/85081480.webp\" width=\"688\" height=\"393\" alt=\"\" class=\"\" style=\"--aspect-ratio-image: 1.75; \"\/><\/p>\n<p>\n        HVILE: Her skal Kong Harald ligge i en sarkofag, ved siden av sin far, mor og besteforeldre i Det kongelige mausoleet i under Slottskirken p\u00e5 Akershus festning. Foto: Heiko Junge \/ NTB\n    <\/p>\n<p>I Det kongelige mausoleum p\u00e5 Akershus slott vil kong Harald bli plassert i en ny sarkofag. Kong Haakon VII og dronning Maud ligger<br \/>\ni en marmor-sarkofag. Sarkofagen til Kong Olav V og hans kronprinsesse M\u00e4rtha \u2013<br \/>\ni bronse \u2013 er ogs\u00e5 plassert ved siden av. <\/p>\n<p>        <img loading=\"lazy\" decoding=\"async\" src=\"https:\/\/www.europesays.com\/no\/wp-content\/uploads\/2026\/08\/85081541.webp\" width=\"667\" height=\"667\" alt=\"\" class=\"\" style=\"--aspect-ratio-image: 1.00; \"\/><\/p>\n<p>\n        FOLKEKONGEN: Kong Harald var hele folkets konge. .Foto: Lise Aaserud \/ NTB\n    <\/p>\n<p>Det er ukjent hvilket materiale Kong Haralds<br \/>\nnye sarkofag blir laget av.<\/p>\n","protected":false},"excerpt":{"rendered":"Under Kong Olav gravferd var USA representert med dav\u00e6rende visepresident Dan Quayle. P\u00e5 grunn av krigen i Irak,&hellip;\n","protected":false},"author":2,"featured_media":337820,"comment_status":"","ping_status":"","sticky":false,"template":"","format":"standard","meta":{"footnotes":"","_share_on_mastodon":"0"},"categories":[12],"tags":[20,21,24,25,15,2539,26069,22,23,13,30,28,29,14,16,26,27,42,43,44,45],"class_list":["post-337819","post","type-post","status-publish","format-standard","has-post-thumbnail","category-verden","tag-breaking-news","tag-breakingnews","tag-featured-news","tag-featurednews","tag-headlines","tag-innenriks","tag-kong-harald-dod","tag-latest-news","tag-latestnews","tag-news","tag-no","tag-norge","tag-norway","tag-nyheter","tag-overskrifter","tag-top-stories","tag-topstories","tag-verden","tag-world","tag-world-news","tag-worldnews"],"share_on_mastodon":{"url":"https:\/\/pubeurope.com\/@no\/117182611772478172","error":""},"_links":{"self":[{"href":"https:\/\/www.europesays.com\/no\/wp-json\/wp\/v2\/posts\/337819","targetHints":{"allow":["GET"]}}],"collection":[{"href":"https:\/\/www.europesays.com\/no\/wp-json\/wp\/v2\/posts"}],"about":[{"href":"https:\/\/www.europesays.com\/no\/wp-json\/wp\/v2\/types\/post"}],"author":[{"embeddable":true,"href":"https:\/\/www.europesays.com\/no\/wp-json\/wp\/v2\/users\/2"}],"replies":[{"embeddable":true,"href":"https:\/\/www.europesays.com\/no\/wp-json\/wp\/v2\/comments?post=337819"}],"version-history":[{"count":0,"href":"https:\/\/www.europesays.com\/no\/wp-json\/wp\/v2\/posts\/337819\/revisions"}],"wp:featuredmedia":[{"embeddable":true,"href":"https:\/\/www.europesays.com\/no\/wp-json\/wp\/v2\/media\/337820"}],"wp:attachment":[{"href":"https:\/\/www.europesays.com\/no\/wp-json\/wp\/v2\/media?parent=337819"}],"wp:term":[{"taxonomy":"category","embeddable":true,"href":"https:\/\/www.europesays.com\/no\/wp-json\/wp\/v2\/categories?post=337819"},{"taxonomy":"post_tag","embeddable":true,"href":"https:\/\/www.europesays.com\/no\/wp-json\/wp\/v2\/tags?post=337819"}],"curies":[{"name":"wp","href":"https:\/\/api.w.org\/{rel}","templated":true}]}}