{"id":337825,"date":"2026-08-30T05:20:13","date_gmt":"2026-08-30T05:20:13","guid":{"rendered":"https:\/\/www.europesays.com\/no\/337825\/"},"modified":"2026-08-30T05:20:13","modified_gmt":"2026-08-30T05:20:13","slug":"atte-ar-gamle-elbiler-disse-klarer-seg-best-i-eu-kontroll","status":"publish","type":"post","link":"https:\/\/www.europesays.com\/no\/337825\/","title":{"rendered":"\u00c5tte \u00e5r gamle elbiler: Disse klarer seg best i EU-kontroll"},"content":{"rendered":"<p class=\"subtitle \" style=\"\">P\u00e5 jakt etter en skikkelig rimelig elbil? Vi har analysert hvordan det gikk da nesten 28\u00a0000 elbiler fra 2017 var inne til EU-kontroll i fjor. For \u00e9n modell str\u00f8k 95,7 prosent.<\/p>\n<p>\n    BLANT DE BEDRE: Godt over halvparten av \u00e5tte \u00e5r gamle Hyundai Ioniq-modeller ble godkjent i EU-kontroll i fjor. Den imponerte s\u00e6rlig p\u00e5 to punkter. Foto: Knut Moberg\n  <\/p>\n<p>  <img decoding=\"async\" class=\"pw-top-image\" src=\"https:\/\/www.europesays.com\/no\/wp-content\/uploads\/2026\/08\/1788067211_777_696x379_Sommerkampanje_PW_2026.png\" alt=\"Kampanje bilde\"\/><\/p>\n<p>    <img decoding=\"async\" src=\"https:\/\/graphics.dbstatic.no\/paywall\/logo\/dbpe.svg\" alt=\"dbpe logo\"\/><\/p>\n<p id=\"prod-description\"> Mer \u00e5 snakke om. Avslutt n\u00e5r du vil.<\/p>\n<p>\n        Fornyes til 99,-\/mnd<\/p>\n<p>        Kj\u00f8p<\/p>\n<p>\n          2 Mnd 50%<br \/>\n          Inkl Nextory\n        <\/p>\n<p>\n          99<br \/>\n          kr\n        <\/p>\n<p>\n        Fornyes til 99,- pr. mnd<\/p>\n<p>        Kj\u00f8p<\/p>\n<p>\n        Fornyes til 179,-\/kvt<\/p>\n<p>        Kj\u00f8p<\/p>\n<p>    <img decoding=\"async\" src=\"https:\/\/graphics.dbstatic.no\/paywall\/logo\/plto.svg\" alt=\"plto logo\"\/><\/p>\n<p id=\"prod-description\"> Dagbladet Pluss, Elbil24 PRO, KK Pluss og Se og H\u00f8r Pluss i samme pakke!<\/p>\n<p>\n        Fornyes til kr 129,-\/mnd<\/p>\n<p>        Kj\u00f8p<\/p>\n<p>\n        Fornyes til kr 299,-\/kvrt<\/p>\n<p>        Kj\u00f8p<\/p>\n<p>        Betingelser<\/p>\n<p>            Det er en betingelse for \u00e5 benytte dette tilbudet at du aksepterer \u00e5 motta markedsf\u00f8ring for Dagbladet Pluss<br \/>\n            og andre publikasjoner fra Aller Media AS (&laquo;Aller Media&raquo;) via e-post eller SMS i en periode p\u00e5 inntil 8 uker<br \/>\n            fra du aksepterer tilbudet. Du kan n\u00e5r som helst reservere deg mot markedsf\u00f8ring fra Aller Media.<\/p>\n<p>        F\u00e5 gratis tilgang<br \/>\n         Aller Media behandler personopplysninger om deg n\u00e5r du logger<br \/>\n          inn p\u00e5 v\u00e5re nettsider og n\u00e5r du oppretter et gratisabonnement.<br \/>\n          Les mer i v\u00e5r <a href=\"https:\/\/personvern.aller.no\/personvern\" target=\"_blank\" rel=\"nofollow noopener\">personvernerkl\u00e6ring<\/a>.<\/p>\n<p>      <img decoding=\"async\" src=\"https:\/\/graphics.dbstatic.no\/paywall\/loading.svg\" alt=\"loading\"\/><br \/>\n      Behandler din bestilling<\/p>\n<p>      Bestilling vellykket<\/p>\n<p>Takk for din bestilling. Du vil motta en epost med bekreftelse og informasjon om ditt abonnement til email<\/p>\n<p>          Tilbake til innholdet<\/p>\n<p>      Betalingsfeil.<\/p>\n<p>Pr\u00f8v igjen eller kontakt kundeservice.<\/p>\n<p>\n         Pr\u00f8v ny betaling <\/p>\n<p>          Tilbake til innholdet<\/p>\n","protected":false},"excerpt":{"rendered":"P\u00e5 jakt etter en skikkelig rimelig elbil? Vi har analysert hvordan det gikk da nesten 28\u00a0000 elbiler fra&hellip;\n","protected":false},"author":2,"featured_media":337826,"comment_status":"","ping_status":"","sticky":false,"template":"","format":"standard","meta":{"footnotes":"","_share_on_mastodon":"0"},"categories":[56],"tags":[3533,60,61,267,26119,7042,62,30,28,29,218,4408],"class_list":["post-337825","post","type-post","status-publish","format-standard","has-post-thumbnail","category-naeringsliv","tag-bruktbil","tag-business","tag-economy","tag-elbil","tag-elbil24","tag-eu-kontroll","tag-naeringsliv","tag-no","tag-norge","tag-norway","tag-pluss","tag-tema"],"share_on_mastodon":{"url":"https:\/\/pubeurope.com\/@no\/117182780692850644","error":""},"_links":{"self":[{"href":"https:\/\/www.europesays.com\/no\/wp-json\/wp\/v2\/posts\/337825","targetHints":{"allow":["GET"]}}],"collection":[{"href":"https:\/\/www.europesays.com\/no\/wp-json\/wp\/v2\/posts"}],"about":[{"href":"https:\/\/www.europesays.com\/no\/wp-json\/wp\/v2\/types\/post"}],"author":[{"embeddable":true,"href":"https:\/\/www.europesays.com\/no\/wp-json\/wp\/v2\/users\/2"}],"replies":[{"embeddable":true,"href":"https:\/\/www.europesays.com\/no\/wp-json\/wp\/v2\/comments?post=337825"}],"version-history":[{"count":0,"href":"https:\/\/www.europesays.com\/no\/wp-json\/wp\/v2\/posts\/337825\/revisions"}],"wp:featuredmedia":[{"embeddable":true,"href":"https:\/\/www.europesays.com\/no\/wp-json\/wp\/v2\/media\/337826"}],"wp:attachment":[{"href":"https:\/\/www.europesays.com\/no\/wp-json\/wp\/v2\/media?parent=337825"}],"wp:term":[{"taxonomy":"category","embeddable":true,"href":"https:\/\/www.europesays.com\/no\/wp-json\/wp\/v2\/categories?post=337825"},{"taxonomy":"post_tag","embeddable":true,"href":"https:\/\/www.europesays.com\/no\/wp-json\/wp\/v2\/tags?post=337825"}],"curies":[{"name":"wp","href":"https:\/\/api.w.org\/{rel}","templated":true}]}}