{"id":337827,"date":"2026-08-30T05:22:13","date_gmt":"2026-08-30T05:22:13","guid":{"rendered":"https:\/\/www.europesays.com\/no\/337827\/"},"modified":"2026-08-30T05:22:13","modified_gmt":"2026-08-30T05:22:13","slug":"teaterstykke-om-kongefamilien-hadde-lukket-premiere-dagen-etter-haralds-dod","status":"publish","type":"post","link":"https:\/\/www.europesays.com\/no\/337827\/","title":{"rendered":"Teaterstykke om kongefamilien hadde lukket premiere dagen etter Haralds d\u00f8d"},"content":{"rendered":"\n<p class=\"_lead_145nj_2 _lead_6fko5_53 layout-component text-serif-m layout-normal text-serif-l layout-component layout-wide layout-padded _wide_17hqh_1 layout-padded\">Teaterstykket \u00abS\u00f8nnen\u00bb skulle hatt premiere p\u00e5 Den Nationale Scene i Bergen l\u00f8rdag, men dagen f\u00f8r d\u00f8de Hans Majestet kong Harald. Forestillingen ble likevel spilt, men som lukket visning.<\/p>\n<p><img alt=\"Teaterstykket \u00abS\u00f8nnen\u00bb skulle hatt premiere dagen f\u00f8r Hans Majestet kong Harald gikk bort. L\u00f8rdag spilte de for et lukket publikum.&#10;Foto: Lise \u00c5serud \/ NTB\" class=\"_image_jw3bv_65 layout-component layout-wide\" data-fullscreen- data-track-element-type=\"Article image fullscreen\" data-track-name=\"ImageFullscreen\" fetchpriority=\"high\" decoding=\"sync\" loading=\"eager\" height=\"1106\" itemprop=\"image\"  src=\"https:\/\/www.europesays.com\/no\/wp-content\/uploads\/2026\/08\/ca4b7c80-fc7e-3c05-a516-762bd1195aa6.jpeg\"  style=\"object-position:0% 0%\" width=\"1474\"\/>Teaterstykket \u00abS\u00f8nnen\u00bb skulle hatt premiere dagen f\u00f8r Hans Majestet kong Harald gikk bort. L\u00f8rdag spilte de for et lukket publikum.<br \/>\nFoto: Lise \u00c5serud \/ NTB<\/p>\n<ul aria-hidden=\"true\" class=\"_images_ntbth_112\">\n<li><a class=\"_link_ntbth_117\" href=\"https:\/\/www.vg.no\/forfatter\/ntb\" style=\"z-index:1\" title=\"NTB\" rel=\"nofollow noopener\" target=\"_blank\"><img alt=\"Bilde av NTB\" class=\"_image_ntbth_93\" fetchpriority=\"low\" loading=\"lazy\" decoding=\"async\" itemprop=\"image\"  src=\"https:\/\/www.europesays.com\/no\/wp-content\/uploads\/2026\/08\/1788067333_11_c33980b0-5d07-4027-84a1-813f90a7c8d6.jpeg\"  width=\"480\"\/><\/a><\/li>\n<\/ul>\n<p> Oppdatert s\u00f8ndag 30. august kl. 06:52     <\/p>\n<p class=\"_paragraph_145nj_4 _paragraph_6fko5_10 layout-component text-serif-m layout-normal text-serif-m layout-padded\">Stykket handler om kongehusets utfordringer og rettssaken mot Marius Borg H\u00f8iby. Det skulle opprinnelig hatt premiere i juni, men ble utsatt til 29. august.<\/p>\n<p class=\"_paragraph_145nj_4 _paragraph_6fko5_10 layout-component text-serif-m layout-normal text-serif-m layout-padded\">Teatersjef Solrun Toft Iversen valgte \u00e5 gjennomf\u00f8re forestillingen som en lukket visning, med et publikum p\u00e5 30 personer, if\u00f8lge <a href=\"https:\/\/www.bt.no\/kultur\/i\/n1bdOL\/dns-stykket-soennen-ble-vist-for-foerste-gang-for-30-mennesker-inne-paa-kulturhuset-i-bergen\" class=\"_link_145nj_39\" rel=\"nofollow noopener\" target=\"_blank\">Bergens Tidende.<\/a><\/p>\n<p class=\"_paragraph_145nj_4 _paragraph_6fko5_10 layout-component text-serif-m layout-normal text-serif-m layout-padded\">\u2013 Det var helt umulig for oss \u00e5 rulle ut en r\u00f8d l\u00f8per og si at n\u00e5 er publikum velkomment til dette n\u00e5, sier hun.<\/p>\n<p class=\"_paragraph_145nj_4 _paragraph_6fko5_10 layout-component text-serif-m layout-normal text-serif-m layout-padded\">Selve publikumspremieren blir f\u00f8rstkommende onsdag. Iversen forteller at alle som har kj\u00f8pt billetter til stykket vil f\u00e5 et brev fra henne p\u00e5 mandag.<\/p>\n<p class=\"_paragraph_145nj_4 _paragraph_6fko5_10 layout-component text-serif-m layout-normal text-serif-m layout-padded\">\u2013 Der forteller vi at vi fremstiller <a href=\"https:\/\/www.vg.no\/tag\/kong-harald?utm_source=vg-article&amp;utm_medium=auto-tagger&amp;utm_campaign=vrbM4L\" class=\"_link_145nj_39\" rel=\"nofollow noopener\" target=\"_blank\">kong Harald<\/a> i to scener i denne forestillingen. Det syns jeg er viktig at publikum f\u00e5r vite, sier hun.<\/p>\n<p class=\"_paragraph_145nj_4 _paragraph_6fko5_10 layout-component text-serif-m layout-normal text-serif-m layout-padded\">Stykket skal spilles 16 ganger frem til 1. oktober, og nesten alle forestillingene er utsolgt.<\/p>\n","protected":false},"excerpt":{"rendered":"Teaterstykket \u00abS\u00f8nnen\u00bb skulle hatt premiere p\u00e5 Den Nationale Scene i Bergen l\u00f8rdag, men dagen f\u00f8r d\u00f8de Hans Majestet&hellip;\n","protected":false},"author":2,"featured_media":337828,"comment_status":"","ping_status":"","sticky":false,"template":"","format":"standard","meta":{"footnotes":"","_share_on_mastodon":"0"},"categories":[10],"tags":[20,21,26098,1560,24,25,15,26120,26105,22,23,13,30,28,29,14,16,26,27],"class_list":["post-337827","post","type-post","status-publish","format-standard","has-post-thumbnail","category-norge","tag-breaking-news","tag-breakingnews","tag-dronning-mette-marit","tag-dronning-sonja","tag-featured-news","tag-featurednews","tag-headlines","tag-kong-haakon-7","tag-kong-harald-5","tag-latest-news","tag-latestnews","tag-news","tag-no","tag-norge","tag-norway","tag-nyheter","tag-overskrifter","tag-top-stories","tag-topstories"],"share_on_mastodon":{"url":"https:\/\/pubeurope.com\/@no\/117182788565163483","error":""},"_links":{"self":[{"href":"https:\/\/www.europesays.com\/no\/wp-json\/wp\/v2\/posts\/337827","targetHints":{"allow":["GET"]}}],"collection":[{"href":"https:\/\/www.europesays.com\/no\/wp-json\/wp\/v2\/posts"}],"about":[{"href":"https:\/\/www.europesays.com\/no\/wp-json\/wp\/v2\/types\/post"}],"author":[{"embeddable":true,"href":"https:\/\/www.europesays.com\/no\/wp-json\/wp\/v2\/users\/2"}],"replies":[{"embeddable":true,"href":"https:\/\/www.europesays.com\/no\/wp-json\/wp\/v2\/comments?post=337827"}],"version-history":[{"count":0,"href":"https:\/\/www.europesays.com\/no\/wp-json\/wp\/v2\/posts\/337827\/revisions"}],"wp:featuredmedia":[{"embeddable":true,"href":"https:\/\/www.europesays.com\/no\/wp-json\/wp\/v2\/media\/337828"}],"wp:attachment":[{"href":"https:\/\/www.europesays.com\/no\/wp-json\/wp\/v2\/media?parent=337827"}],"wp:term":[{"taxonomy":"category","embeddable":true,"href":"https:\/\/www.europesays.com\/no\/wp-json\/wp\/v2\/categories?post=337827"},{"taxonomy":"post_tag","embeddable":true,"href":"https:\/\/www.europesays.com\/no\/wp-json\/wp\/v2\/tags?post=337827"}],"curies":[{"name":"wp","href":"https:\/\/api.w.org\/{rel}","templated":true}]}}