{"id":337843,"date":"2026-08-30T05:44:34","date_gmt":"2026-08-30T05:44:34","guid":{"rendered":"https:\/\/www.europesays.com\/no\/337843\/"},"modified":"2026-08-30T05:44:34","modified_gmt":"2026-08-30T05:44:34","slug":"ordforeren-i-oslo-avlyser-bryllup-dagbladet","status":"publish","type":"post","link":"https:\/\/www.europesays.com\/no\/337843\/","title":{"rendered":"Ordf\u00f8reren i Oslo avlyser bryllup &#8211; Dagbladet"},"content":{"rendered":"<ol>\n<li><a href=\"https:\/\/news.google.com\/rss\/articles\/CBMigAFBVV95cUxOX0RYNWo1ZFBiS2hYLWp6Z3RMN3VFeVBZRWtUNWlYQTRBS3lQa0o2WVc4T3Q2ZWQtcjVHcTZ0eDlTa1kxN0YwaUk5c19Lb2NKYjM4Yk82THE4dHRBZGVwV3NPQmJqNjMxbUZ1bXh2TS1kamZXUzRLYzR3Z3UzLVBCcg?oc=5\" target=\"_blank\" rel=\"nofollow noopener\">Ordf\u00f8reren i Oslo avlyser bryllup<\/a>&nbsp;&nbsp;Dagbladet<\/li>\n<li><a href=\"https:\/\/news.google.com\/rss\/articles\/CBMilAFBVV95cUxPY3cwYkkzeDVlSmxSNjFqSlJpX3JIMjRURGNjR3k2anlqb3lvcU90Unhha0J3WnZFN0x0RE0yYThoYjVYV3ZLVEJsRUZTWFgtLWptdHltOGpMaWwydGVRVXNqckdZV0NreFp3UXNxZzFNNmxRRTEzOW4zUllvVy16X3EyYlE0QjdWbW5fdlFDXzBiQ2xF?oc=5\" target=\"_blank\" rel=\"nofollow noopener\">Kong Harald, Politikk | Ordf\u00f8reren avlyser eget bryllup etter Kongens d\u00f8d<\/a>&nbsp;&nbsp;Avisa Oslo<\/li>\n<li><a href=\"https:\/\/news.google.com\/rss\/articles\/CBMijAFBVV95cUxQV0VtTjNad1pVZG1SX3UySzdsLXdpZm1fQWJfQ1U2M0ROUzRfYkhOQWNKMXUwZ3JmMnB4SFN6NEx2bGpUeVhybFZGSkw3SUMzTXh5T2lxREx1SHpnTkhkYjE1UXd0eHFPbWZzalM1YW15TDludEN1cUt5X2xrZHVTNUNSaDVkNnpSc3hLNw?oc=5\" target=\"_blank\" rel=\"nofollow noopener\">Oslo-ordf\u00f8rer Anne Lindboe avlyser eget bryllup<\/a>&nbsp;&nbsp;VG<\/li>\n<li><a href=\"https:\/\/news.google.com\/rss\/articles\/CBMiugFBVV95cUxNdjF5cHVEczZqWEQ2ZVRkamNzUGQ4MXBaTWlMZEh4VjZVS0Y3a0VDODVwc2IxZ2RTckFJa0R5cUIyamNTZXo0WFdHOTVraWJfb1diX2RpaUdPejhiTDdWX0d3NFpFX1JUMGtCZzdhZUJ5X1kzVV9pRXk5REJ5X2J2VkdydEJxWkM4RXhqdS1EbmM3T2NfTEcxcEFEZkJyYzU0dFhpVmR6VGlsX2VqTGFQTC1HN2xCZVBVSEE?oc=5\" target=\"_blank\" rel=\"nofollow noopener\">Oslo-ordf\u00f8reren skulle gifte seg fredag \u2013 avlyser<\/a>&nbsp;&nbsp;TV 2<\/li>\n<li><a href=\"https:\/\/news.google.com\/rss\/articles\/CBMiigFBVV95cUxPVUswb0dyVkRyc08yNXVGWlRQbWhfUGZibFRRaWxyTkFfNHo4bFZzTmhBWk1Ea2Nhbjd5dTNKY1MxTktLUzlTM1JZZ3dRX3pya2xaMms5SDRCd2lNcTRQbmRqQ2U3TFFzbUxrU0FRcGlYSnpnc3ZJLThMV2tEdW4wa0tQOUVhMFgwWnc?oc=5\" target=\"_blank\" rel=\"nofollow noopener\">Kong Harald, Kongehuset | Oslo-ordf\u00f8rer avlyser eget bryllup<\/a>&nbsp;&nbsp;Nettavisen<\/li>\n<\/ol>\n","protected":false},"excerpt":{"rendered":"Ordf\u00f8reren i Oslo avlyser bryllup&nbsp;&nbsp;Dagbladet Kong Harald, Politikk | Ordf\u00f8reren avlyser eget bryllup etter Kongens d\u00f8d&nbsp;&nbsp;Avisa Oslo Oslo-ordf\u00f8rer&hellip;\n","protected":false},"author":2,"featured_media":337844,"comment_status":"","ping_status":"","sticky":false,"template":"","format":"standard","meta":{"footnotes":"","_share_on_mastodon":"0"},"categories":[5],"tags":[20,21,24,25,15,19,2539,22,23,17,18,13,30,28,29,14,16,26,27],"class_list":["post-337843","post","type-post","status-publish","format-standard","has-post-thumbnail","category-overskrifter","tag-breaking-news","tag-breakingnews","tag-featured-news","tag-featurednews","tag-headlines","tag-hovedoppslag","tag-innenriks","tag-latest-news","tag-latestnews","tag-main-news","tag-mainnews","tag-news","tag-no","tag-norge","tag-norway","tag-nyheter","tag-overskrifter","tag-top-stories","tag-topstories"],"share_on_mastodon":{"url":"https:\/\/pubeurope.com\/@no\/117182874452713177","error":""},"_links":{"self":[{"href":"https:\/\/www.europesays.com\/no\/wp-json\/wp\/v2\/posts\/337843","targetHints":{"allow":["GET"]}}],"collection":[{"href":"https:\/\/www.europesays.com\/no\/wp-json\/wp\/v2\/posts"}],"about":[{"href":"https:\/\/www.europesays.com\/no\/wp-json\/wp\/v2\/types\/post"}],"author":[{"embeddable":true,"href":"https:\/\/www.europesays.com\/no\/wp-json\/wp\/v2\/users\/2"}],"replies":[{"embeddable":true,"href":"https:\/\/www.europesays.com\/no\/wp-json\/wp\/v2\/comments?post=337843"}],"version-history":[{"count":0,"href":"https:\/\/www.europesays.com\/no\/wp-json\/wp\/v2\/posts\/337843\/revisions"}],"wp:featuredmedia":[{"embeddable":true,"href":"https:\/\/www.europesays.com\/no\/wp-json\/wp\/v2\/media\/337844"}],"wp:attachment":[{"href":"https:\/\/www.europesays.com\/no\/wp-json\/wp\/v2\/media?parent=337843"}],"wp:term":[{"taxonomy":"category","embeddable":true,"href":"https:\/\/www.europesays.com\/no\/wp-json\/wp\/v2\/categories?post=337843"},{"taxonomy":"post_tag","embeddable":true,"href":"https:\/\/www.europesays.com\/no\/wp-json\/wp\/v2\/tags?post=337843"}],"curies":[{"name":"wp","href":"https:\/\/api.w.org\/{rel}","templated":true}]}}