{"id":337847,"date":"2026-08-30T06:11:13","date_gmt":"2026-08-30T06:11:13","guid":{"rendered":"https:\/\/www.europesays.com\/no\/337847\/"},"modified":"2026-08-30T06:11:13","modified_gmt":"2026-08-30T06:11:13","slug":"politiet-flere-skutt-pa-fest-i-sveits","status":"publish","type":"post","link":"https:\/\/www.europesays.com\/no\/337847\/","title":{"rendered":"Politiet: Flere skutt p\u00e5 fest i Sveits"},"content":{"rendered":"\n<p class=\"_lead_145nj_2 _lead_6fko5_53 layout-component text-serif-m layout-normal text-serif-l layout-component layout-wide layout-padded _wide_17hqh_1 layout-padded\">Skuddene ble avfyrt under en fest p\u00e5 en veddel\u00f8psbane i Sveits natt til s\u00f8ndag, skriver Blick. <\/p>\n<p><img alt=\"Politiet patruljerer gatene i Aargau s\u00f8ndag morgen. Foto: MICHAEL BUHOLZER \/ EPA \/ NTB\" class=\"_image_jw3bv_65 layout-component layout-wide\" data-fullscreen- data-track-element-type=\"Article image fullscreen\" data-track-name=\"ImageFullscreen\" fetchpriority=\"high\" decoding=\"sync\" loading=\"eager\" height=\"3668\" itemprop=\"image\"  src=\"https:\/\/www.europesays.com\/no\/wp-content\/uploads\/2026\/08\/c471ff84-421e-301b-b440-8a66b4c93e28.jpeg\"  style=\"object-position:0% 0%\" width=\"5500\"\/>Politiet patruljerer gatene i Aargau s\u00f8ndag morgen. Foto: MICHAEL BUHOLZER \/ EPA \/ NTB<\/p>\n<ul aria-hidden=\"true\" class=\"_images_ntbth_112\">\n<li><a class=\"_link_ntbth_117\" href=\"https:\/\/www.vg.no\/forfatter\/isak-loeve-pilskog-loe\" style=\"z-index:2\" title=\"Isak L\u00f8ve Pilskog Loe\" rel=\"nofollow noopener\" target=\"_blank\"><img alt=\"Bilde av Isak L\u00f8ve Pilskog Loe\" class=\"_image_ntbth_93\" fetchpriority=\"low\" loading=\"lazy\" decoding=\"async\" itemprop=\"image\"  src=\"https:\/\/www.europesays.com\/no\/wp-content\/uploads\/2026\/08\/1788070270_98_8b0354e3-bf53-460c-9c1c-790321a0c923.jpeg\"  width=\"480\"\/><\/a><\/li>\n<li><a class=\"_link_ntbth_117\" href=\"https:\/\/www.vg.no\/forfatter\/anja-ariel-toernes-brekke\" style=\"z-index:1\" title=\"Anja A. T. Brekke\" rel=\"nofollow noopener\" target=\"_blank\"><img alt=\"Bilde av Anja A. T. Brekke\" class=\"_image_ntbth_93\" fetchpriority=\"low\" loading=\"lazy\" decoding=\"async\" itemprop=\"image\"  src=\"https:\/\/www.europesays.com\/no\/wp-content\/uploads\/2026\/08\/1788070271_12_dadbfa45-6783-3a32-964d-5f96923a9ad5.jpeg\"  width=\"480\"\/><\/a><\/li>\n<\/ul>\n<p> Oppdatert s\u00f8ndag 30. august kl. 08:02     <\/p>\n<p class=\"_paragraph_145nj_4 _paragraph_6fko5_10 layout-component text-serif-m layout-normal text-serif-m layout-padded\">Natt til s\u00f8ndag skal flere personer ha blitt skutt under en fest i Schachen-omr\u00e5det i den sveitsiske kantonenkantonenregion Aargau.<\/p>\n<p class=\"_paragraph_145nj_4 _paragraph_6fko5_10 layout-component text-serif-m layout-normal text-serif-m layout-padded\">Hendelsen skal ha skjedd like etter klokken 02:30, skriver den sveitsiske avisen Blick. En person avisen har snakket med, fortalte at han h\u00f8rte \u00abgjentatte skudd\u00bb. <\/p>\n<p class=\"_paragraph_145nj_4 _paragraph_6fko5_10 layout-component text-serif-m layout-normal text-serif-m layout-padded\">Politiet bekreftet f\u00f8r klokken 06.00 at det er \u00abflere ofre\u00bb, men det er uklart om dette gjelder d\u00f8dsfall.<\/p>\n<p class=\"_paragraph_145nj_4 _paragraph_6fko5_10 layout-component text-serif-m layout-normal text-serif-m layout-padded\">Kort tid etter klokken 07.00 m\u00f8tte medietalsperson Pascal Wenzel for Aargau kantonpoliti pressen. <\/p>\n<p class=\"_paragraph_145nj_4 _paragraph_6fko5_10 layout-component text-serif-m layout-normal text-serif-m layout-padded\">\u2013 Vi st\u00e5r overfor en spesiell situasjon. Det er snakk om flere ofre, men vi kan forel\u00f8pig ikke si noe om skader eller annen informasjon, sier Wenzel. <\/p>\n<p class=\"_root_1xq52_1\" lang=\"de\" dir=\"auto\">++Aarau: N\u00e4chtliche Sch\u00fcsse bei Veranstaltung im Schachen. Mehrere Opfer. Grosseinsatz der Polizei l\u00e4uft. Bleiben Sie dem Gebiet fern. Videos und Bilder bitte an Insta-Kanal Kantonspolizei_Aargau. Weitere Infos folgen.++<\/p>\n<p class=\"_paragraph_145nj_4 _paragraph_6fko5_10 layout-component text-serif-m layout-normal text-serif-m layout-padded\">Politiet har oppfordret publikum til \u00e5 holde seg unna omr\u00e5det. <\/p>\n<p class=\"_paragraph_145nj_4 _paragraph_6fko5_10 layout-component text-serif-m layout-normal text-serif-m layout-padded\">Fremdeles er de tilstede med store ressurser. <\/p>\n<p class=\"_paragraph_145nj_4 _paragraph_6fko5_10 layout-component text-serif-m layout-normal text-serif-m layout-padded\">P\u00e5 sp\u00f8rsm\u00e5l om det kan v\u00e6re flere gjerningspersoner involvert, svarer politiet at etterforskningen fortsatt p\u00e5g\u00e5r. <\/p>\n<p class=\"_paragraph_145nj_4 _paragraph_6fko5_10 layout-component text-serif-m layout-normal text-serif-m layout-padded\">\u2013 Jeg kan ikke si noe om det var \u00e9n eller flere involvert, sier talspersonen, sier Wenzel. <\/p>\n<p><img alt=\"Foto: MICHAEL BUHOLZER \/ EPA \/ NTB\" class=\"_image_jw3bv_65 layout-component layout-normal\" data-fullscreen- data-track-element-type=\"Article image fullscreen\" data-track-name=\"ImageFullscreen\" decoding=\"async\" loading=\"lazy\" height=\"1572\" itemprop=\"image\"  src=\"https:\/\/www.europesays.com\/no\/wp-content\/uploads\/2026\/08\/3b5f108d-9337-30fc-89dc-d86cdd9bdfc4.jpeg\"  style=\"object-position:0% 0%\" width=\"2358\"\/>Foto: MICHAEL BUHOLZER \/ EPA \/ NTB<\/p>\n<p class=\"_paragraph_145nj_4 _paragraph_6fko5_10 layout-component text-serif-m layout-normal text-serif-m layout-padded\">Om v\u00e5penet er sikret, eller om gjerningspersonen fortsatt er p\u00e5 frifot med v\u00e5pen, er ogs\u00e5 uavklart. <\/p>\n<p class=\"_paragraph_145nj_4 _paragraph_6fko5_10 layout-component text-serif-m layout-normal text-serif-m layout-padded\">\u2013 Det er fortsatt en del av etterforskningen, sier politiet. <\/p>\n<p>    <img decoding=\"async\" alt=\"Tips oss illustrasjon\" src=\"https:\/\/www.europesays.com\/no\/wp-content\/uploads\/2026\/08\/1788070273_313_pssst-small.webp\"\/>    <\/p>\n<p class=\"title-serif-s\">Har du tips?<\/p>\n<p class=\"text-sans-m\">Send oss informasjon, bilder eller video.<\/p>\n<p>  <a href=\"https:\/\/www.vg.no\/tips-oss\" rel=\"nofollow noopener\" target=\"_blank\"> Tips oss <\/a>      <\/p>\n","protected":false},"excerpt":{"rendered":"Skuddene ble avfyrt under en fest p\u00e5 en veddel\u00f8psbane i Sveits natt til s\u00f8ndag, skriver Blick. Politiet patruljerer&hellip;\n","protected":false},"author":2,"featured_media":337848,"comment_status":"","ping_status":"","sticky":false,"template":"","format":"standard","meta":{"footnotes":"","_share_on_mastodon":"0"},"categories":[12],"tags":[31,20,21,24,25,15,22,23,13,30,28,29,14,16,314,209,26,27,42,43,44,45],"class_list":["post-337847","post","type-post","status-publish","format-standard","has-post-thumbnail","category-verden","tag-breaking","tag-breaking-news","tag-breakingnews","tag-featured-news","tag-featurednews","tag-headlines","tag-latest-news","tag-latestnews","tag-news","tag-no","tag-norge","tag-norway","tag-nyheter","tag-overskrifter","tag-skyting","tag-sveits","tag-top-stories","tag-topstories","tag-verden","tag-world","tag-world-news","tag-worldnews"],"share_on_mastodon":{"url":"https:\/\/pubeurope.com\/@no\/117182981591279608","error":""},"_links":{"self":[{"href":"https:\/\/www.europesays.com\/no\/wp-json\/wp\/v2\/posts\/337847","targetHints":{"allow":["GET"]}}],"collection":[{"href":"https:\/\/www.europesays.com\/no\/wp-json\/wp\/v2\/posts"}],"about":[{"href":"https:\/\/www.europesays.com\/no\/wp-json\/wp\/v2\/types\/post"}],"author":[{"embeddable":true,"href":"https:\/\/www.europesays.com\/no\/wp-json\/wp\/v2\/users\/2"}],"replies":[{"embeddable":true,"href":"https:\/\/www.europesays.com\/no\/wp-json\/wp\/v2\/comments?post=337847"}],"version-history":[{"count":0,"href":"https:\/\/www.europesays.com\/no\/wp-json\/wp\/v2\/posts\/337847\/revisions"}],"wp:featuredmedia":[{"embeddable":true,"href":"https:\/\/www.europesays.com\/no\/wp-json\/wp\/v2\/media\/337848"}],"wp:attachment":[{"href":"https:\/\/www.europesays.com\/no\/wp-json\/wp\/v2\/media?parent=337847"}],"wp:term":[{"taxonomy":"category","embeddable":true,"href":"https:\/\/www.europesays.com\/no\/wp-json\/wp\/v2\/categories?post=337847"},{"taxonomy":"post_tag","embeddable":true,"href":"https:\/\/www.europesays.com\/no\/wp-json\/wp\/v2\/tags?post=337847"}],"curies":[{"name":"wp","href":"https:\/\/api.w.org\/{rel}","templated":true}]}}