{"id":337931,"date":"2026-08-30T08:46:17","date_gmt":"2026-08-30T08:46:17","guid":{"rendered":"https:\/\/www.europesays.com\/no\/337931\/"},"modified":"2026-08-30T08:46:17","modified_gmt":"2026-08-30T08:46:17","slug":"konfronterte-arbeidsministeren-dere-har-et-stort-ansvar-e24","status":"publish","type":"post","link":"https:\/\/www.europesays.com\/no\/337931\/","title":{"rendered":"Konfronterte arbeids\u00administeren: \u2013 Dere har et stort ansvar \u2013 E24"},"content":{"rendered":"\n<p>Oppsummeringen er laget med kunstig intelligens og kvalitetssikret av E24s journalister.<\/p>\n<ul class=\"_list_16k26_3 _list_tj395_103 _unordered_16k26_103 _textTheme_1yhmn_1 body-small\">\n<li class=\"_item_16k26_63\">Arbeidsminister Kjersti Stenseng inviterte Marthe Sandven Richardsen til m\u00f8te etter at hun kritiserte politikernes spr\u00e5k i sykefrav\u00e6rsdebatten.<\/li>\n<li class=\"_item_16k26_63\">Richardsen, som selv falt ut av arbeidslivet p\u00e5 grunn av sykdom, mener politikerne deler ut skam til sykemeldte.<\/li>\n<li class=\"_item_16k26_63\">Stenseng erkjenner at noen uttalelser i debatten er satt p\u00e5 spissen og kan oppleves belastende.<\/li>\n<li class=\"_item_16k26_63\">Stenseng sier hun vil f\u00e5 ned sykefrav\u00e6ret, men at det handler om hjelpeapparatet og arbeidsplassene og ikke om at folk skal skjerpe seg.<\/li>\n<\/ul>\n<p>Vis mer  <\/p>\n<p class=\"_textTheme_1yhmn_1 _paragraph_16k26_4 _paragraph_3ue4t_27 layout-component layout-normal layout-padded body-medium\">\u2013 Jeg forst\u00e5r at noen uttalelser fra flere av oss i denne debatten er satt p\u00e5 spissen p\u00e5 en m\u00e5te som oppfattes som at det p\u00e5f\u00f8rer skyld og skam, sier arbeidsminister Kjersti Stenseng.<\/p>\n<p class=\"_textTheme_1yhmn_1 _paragraph_16k26_4 _paragraph_3ue4t_27 layout-component layout-normal layout-padded body-medium\">Onsdag hadde hun invitert Marthe Sandven Richardsen inn p\u00e5 statsr\u00e5dskontoret, etter at Richardsen <a href=\"https:\/\/e24.no\/karriere-og-ledelse\/i\/d4rkwz\/falt-ut-av-arbeidslivet-det-er-mye-skam-som-deles-ut\" class=\"_link_16k26_32\" rel=\"nofollow noopener\" target=\"_blank\">kritiserte politikerne for \u00e5 legge sten til byrden<\/a> for de som st\u00e5r utenfor arbeidslivet.  <\/p>\n<p> <img alt=\"P\u00c5 VEI INN: Marthe Sandven Richardsen p\u00e5 vei opp trappene til statsr\u00e5dens kontor i Arbeidsdepartementet.\" class=\"_image_1jxax_84 layout-component layout-normal\" data-fullscreen- data-track-element-type=\"Article image fullscreen\" data-track-name=\"ImageFullscreen\" decoding=\"async\" loading=\"lazy\" height=\"4200\" itemprop=\"image\"  src=\"https:\/\/www.europesays.com\/no\/wp-content\/uploads\/2026\/08\/fe13d7ee-1b56-3332-b70e-6764fd686d5c.jpeg\"  style=\"object-position:51.91269841269841% 34.19047619047619%\" width=\"6300\"\/>P\u00c5 VEI INN: Marthe Sandven Richardsen p\u00e5 vei opp trappene til statsr\u00e5dens kontor i Arbeidsdepartementet. Foto: Siv DolmenVis mer <\/p>\n<p class=\"_textTheme_1yhmn_1 _paragraph_16k26_4 _paragraph_3ue4t_27 layout-component layout-normal layout-padded body-medium\">\u2013 Det deles ut mye skam, sa Richardsen, som selv falt ut av arbeidslivet p\u00e5 grunn av sykdom for fire \u00e5r siden. <\/p>\n<p> \u2013 Stigmatiserende <\/p>\n<p class=\"_textTheme_1yhmn_1 _paragraph_16k26_4 _paragraph_3ue4t_27 layout-component layout-normal layout-padded body-medium\">Inne p\u00e5 statsr\u00e5dskontoret byr Stenseng p\u00e5 kaffe. <\/p>\n<p class=\"_textTheme_1yhmn_1 _paragraph_16k26_4 _paragraph_3ue4t_27 layout-component layout-normal layout-padded body-medium\">\u2013 Dere politikere har et stort ansvar for hvordan dere uttaler dere og omtaler mennesker, starter Richardsen.<\/p>\n<p class=\"_textTheme_1yhmn_1 _paragraph_16k26_4 _paragraph_3ue4t_27 layout-component layout-normal layout-padded body-medium\">Stenseng har siden hun ble arbeidsminister for et \u00e5r siden, v\u00e6rt sv\u00e6rt tydelig p\u00e5 at sykefrav\u00e6ret m\u00e5 ned. Flere skal i jobb og f\u00e6rre skal motta sykepenger, dagpenger, arbeidsavklaringspenger og uf\u00f8retrygd.<\/p>\n<p class=\"_textTheme_1yhmn_1 _paragraph_16k26_4 _paragraph_3ue4t_27 layout-component layout-normal layout-padded body-medium\">Ved m\u00f8tebordet hos statsr\u00e5den, siterer Richardsen fra et intervju i Aftenposten i v\u00e5r der Stenseng sa \u00abLivet v\u00e5rt er jo kjipt innimellom. Det er ikke terningkast seks, men det betyr ikke at vi ikke skal jobbe\u00bb.<\/p>\n<p class=\"_textTheme_1yhmn_1 _paragraph_16k26_4 _paragraph_3ue4t_27 layout-component layout-normal layout-padded body-medium\">\u2013 Det blir for mange ganske stigmatiserende, sier Richardsen. <\/p>\n<p class=\"_textTheme_1yhmn_1 _paragraph_16k26_4 _paragraph_3ue4t_27 layout-component layout-normal layout-padded body-medium\">Hun minner om at det er sv\u00e6rt forskjellige grunner til at folk st\u00e5r utenfor arbeidslivet.<\/p>\n<p> <img alt=\"B\u00d8R PRESISERE: Marthe Sandven Richardsen  minner om at det er sv\u00e6rt forskjellige grunner til at folk st\u00e5r utenfor arbeidslivet.\" class=\"_image_1jxax_84 layout-component layout-normal\" data-fullscreen- data-track-element-type=\"Article image fullscreen\" data-track-name=\"ImageFullscreen\" decoding=\"async\" loading=\"lazy\" height=\"3601\" itemprop=\"image\"  src=\"https:\/\/www.europesays.com\/no\/wp-content\/uploads\/2026\/08\/650db8ba-f141-31eb-9c41-2095bd66825f.jpeg\"  style=\"object-position:43.491945935937785% 33.40738683698973%\" width=\"5401\"\/>B\u00d8R PRESISERE: Marthe Sandven Richardsen  minner om at det er sv\u00e6rt forskjellige grunner til at folk st\u00e5r utenfor arbeidslivet. Foto: Siv DolmenVis mer <\/p>\n<p class=\"_textTheme_1yhmn_1 _paragraph_16k26_4 _paragraph_3ue4t_27 layout-component layout-normal layout-padded body-medium\">\u2013 Noen har bare feber, andre har kreft. Det er kanskje p\u00e5 tide \u00e5 begynne \u00e5 spesifisere hva vi snakker om, sier hun. <\/p>\n<p class=\"_textTheme_1yhmn_1 _paragraph_16k26_4 _paragraph_3ue4t_27 layout-component layout-normal layout-padded body-medium\">Richardsen forteller at etter E24-intervjuet om hvordan hun opplever sykefrav\u00e6rsdebatten, har hun h\u00f8rt fra mange som kjenner seg igjen i beskrivelsen hennes.<\/p>\n<p> \u2013 Gjenkjennelig og relevant <\/p>\n<p class=\"_textTheme_1yhmn_1 _paragraph_16k26_4 _paragraph_3ue4t_27 layout-component layout-normal layout-padded body-medium\">Statsr\u00e5den sitter lenge og bare lytter.<\/p>\n<p class=\"_textTheme_1yhmn_1 _paragraph_16k26_4 _paragraph_3ue4t_27 layout-component layout-normal layout-padded body-medium\">\u2013 Jeg skj\u00f8nner veldig godt at vi har et stort ansvar for \u00e5 bidra til at denne debatten ikke setter merkelapper og p\u00e5f\u00f8rer skyld og skam. Det er en vanskelig nok situasjon du st\u00e5r i, sier Stenseng til slutt.<\/p>\n<p class=\"_textTheme_1yhmn_1 _paragraph_16k26_4 _paragraph_3ue4t_27 layout-component layout-normal layout-padded body-medium\">\u2013 Det du l\u00f8fter opp er b\u00e5de gjenkjennelig og relevant. Men det er ogs\u00e5 komplekst, det er ikke noen enkle svar her, sier hun.<\/p>\n<p> <img alt=\"\u2013 Jeg skj\u00f8nner veldig godt at vi har et stort ansvar, sier Kjersti Stenseng.\" class=\"_image_1jxax_84 layout-component layout-normal\" data-fullscreen- data-track-element-type=\"Article image fullscreen\" data-track-name=\"ImageFullscreen\" decoding=\"async\" loading=\"lazy\" height=\"3409\" itemprop=\"image\"  src=\"https:\/\/www.europesays.com\/no\/wp-content\/uploads\/2026\/08\/eab407b8-6508-3f67-937b-3aaaca9ac123.jpeg\"  style=\"object-position:31.674163895951494% 34.77559401584042%\" width=\"5113\"\/>\u2013 Jeg skj\u00f8nner veldig godt at vi har et stort ansvar, sier Kjersti Stenseng. Foto: Siv DolmenVis mer  <\/p>\n<p class=\"_textTheme_1yhmn_1 _paragraph_16k26_4 _paragraph_3ue4t_27 layout-component layout-normal layout-padded body-medium\">Stenseng sier det er helt n\u00f8dvendig \u00e5 f\u00e5 ned sykefrav\u00e6ret. Som arbeidsminister f\u00f8ler hun et ansvar for \u00e5 l\u00f8fte en debatt om hva som er problemene og hvordan vi l\u00f8ser dem. <\/p>\n<p> \u2013 Det er helt greit <\/p>\n<p class=\"_textTheme_1yhmn_1 _paragraph_16k26_4 _paragraph_3ue4t_27 layout-component layout-normal layout-padded body-medium\">I mange tilfeller mener hun ogs\u00e5 at det \u00e5 v\u00e6re p\u00e5 jobb kan bidra til \u00e5 gj\u00f8re folk friske. <\/p>\n<p class=\"_textTheme_1yhmn_1 _paragraph_16k26_4 _paragraph_3ue4t_27 layout-component layout-normal layout-padded body-medium\">\u2013 Men noen ganger skal du ikke jobbe. Og da skal du ha trygghet for at du har inntekt og sikring og at det er helt greit. Du skal ikke p\u00e5f\u00f8res skam for det, sier hun.<\/p>\n<p class=\"_textTheme_1yhmn_1 _paragraph_16k26_4 _paragraph_3ue4t_27 layout-component layout-normal layout-padded body-medium\">Richardsen utfordrer henne:<\/p>\n<p class=\"_textTheme_1yhmn_1 _paragraph_16k26_4 _paragraph_3ue4t_27 layout-component layout-normal layout-padded body-medium\">\u2013 Hvordan tenker du politikerne kan jobbe med spr\u00e5kbruken og f\u00e5 mindre skam, da? <\/p>\n<p class=\"_textTheme_1yhmn_1 _paragraph_16k26_4 _paragraph_3ue4t_27 layout-component layout-normal layout-padded body-medium\">\u2013 Vi m\u00e5 sette ord p\u00e5 utfordringen uten \u00e5 stigmatisere folk. Jeg pr\u00f8ver \u00e5 prate om hva vi kan gj\u00f8re med systemet som skal hjelpe folk og p\u00e5 arbeidsplassen. Det er v\u00e5rt ansvar, sier Stenseng, og legger til:<\/p>\n<p class=\"_textTheme_1yhmn_1 _paragraph_16k26_4 _paragraph_3ue4t_27 layout-component layout-normal layout-padded body-medium\">\u2013 Jeg vil pr\u00f8ve \u00e5 prate \u00e6rlig om disse problemene uten at du skal sitte og kjenne p\u00e5 at det er du som gj\u00f8r noe feil. For det er det ikke, sier hun.<\/p>\n<p> Forvirrende fra Nav <\/p>\n<p class=\"_textTheme_1yhmn_1 _paragraph_16k26_4 _paragraph_3ue4t_27 layout-component layout-normal layout-padded body-medium\">Marthe forteller ogs\u00e5 om d\u00e5rlige erfaringer med Nav. <\/p>\n<p class=\"_textTheme_1yhmn_1 _paragraph_16k26_4 _paragraph_3ue4t_27 layout-component layout-normal layout-padded body-medium\">Hun har opplevd \u00e5 f\u00e5 motstridende og uforst\u00e5elige beskjeder, og derfor blitt g\u00e5ende i ukevis uten \u00e5 f\u00e5 utbetalt penger hun hadde krav p\u00e5.<\/p>\n<p class=\"_textTheme_1yhmn_1 _paragraph_16k26_4 _paragraph_3ue4t_27 layout-component layout-normal layout-padded body-medium\">\u2013 Jeg skj\u00f8nner at man skal ha regler, kontroll og dokumentasjon, men systemet m\u00e5 v\u00e6re mulig \u00e5 h\u00e5ndtere for menneskene det er laget for, sier hun.<\/p>\n<p class=\"_textTheme_1yhmn_1 _paragraph_16k26_4 _paragraph_3ue4t_27 layout-component layout-normal layout-padded body-medium\">Hun minner om at det er lovfestet at det offentlige skal kommunisere p\u00e5 et klart og korrekt spr\u00e5k tilpasset m\u00e5lgruppen. <\/p>\n<p class=\"_textTheme_1yhmn_1 _paragraph_16k26_4 _paragraph_3ue4t_27 layout-component layout-normal layout-padded body-medium\">\u2013 Et minstekrav m\u00e5 v\u00e6re at informasjonen fra Nav er riktig, entydig og forst\u00e5elig, sier hun.<\/p>\n<p> <img alt=\"OPPGITT OVER NAV: Marthe Sandven Richardsen har opplevd \u00e5 f\u00e5 motstridende og uforst\u00e5elige beskjeder fra Nav.\" class=\"_image_1jxax_84 layout-component layout-normal\" data-fullscreen- data-track-element-type=\"Article image fullscreen\" data-track-name=\"ImageFullscreen\" decoding=\"async\" loading=\"lazy\" height=\"4200\" itemprop=\"image\"  src=\"https:\/\/www.europesays.com\/no\/wp-content\/uploads\/2026\/08\/6eefe893-3219-356d-adb7-82cb070529ed.jpeg\"  style=\"object-position:43.19047619047619% 46.214285714285715%\" width=\"6300\"\/>OPPGITT OVER NAV: Marthe Sandven Richardsen har opplevd \u00e5 f\u00e5 motstridende og uforst\u00e5elige beskjeder fra Nav. Foto: Siv DolmenVis mer <\/p>\n<p class=\"_textTheme_1yhmn_1 _paragraph_16k26_4 _paragraph_3ue4t_27 layout-component layout-normal layout-padded body-medium\">\u2013 Det er lett \u00e5 v\u00e6re enig i det du sier. Det er mange som beskriver vedtak som rett og slett er s\u00e5 kompliserte at de er vanskelig \u00e5 forst\u00e5. Det m\u00e5 bli enklere, sier Stenseng.<\/p>\n<p class=\"_textTheme_1yhmn_1 _paragraph_16k26_4 _paragraph_3ue4t_27 layout-component layout-normal layout-padded body-medium\">Hun forteller at regjeringen har satt ned et utvalg som jobber med en forenkling av folketrygdloven. M\u00e5let er \u00e5 gj\u00f8re det enklere for Nav-ansatte \u00e5 gj\u00f8re sine vurderinger og for brukerne \u00e5 forst\u00e5 meldingene de f\u00e5r.<\/p>\n<p> \u2013 Handler ikke om \u00e5 skjerpe seg <\/p>\n<p class=\"_textTheme_1yhmn_1 _paragraph_16k26_4 _paragraph_3ue4t_27 layout-component layout-normal layout-padded body-medium\">P\u00e5 sp\u00f8rsm\u00e5l fra E24 om Stenseng f\u00f8ler seg truffet av kritikken mot politikernes spr\u00e5k, sier hun at hun alltid pr\u00f8ver \u00e5 tenke igjennom ordbruken sin. <\/p>\n<p class=\"_textTheme_1yhmn_1 _paragraph_16k26_4 _paragraph_3ue4t_27 layout-component layout-normal layout-padded body-medium\">\u2013 Vi m\u00e5 klare \u00e5 prate om det uten \u00e5 peke p\u00e5 enkeltpersoner som ikke vil jobbe, det handler ikke om det, sier hun.<\/p>\n<p class=\"_textTheme_1yhmn_1 _paragraph_16k26_4 _paragraph_3ue4t_27 layout-component layout-normal layout-padded body-medium\">\u2013 Tror du det er mange som mottar ytelser i dag som ikke faktisk er syke, men som bare har \u00abvondt i viljen\u00bb?<\/p>\n<p class=\"_textTheme_1yhmn_1 _paragraph_16k26_4 _paragraph_3ue4t_27 layout-component layout-normal layout-padded body-medium\">\u2013 Nei, jeg mener ikke at folk er borte fra jobben n\u00e5r de er friske. Dette handler ikke om at folk skal skjerpe seg, sier hun.<\/p>\n<p> \u2013 Gjenst\u00e5r \u00e5 se <\/p>\n<p class=\"_textTheme_1yhmn_1 _paragraph_16k26_4 _paragraph_3ue4t_27 layout-component layout-normal layout-padded body-medium\">Utenfor Arbeidsdepartementet etter bes\u00f8ket er Richardsen glad for at Stenseng tok seg tid \u00e5 m\u00f8te henne.<\/p>\n<p class=\"_textTheme_1yhmn_1 _paragraph_16k26_4 _paragraph_3ue4t_27 layout-component layout-normal layout-padded body-medium\">\u2013 Jeg f\u00f8lte at hun lyttet. Men politikere er jo gode med ord, det gjenst\u00e5r \u00e5 se om det g\u00e5r fra ord til handling, sier hun.<\/p>\n<p> <img alt=\"AVVENTENDE: \u2013 Det gjenst\u00e5r \u00e5 se om det g\u00e5r fra ord til handling, sier Richardsen utenfor Arbeidsdepartementet etter m\u00f8tet.\" class=\"_image_1jxax_84 layout-component layout-normal\" data-fullscreen- data-track-element-type=\"Article image fullscreen\" data-track-name=\"ImageFullscreen\" decoding=\"async\" loading=\"lazy\" height=\"4200\" itemprop=\"image\"  src=\"https:\/\/www.europesays.com\/no\/wp-content\/uploads\/2026\/08\/e8d6b892-2acb-3f87-a1f2-2bc270f027b8.jpeg\"  style=\"object-position:55.91269841269841% 24.904761904761905%\" width=\"6300\"\/>AVVENTENDE: \u2013 Det gjenst\u00e5r \u00e5 se om det g\u00e5r fra ord til handling, sier Richardsen utenfor Arbeidsdepartementet etter m\u00f8tet. Foto: Siv DolmenVis mer <\/p>\n<p class=\"_textTheme_1yhmn_1 _paragraph_16k26_4 _paragraph_3ue4t_27 layout-component layout-normal layout-padded body-medium\">\u2013 Hva \u00f8nsker du deg fra politikerne i debatten fremover?<\/p>\n<p class=\"_textTheme_1yhmn_1 _paragraph_16k26_4 _paragraph_3ue4t_27 layout-component layout-normal layout-padded body-medium\">\u2013 Jeg h\u00e5per at debatten kan bli mer nyansert. At politikerne blir litt mer bevisst p\u00e5 hvordan de snakker, sier hun. <\/p>\n<p> <a class=\"_link_12q07_20\" data-track-id=\"teaser:M7arOJ\" data-track-impression=\"true\" data-track-name=\"Dette sier forskningen om hjemmekontor\" data-track-element-size=\"small\" data-track-element-type=\"Teaser\" data-track-image-url=\"https:\/\/www.europesays.com\/no\/wp-content\/uploads\/2026\/08\/1788079577_413_ce23c649-3f92-3957-b955-c3ab5639cb7d.jpeg\" data-track-layout-name=\"image:right\" data-track-position-source=\"related-article\" href=\"https:\/\/e24.no\/karriere-og-ledelse\/i\/M7arOJ\/dette-sier-forskningen-om-hjemmekontor\" rel=\"nofollow noopener\" target=\"_blank\"><img decoding=\"async\" alt=\"\" class=\"_image_12q07_77\" height=\"3536\" loading=\"lazy\"  src=\"https:\/\/www.europesays.com\/no\/wp-content\/uploads\/2026\/08\/1788079577_413_ce23c649-3f92-3957-b955-c3ab5639cb7d.jpeg\"  width=\"5304\"\/><\/p>\n<p class=\"label-small _kicker_12q07_98\">Les ogs\u00e5<\/p>\n<p>Dette sier forskningen om hjemmekontor<\/a>     <\/p>\n","protected":false},"excerpt":{"rendered":"Oppsummeringen er laget med kunstig intelligens og kvalitetssikret av E24s journalister. Arbeidsminister Kjersti Stenseng inviterte Marthe Sandven Richardsen&hellip;\n","protected":false},"author":2,"featured_media":337932,"comment_status":"","ping_status":"","sticky":false,"template":"","format":"standard","meta":{"footnotes":"","_share_on_mastodon":"0"},"categories":[5],"tags":[465,20,21,24,25,15,19,1263,22,23,17,18,13,30,28,29,14,16,131,26,27],"class_list":["post-337931","post","type-post","status-publish","format-standard","has-post-thumbnail","category-overskrifter","tag-arbeidsliv","tag-breaking-news","tag-breakingnews","tag-featured-news","tag-featurednews","tag-headlines","tag-hovedoppslag","tag-kjersti-stenseng","tag-latest-news","tag-latestnews","tag-main-news","tag-mainnews","tag-news","tag-no","tag-norge","tag-norway","tag-nyheter","tag-overskrifter","tag-sykefravaer","tag-top-stories","tag-topstories"],"share_on_mastodon":{"url":"https:\/\/pubeurope.com\/@no\/117183590226930495","error":""},"_links":{"self":[{"href":"https:\/\/www.europesays.com\/no\/wp-json\/wp\/v2\/posts\/337931","targetHints":{"allow":["GET"]}}],"collection":[{"href":"https:\/\/www.europesays.com\/no\/wp-json\/wp\/v2\/posts"}],"about":[{"href":"https:\/\/www.europesays.com\/no\/wp-json\/wp\/v2\/types\/post"}],"author":[{"embeddable":true,"href":"https:\/\/www.europesays.com\/no\/wp-json\/wp\/v2\/users\/2"}],"replies":[{"embeddable":true,"href":"https:\/\/www.europesays.com\/no\/wp-json\/wp\/v2\/comments?post=337931"}],"version-history":[{"count":0,"href":"https:\/\/www.europesays.com\/no\/wp-json\/wp\/v2\/posts\/337931\/revisions"}],"wp:featuredmedia":[{"embeddable":true,"href":"https:\/\/www.europesays.com\/no\/wp-json\/wp\/v2\/media\/337932"}],"wp:attachment":[{"href":"https:\/\/www.europesays.com\/no\/wp-json\/wp\/v2\/media?parent=337931"}],"wp:term":[{"taxonomy":"category","embeddable":true,"href":"https:\/\/www.europesays.com\/no\/wp-json\/wp\/v2\/categories?post=337931"},{"taxonomy":"post_tag","embeddable":true,"href":"https:\/\/www.europesays.com\/no\/wp-json\/wp\/v2\/tags?post=337931"}],"curies":[{"name":"wp","href":"https:\/\/api.w.org\/{rel}","templated":true}]}}