{"id":337949,"date":"2026-08-30T09:06:52","date_gmt":"2026-08-30T09:06:52","guid":{"rendered":"https:\/\/www.europesays.com\/no\/337949\/"},"modified":"2026-08-30T09:06:52","modified_gmt":"2026-08-30T09:06:52","slug":"stavanger-politi-mann-alvorlig-skadd-etter-voldshendelse","status":"publish","type":"post","link":"https:\/\/www.europesays.com\/no\/337949\/","title":{"rendered":"Stavanger, Politi | Mann alvorlig skadd etter voldshendelse"},"content":{"rendered":"\n<p>L\u00f8rdag ettermiddag melder politiet at de etterforsker en voldshendelse som skjedde i Stavanger ca. klokken 02:30 natt til l\u00f8rdag. <\/p>\n<p><b>\u2013 Tre eller fire personer sto sammen med forn\u00e6rmede f\u00f8r han ble p\u00e5f\u00f8rt alvorlige skader og ble fraktet til SUS, forteller operasjonsleder Olaug Bj\u00f8rnsen. <\/b><\/p>\n<p>Hendelsen skjedde i Nygata like ved Klubbgata og \u00d8sterv\u00e5g. Kort tid etter voldshendelsen skal gjerningspersonene ha l\u00f8pt i retning Nygata. <\/p>\n<p><b>\u2013 Politiet \u00f8nsker \u00e5 komme i kontakt med personer som kan ha tips i saken. Ta kontakt med politiet p\u00e5 02800, forteller Bj\u00f8rnsen videre. <\/b><\/p>\n<p>Beskrivelse av antatte gjerningspersoner, som alle er beskrevet som \u00ablyse i huden\u00bb: <\/p>\n<ul>\n<li>Person 1: M\u00f8rk bl\u00e5 dongeri bukse, lys bl\u00e5 skjorte\/genser og svarte sko med hvite detaljer <\/li>\n<li>Person 2: M\u00f8rk bl\u00e5 dongeri bukse, lys bl\u00e5 skjorte\/genser og svarte sko <\/li>\n<li>Person 3: Lysere bl\u00e5 dongeri bukse, m\u00f8rk bl\u00e5 skjorte\/genser og hvite sko <\/li>\n<li>Person 4: M\u00f8rk bl\u00e5 dongeribukse, gr\u00e5 skjorte\/genser og svarte sko med hvite detaljer.<\/li>\n<\/ul>\n","protected":false},"excerpt":{"rendered":"L\u00f8rdag ettermiddag melder politiet at de etterforsker en voldshendelse som skjedde i Stavanger ca. klokken 02:30 natt til&hellip;\n","protected":false},"author":2,"featured_media":337950,"comment_status":"","ping_status":"","sticky":false,"template":"","format":"standard","meta":{"footnotes":"","_share_on_mastodon":"0"},"categories":[10],"tags":[36,20,21,24,25,15,22,23,13,30,28,29,14,16,254,1306,1510,26,27,493],"class_list":["post-337949","post","type-post","status-publish","format-standard","has-post-thumbnail","category-norge","tag-art","tag-breaking-news","tag-breakingnews","tag-featured-news","tag-featurednews","tag-headlines","tag-latest-news","tag-latestnews","tag-news","tag-no","tag-norge","tag-norway","tag-nyheter","tag-overskrifter","tag-politi","tag-stavanger","tag-story","tag-top-stories","tag-topstories","tag-vold"],"share_on_mastodon":{"url":"https:\/\/pubeurope.com\/@no\/117183672962402110","error":""},"_links":{"self":[{"href":"https:\/\/www.europesays.com\/no\/wp-json\/wp\/v2\/posts\/337949","targetHints":{"allow":["GET"]}}],"collection":[{"href":"https:\/\/www.europesays.com\/no\/wp-json\/wp\/v2\/posts"}],"about":[{"href":"https:\/\/www.europesays.com\/no\/wp-json\/wp\/v2\/types\/post"}],"author":[{"embeddable":true,"href":"https:\/\/www.europesays.com\/no\/wp-json\/wp\/v2\/users\/2"}],"replies":[{"embeddable":true,"href":"https:\/\/www.europesays.com\/no\/wp-json\/wp\/v2\/comments?post=337949"}],"version-history":[{"count":0,"href":"https:\/\/www.europesays.com\/no\/wp-json\/wp\/v2\/posts\/337949\/revisions"}],"wp:featuredmedia":[{"embeddable":true,"href":"https:\/\/www.europesays.com\/no\/wp-json\/wp\/v2\/media\/337950"}],"wp:attachment":[{"href":"https:\/\/www.europesays.com\/no\/wp-json\/wp\/v2\/media?parent=337949"}],"wp:term":[{"taxonomy":"category","embeddable":true,"href":"https:\/\/www.europesays.com\/no\/wp-json\/wp\/v2\/categories?post=337949"},{"taxonomy":"post_tag","embeddable":true,"href":"https:\/\/www.europesays.com\/no\/wp-json\/wp\/v2\/tags?post=337949"}],"curies":[{"name":"wp","href":"https:\/\/api.w.org\/{rel}","templated":true}]}}