{"id":337951,"date":"2026-08-30T09:08:18","date_gmt":"2026-08-30T09:08:18","guid":{"rendered":"https:\/\/www.europesays.com\/no\/337951\/"},"modified":"2026-08-30T09:08:18","modified_gmt":"2026-08-30T09:08:18","slug":"fabians-siste-mote-med-kongen","status":"publish","type":"post","link":"https:\/\/www.europesays.com\/no\/337951\/","title":{"rendered":"Fabians siste m\u00f8te med kongen"},"content":{"rendered":"<p class=\"kicker \" style=\"\">Kong Harald er d\u00f8d:<\/p>\n<p class=\"subtitle \" style=\"\">Fabian Stang regnet seg som \u00e9n av kong Haralds fem millioner venner. N\u00e5 forteller han om deres siste, private m\u00f8te.<\/p>\n<p>\n    \u00c9N AV FEM MILLIONER: Kong Harald og dronning Sonja hilser p\u00e5 Fabian Stang. Her er de to i 2017, sammen med dronning Sonja f\u00f8r en middag i forbindelse med dronningens 80-\u00e5rsdag p\u00e5 Bygd\u00f8y Kongsg\u00e5rd. Foto: Audun Braastad \/ NTB\n  <\/p>\n<p>Oslo-ordf\u00f8rer fra 2005 til 2015, n\u00e5 pensjonist Fabian Stang (H) tok nyheten om kong Haralds d\u00f8d tungt.\u00a0<\/p>\n<p>\u00abM\u00e5 f\u00e5 litt tid til min egen sorg\u00bb, skrev han da Dagbladet fredag morgen tok kontakt.\u00a0<\/p>\n<p>F\u00f8rst utp\u00e5 ettermiddagen var Stang klar til \u00e5 snakke om ham som han kaller for sin venn \u2013 selv om han riktig nok bare var \u00e9n av mange.\u00a0<\/p>\n<p>&#8211; Kongen hadde fem millioner venner. Vi andre er heldige hvis vi har ti, sier Stang. Han legger til:<\/p>\n<p>&#8211; Og for min del er det n\u00e5 bare ni igjen.<\/p>\n<p>Syklet til Slottsplassen<\/p>\n<p>&#8211; Du fortalte at du har tatt dette tungt?<\/p>\n<p>&#8211; Ja, sier Stang enkelt.\u00a0<\/p>\n<p>Han forteller at han allerede torsdag kveld fikk et forvarsel om at det ikke gikk s\u00e5 bra med kong Harald.\u00a0<\/p>\n<p>&#8211; Og s\u00e5 fikk jeg beskjed i dag tidlig, n\u00e5r det var offisielt.\u00a0<\/p>\n<p>Da han hadde ford\u00f8yd den triste nyheten, syklet den folkekj\u00e6re tidligere Oslo-ordf\u00f8reren ned til Slottsplassen for \u00e5 vise sin respekt og deltakelse, slik store folkemengder ogs\u00e5 gjorde.\u00a0<\/p>\n<p>        <img loading=\"lazy\" decoding=\"async\" src=\"https:\/\/www.europesays.com\/no\/wp-content\/uploads\/2026\/08\/85078581.webp\" width=\"688\" height=\"393\" alt=\"\" class=\"\" style=\"--aspect-ratio-image: 1.75; \"\/><\/p>\n<p>\n        DRO TIL SLOTTSPLASSEN: S\u00f8rgende str\u00f8mmer til Slottsplassen etter at det ble kjent at kong Harald d\u00f8de fredag morgen. En av dem var Fabian Stang. Foto: Javad Parsa \/ NTB\n    <\/p>\n<p class=\"italic m-italic\" data-lab-italic=\"italic\">&#8211; Du har hatt en del kontakt med kongen, er ikke det riktig?<\/p>\n<p>&#8211; Jo, sier Stang.<\/p>\n<p>Da Dagbladet sp\u00f8r om n\u00e5r de sist m\u00f8ttes, forteller han til slutt at det var i sommer, p\u00e5 en middag med en liten h\u00e5ndfull venner p\u00e5 kongeparets landsted p\u00e5 Tj\u00f8me.\u00a0<\/p>\n<p>M\u00f8tet p\u00e5 Tj\u00f8me<\/p>\n<p>Bortsett fra at dronning Sonja ogs\u00e5 var der, vil han ikke utdype hvem som var til stede.\u00a0<\/p>\n<p class=\"italic m-italic\" data-lab-italic=\"italic\">&#8211; Hva husker du best?<\/p>\n<p>&#8211; Jeg husker at kongen hadde sin herlige humor, og virket glad og forn\u00f8yd. Men han var blitt en eldre mann etter hvert.<\/p>\n<p>&#8211; Var han merket av sykdommen da?\u00a0<\/p>\n<p>&#8211; Nei, da tror jeg ikke at man visste at han var begynt p\u00e5 denne blodproblematikken, s\u00e5 s\u00e5nn sett s\u00e5 jeg ingen sykdomstegn da.\u00a0<\/p>\n<p>        <img loading=\"lazy\" decoding=\"async\" src=\"https:\/\/www.europesays.com\/no\/wp-content\/uploads\/2026\/08\/85078404.webp\" width=\"667\" height=\"381\" alt=\"\" class=\"\" style=\"--aspect-ratio-image: 1.75; \"\/><\/p>\n<p>\n        70-\u00c5RSFEIRING: Tidligere ordf\u00f8rer Fabian Stang forteller at han m\u00f8tte kongen for siste gang p\u00e5 kongeparets landsted p\u00e5 Tj\u00f8me i sommer. Her er kongeparet da dronning Sonja feiret sin 70-\u00e5rsdag. Foto: Terje Bendiksby \/ NTB .\n    <\/p>\n<p>Stang forteller at han opp gjennom \u00e5rene har hatt \u00abgleden av \u00e5 m\u00f8te ham b\u00e5de p\u00e5 jobb og litt privat\u00bb, ogs\u00e5 sammen med dronning Sonja, som han mener gjorde kongen enda bedre.\u00a0<\/p>\n<p>\u00abJobb\u00bb betyr i denne sammenhengen f\u00f8rst og fremst som Oslos ordf\u00f8rer, men seinere har de to holdt kontakten.<\/p>\n<p>\u00abEn forn\u00f8yelse, i alle sammenhenger\u00bb, sier Stang om det.\u00a0<\/p>\n<p>&#8211; Ikke klag, Fabian!<\/p>\n<p>Som s\u00e5 mange andre framhever den tidligere ordf\u00f8reren kong Haralds lune humor.\u00a0<\/p>\n<p class=\"font-weight-bold m-font-weight-bold\" data-lab-font_weight=\"font-weight-bold\">Et typisk eksempel var da Stang en gang klaget p\u00e5 alt stresset som fulgte med det \u00e5 v\u00e6re Oslos ordf\u00f8rer.\u00a0<\/p>\n<p class=\"font-weight-bold m-font-weight-bold\" data-lab-font_weight=\"font-weight-bold\">&#8211; Ikke klag, du er tross alt bare valgt for noen perioder, sa han til meg.\u00a0<\/p>\n<p class=\"italic m-italic\" data-lab-italic=\"italic\">&#8211; Selv fikk han riktig nok bare \u00e9n periode, men det ble en lang periode?<\/p>\n<p>&#8211; Ja, det ble en lang periode.<\/p>\n<p>        <img loading=\"lazy\" decoding=\"async\" src=\"https:\/\/www.europesays.com\/no\/wp-content\/uploads\/2026\/08\/85078585.webp\" width=\"667\" height=\"381\" alt=\"\" class=\"\" style=\"--aspect-ratio-image: 1.75; \"\/><\/p>\n<p>\n        OFFISIELL ANLEDNING: I 2013 deltok kong Harald og ordf\u00f8rer Fabian Stang ved \u00e5pningen av Munch-\u00e5ret 2013 som ble markert med en stor festforestilling og mottakelse i Oslo r\u00e5dhus. Kongen var jubileets h\u00f8ye beskytter. Foto: Heiko Junge \/ NTB\n    <\/p>\n<p class=\"italic m-italic\" data-lab-italic=\"italic\">&#8211; Hvor tett p\u00e5 kom kong Harald sine venner &#8211; hvor mye kunne du som ikke-kongelig snakke med ham om private ting du m\u00e5tte oppleve?\u00a0<\/p>\n<p>&#8211; Kongen var veldig omtenksom, og var veldig til stede for de som ikke hadde det s\u00e5 lett ogs\u00e5. S\u00e5 jeg var heldig og fikk oppleve hans omsorg.\u00a0<\/p>\n<p>&#8211; Det flotteste minnet<\/p>\n<p class=\"italic m-italic\" data-lab-italic=\"italic\">&#8211; Kan du huske en s\u00e5nn situasjon, da du opplevde hans omsorg?<\/p>\n<p>&#8211; De har v\u00e6rt mange &#8230; Jeg har jo slitt med mine depresjoner og s\u00e5nt noe, forteller Stang, men uten \u00e5 ville utdype dette.\u00a0<\/p>\n<p>I stedet sier han noe som ligger ham p\u00e5 hjertet.\u00a0<\/p>\n<p>    <a itemprop=\"url\" href=\"https:\/\/www.dagbladet.no\/kjendis\/dette-skjer-na\/85070607\" rel=\"nofollow noopener\" target=\"_blank\"><\/p>\n<p>        <img loading=\"lazy\" decoding=\"async\" src=\"https:\/\/www.europesays.com\/no\/wp-content\/uploads\/2026\/08\/1788080896_349_85070861.webp\" width=\"180\" height=\"81\" alt=\"\" class=\"lazyload\" style=\"--aspect-ratio-image: 2.22; \"\/><\/p>\n<p>        Dette skjer n\u00e5<\/p>\n<p>    <\/a><\/p>\n<p>&#8211; Alts\u00e5, hele Norge har jo n\u00e5 p\u00e5 en m\u00e5te gitt uttrykk for sin kj\u00e6rlighet til kong Harald &#8230; og hvis vi kunne transformere, eller videref\u00f8re det, som kj\u00e6rlighet til hverandre, s\u00e5 tror jeg Hans Majestet ville blitt veldig glad.<\/p>\n<p>Stang fortsetter:\u00a0<\/p>\n<p>&#8211; Da jeg sto og s\u00e5 p\u00e5 folk [p\u00e5 Slottsplassen, red. anm.], s\u00e5 tenkte jeg at alle n\u00e5 konsentrerer seg om sin sorg over at kongen er borte. Men kanskje burde vi snu oss rundt og se p\u00e5 dem ved siden av oss, og vise samme kj\u00e6rlighet til dem, sp\u00f8r Fabian Stang, og svarer selv:\u00a0<\/p>\n<p>&#8211; Det hadde v\u00e6rt det flotteste minnet vi kunne gi kong Harald.\u00a0<\/p>\n<p>        <img loading=\"lazy\" decoding=\"async\" src=\"https:\/\/www.europesays.com\/no\/wp-content\/uploads\/2026\/08\/85078579.webp\" width=\"688\" height=\"393\" alt=\"\" class=\"\" style=\"--aspect-ratio-image: 1.75; \"\/><\/p>\n<p>\n        LYS OG BLOMSTER: Fredag var Slottsplassen full av lys og blomster etter at det ble kjent at kong Harald d\u00f8de fredag morgen. Foto: Cornelius Poppe \/ NTB\n    <\/p>\n<p>&#8211; Traff hver gang<\/p>\n<p>Selv tror Stang, i all ydmykhet, at noe av det han f\u00f8lte for kongen gikk begge veier.<\/p>\n<p>&#8211; Jeg tror vi hadde litt glede av hverandre. Og litt respekt for hverandres humor.\u00a0<\/p>\n<p class=\"italic m-italic\" data-lab-italic=\"italic\">&#8211; N\u00e5r man var i et mindre lag, sammen med ham, hvordan var humoren hans da?\u00a0<\/p>\n<p>&#8211; Han var utrolig rask i replikken. Han traff p\u00e5 en m\u00e5te hver gang. Det ble ikke plumpt, det ble bare artig.\u00a0<\/p>\n<p class=\"italic m-italic\" data-lab-italic=\"italic\">&#8211; Kunne han v\u00e6re sarkastisk og ironisk ogs\u00e5, og den type ting ogs\u00e5?\u00a0<\/p>\n<p>&#8211; Han var aldri slem mot noen.\u00a0<\/p>\n<p>    <a itemprop=\"url\" href=\"https:\/\/www.dagbladet.no\/kjendis\/den-siste-reisen-til-slottet\/85078290\" rel=\"nofollow noopener\" target=\"_blank\"><\/p>\n<p>        <img loading=\"lazy\" decoding=\"async\" src=\"https:\/\/www.europesays.com\/no\/wp-content\/uploads\/2026\/08\/85078366.webp\" width=\"180\" height=\"81\" alt=\"\" class=\"lazyload\" style=\"--aspect-ratio-image: 2.22; \"\/><\/p>\n<p>        Den siste reisen til Slottet<\/p>\n<p>    <\/a><\/p>\n<p>Kongens leveregel<\/p>\n<p class=\"italic m-italic\" data-lab-italic=\"italic\">&#8211; Heller ikke privat?\u00a0<\/p>\n<p>&#8211; Nei. Det verste han visste, var folk som baktalte andre. Da sa han at &#8230; \u00abhar du h\u00f8rt det, eller har du sett det? Hvis du bare har h\u00f8rt det, s\u00e5 snakker vi ikke mer om det\u00bb, sa han.\u00a0<\/p>\n<p class=\"italic m-italic\" data-lab-italic=\"italic\">&#8211; Det var hans leveregel?\u00a0<\/p>\n<p>&#8211; Ja.\u00a0<\/p>\n<p class=\"italic m-italic\" data-lab-italic=\"italic\">&#8211; Da du m\u00f8tte dem i sommer, hva slags tanker gjorde du deg om framtida for kongen? Kunne du ane at det skulle bli s\u00e5pass kort som det skulle bli?\u00a0<\/p>\n<p>&#8211; Nei, man tenkte ikke p\u00e5 s\u00e5nt da. Han var jo en s\u00e5nn type som man h\u00e5pet skulle leve evig.<\/p>\n","protected":false},"excerpt":{"rendered":"Kong Harald er d\u00f8d: Fabian Stang regnet seg som \u00e9n av kong Haralds fem millioner venner. N\u00e5 forteller&hellip;\n","protected":false},"author":2,"featured_media":337952,"comment_status":"","ping_status":"","sticky":false,"template":"","format":"standard","meta":{"footnotes":"","_share_on_mastodon":"0"},"categories":[5],"tags":[20,21,9799,24,25,15,19,2539,2590,26069,22,23,17,18,13,30,28,29,14,16,26,27],"class_list":["post-337951","post","type-post","status-publish","format-standard","has-post-thumbnail","category-overskrifter","tag-breaking-news","tag-breakingnews","tag-fabian-stang","tag-featured-news","tag-featurednews","tag-headlines","tag-hovedoppslag","tag-innenriks","tag-kong-harald","tag-kong-harald-dod","tag-latest-news","tag-latestnews","tag-main-news","tag-mainnews","tag-news","tag-no","tag-norge","tag-norway","tag-nyheter","tag-overskrifter","tag-top-stories","tag-topstories"],"share_on_mastodon":{"url":"https:\/\/pubeurope.com\/@no\/117183677639514744","error":""},"_links":{"self":[{"href":"https:\/\/www.europesays.com\/no\/wp-json\/wp\/v2\/posts\/337951","targetHints":{"allow":["GET"]}}],"collection":[{"href":"https:\/\/www.europesays.com\/no\/wp-json\/wp\/v2\/posts"}],"about":[{"href":"https:\/\/www.europesays.com\/no\/wp-json\/wp\/v2\/types\/post"}],"author":[{"embeddable":true,"href":"https:\/\/www.europesays.com\/no\/wp-json\/wp\/v2\/users\/2"}],"replies":[{"embeddable":true,"href":"https:\/\/www.europesays.com\/no\/wp-json\/wp\/v2\/comments?post=337951"}],"version-history":[{"count":0,"href":"https:\/\/www.europesays.com\/no\/wp-json\/wp\/v2\/posts\/337951\/revisions"}],"wp:featuredmedia":[{"embeddable":true,"href":"https:\/\/www.europesays.com\/no\/wp-json\/wp\/v2\/media\/337952"}],"wp:attachment":[{"href":"https:\/\/www.europesays.com\/no\/wp-json\/wp\/v2\/media?parent=337951"}],"wp:term":[{"taxonomy":"category","embeddable":true,"href":"https:\/\/www.europesays.com\/no\/wp-json\/wp\/v2\/categories?post=337951"},{"taxonomy":"post_tag","embeddable":true,"href":"https:\/\/www.europesays.com\/no\/wp-json\/wp\/v2\/tags?post=337951"}],"curies":[{"name":"wp","href":"https:\/\/api.w.org\/{rel}","templated":true}]}}