{"id":33806,"date":"2025-09-12T19:14:08","date_gmt":"2025-09-12T19:14:08","guid":{"rendered":"https:\/\/www.europesays.com\/no\/33806\/"},"modified":"2025-09-12T19:14:08","modified_gmt":"2025-09-12T19:14:08","slug":"ellevill-berg-suser-og-7-1-seier-for-champions-league-eventyret-starter","status":"publish","type":"post","link":"https:\/\/www.europesays.com\/no\/33806\/","title":{"rendered":"Ellevill Berg-suser og 7\u20131-seier f\u00f8r Champions League-eventyret starter"},"content":{"rendered":"\n<p class=\"_lead_ew2ao_2 _lead_xtcu6_50 layout-component text-serif-m layout-normal text-serif-l layout-component layout-wide layout-padded _wide_17hqh_1 layout-padded\">Onsdag skal Bod\u00f8\/Glimt ut i sin f\u00f8rste Champions League-kamp denne sesongen. De kunne ikke ha f\u00e5tt en bedre generalpr\u00f8ve.<\/p>\n<p><img alt=\"R\u00c5STERK DAG P\u00c5 JOBBEN: For Bod\u00f8\/Glimts Patrick Berg og resten av laget. Foto: Mats Torbergsen \/ NTB\" class=\"_image_qp4xg_65 layout-component layout-wide\" data-fullscreen- data-track-element-type=\"Article image fullscreen\" data-track-name=\"ImageFullscreen\" fetchpriority=\"high\" decoding=\"sync\" loading=\"eager\" height=\"4000\" itemprop=\"image\"  src=\"https:\/\/www.europesays.com\/no\/wp-content\/uploads\/2025\/09\/a343cc42-9649-4157-9641-1751c30f3de0\"  style=\"object-position:0% 0%\" width=\"6000\"\/>R\u00c5STERK DAG P\u00c5 JOBBEN: For Bod\u00f8\/Glimts Patrick Berg og resten av laget. Foto: Mats Torbergsen \/ NTB<\/p>\n<ul aria-hidden=\"true\" class=\"_images_1y6fe_106\">\n<li><a class=\"_link_1y6fe_111\" href=\"https:\/\/www.vg.no\/forfatter\/mikal-aaserud\" style=\"z-index:1\" title=\"Mikal Emil Aaserud\" rel=\"nofollow noopener\" target=\"_blank\"><img alt=\"Bilde av Mikal Emil Aaserud\" class=\"_image_1y6fe_88\" fetchpriority=\"low\" loading=\"lazy\" decoding=\"async\" itemprop=\"image\"  src=\"https:\/\/www.europesays.com\/no\/wp-content\/uploads\/2025\/09\/1757704447_328_1f4bb18c-b7b1-46ba-9b49-79ae6afd7bbd\"  width=\"480\"\/><\/a><\/li>\n<\/ul>\n<p> Oppdatert fredag 12. september kl. 21:03     <\/p>\n<p class=\"_paragraph_ew2ao_4 _paragraph_xtcu6_10 layout-component text-serif-m layout-normal text-serif-m layout-padded\">\u2013 Det er for lekkert, det er timing i alt de gj\u00f8r. Det er fremoverrettet, direkte og masse sluttprodukt. Det er nesten umulig \u00e5 forsvare seg mot n\u00e5r de angriper med s\u00e5 mye fart og timing, sa TV 2-kommentator Endre Olav Osnes da 5-0-scoringen til vertene var et faktum.<\/p>\n<p class=\"_paragraph_ew2ao_4 _paragraph_xtcu6_10 layout-component text-serif-m layout-normal text-serif-m layout-padded\">For dem som trodde at Glimt skulle vise svakhetstegn etter landslagspausen, m\u00e5 tro om igjen.<\/p>\n<p class=\"_paragraph_ew2ao_4 _paragraph_xtcu6_10 layout-component text-serif-m layout-normal text-serif-m layout-padded\">Mot Kristiansund fredag kveld vartet de opp med lekre kontringer, kombinasjoner og en imponerende effektivitet gjorde at det sto 3-0 til pause.<\/p>\n<p class=\"_paragraph_ew2ao_4 _paragraph_xtcu6_10 layout-component text-serif-m layout-normal text-serif-m layout-padded\">Noen vakre angrep til med n\u00e5del\u00f8se avslutninger og et knallhardt frispark i den andre omgangen, s\u00f8rget for at det sto utrolige 7\u20131 da dommeren bl\u00e5ste av til full tid p\u00e5 Aspmyra fredag kveld.<\/p>\n<p class=\"_paragraph_ew2ao_4 _paragraph_xtcu6_10 layout-component text-serif-m layout-normal text-serif-m layout-padded\">Kjetil Knutsens menn er dermed fortsatt i praktslag. Det er lagets 11. strake ligakamp uten tap11. strake ligakamp uten tapBod\u00f8\/Glimt har vunnet ni og spilt to uavgjort siden juni..<\/p>\n<p class=\"_paragraph_ew2ao_4 _paragraph_xtcu6_10 layout-component text-serif-m layout-normal text-serif-m layout-padded\">Men n\u00e5 venter enda t\u00f8ffere motstand.<\/p>\n<p class=\"_paragraph_ew2ao_4 _paragraph_xtcu6_10 layout-component text-serif-m layout-normal text-serif-m layout-padded\">Det er allerede klart at <a href=\"https:\/\/www.vg.no\/sport\/i\/4B9vBV\/champions-league-dette-er-glimts-motstandere\" data-track-element-type=\"Link\" data-track-id=\"link:4B9vBV\" class=\"_link_ew2ao_39\" rel=\"nofollow noopener\" target=\"_blank\">Erling Braut Haaland og Manchester City skal til Aspmyra<\/a>, men f\u00f8r den tid m\u00f8ter de gule Slavia Praha i Champions League-debuten i Tsjekkia f\u00f8rstkommende onsdag.<\/p>\n<p class=\"_paragraph_ew2ao_4 _paragraph_xtcu6_10 layout-component text-serif-m layout-normal text-serif-m layout-padded\">\u2013 Det er bare \u00e5 glede seg, det blir v\u00e5r st\u00f8rste kveld noensinne. Det blir fantastisk. Vi m\u00e5 forberede oss utrolig godt, for det blir helt r\u00e5tt, sier Jens Petter Hauge til TV 2 etter kampslutt.<\/p>\n<p><img alt=\"Bod\u00f8\/Glimt-spiller\" class=\"_image_qp4xg_65 layout-component layout-normal\" data-fullscreen- data-track-element-type=\"Article image fullscreen\" data-track-name=\"ImageFullscreen\" decoding=\"async\" loading=\"lazy\" height=\"3268\" itemprop=\"image\"  src=\"https:\/\/www.europesays.com\/no\/wp-content\/uploads\/2025\/09\/8631dc57-a78d-4725-8518-ffa187d36e04\"  style=\"object-position:0% 0%\" width=\"4902\"\/>Jens Petter Hauge  Foto: Mats Torbergsen \/ NTB<\/p>\n<p class=\"_paragraph_ew2ao_4 _paragraph_xtcu6_10 layout-component text-serif-m layout-normal text-serif-m layout-padded\">Han hadde en sterk kamp.<\/p>\n<p class=\"_paragraph_ew2ao_4 _paragraph_xtcu6_10 layout-component text-serif-m layout-normal text-serif-m layout-padded\">Hauge var involvert i det aller meste f\u00f8r han ble byttet ut, skaffet straffe, scoret og noterte seg for m\u00e5lgivende.<\/p>\n<p class=\"_paragraph_ew2ao_4 _paragraph_xtcu6_10 layout-component text-serif-m layout-normal text-serif-m layout-padded\">P\u00e5 sp\u00f8rsm\u00e5l hva man kan forvente av Glimt i Champions League, svarer han slik overfor TV 2:<\/p>\n<p class=\"_paragraph_ew2ao_4 _paragraph_xtcu6_10 layout-component text-serif-m layout-normal text-serif-m layout-padded\">\u2013 Vi skal gj\u00f8re akkurat det samme. Spille v\u00e5r type fotball, vise at vi har noe p\u00e5 det niv\u00e5et \u00e5 gj\u00f8re. Kanskje sitter det fra runde en, kanskje senere, men vi skal spille v\u00e5r type fotball, gjentar han.<\/p>\n<p class=\"_paragraph_ew2ao_4 _paragraph_xtcu6_10 layout-component text-serif-m layout-normal text-serif-m layout-padded\">Det var H\u00e5kon Evjen, Odin Bj\u00f8rtuft og Jens Petter Hauge som s\u00f8rget for at hjemmelaget gikk i garderoben med en komfortabel ledelse.<\/p>\n<p class=\"_paragraph_ew2ao_4 _paragraph_xtcu6_10 layout-component text-serif-m layout-normal text-serif-m layout-padded\">Og alle scoringer som et resultat av lekkert, lekent angrepsspill som var preget av voldsom fart, intensitet og presisjon.<\/p>\n<p class=\"_paragraph_ew2ao_4 _paragraph_xtcu6_10 layout-component text-serif-m layout-normal text-serif-m layout-padded\">Det h\u00f8rer med til historien at Kristiansund var farlig fremp\u00e5, de ogs\u00e5, men trener Amund Skiri fikk fra benken se at laget traff tverrliggeren to ganger og at Mustapha Isah var n\u00e6re b\u00e5de \u00e9n og to ganger.<\/p>\n<p class=\"_paragraph_ew2ao_4 _paragraph_xtcu6_10 layout-component text-serif-m layout-normal text-serif-m layout-padded\">Etter hvilen ble det imidlertid ikke bedre for gjestene.<\/p>\n<p class=\"_paragraph_ew2ao_4 _paragraph_xtcu6_10 layout-component text-serif-m layout-normal text-serif-m layout-padded\">Med samme oppskrift fortsatte Glimt \u00e5 male Kristiansund i stykker.<\/p>\n<p class=\"_paragraph_ew2ao_4 _paragraph_xtcu6_10 layout-component text-serif-m layout-normal text-serif-m layout-padded\">Mathias J\u00f8rgensen og Sondre Fet avsluttet begge angrep av h\u00f8yt niv\u00e5 \u2013 f\u00f8r Patrick Berg hamret inn 6-0 p\u00e5 et frispark fra 16,5 meter.<\/p>\n<p class=\"_paragraph_ew2ao_4 _paragraph_xtcu6_10 layout-component text-serif-m layout-normal text-serif-m layout-padded\">\u2013 Det er n\u00e5del\u00f8st, sa TV 2-kommentator Osnes etter at Berg-skuddet gikk rett i krysset.<\/p>\n<p class=\"_paragraph_ew2ao_4 _paragraph_xtcu6_10 layout-component text-serif-m layout-normal text-serif-m layout-padded\">Etter Berg-scoringen klarte Kristiansund \u00e5 pynte litt p\u00e5 resultatet, men bare minutter senere \u2013 kort tid f\u00f8r slutt \u2013 fastsatte Mikkel Bro Hansen sluttresultatet til 7\u20131 fra straffemerket.<\/p>\n","protected":false},"excerpt":{"rendered":"Onsdag skal Bod\u00f8\/Glimt ut i sin f\u00f8rste Champions League-kamp denne sesongen. De kunne ikke ha f\u00e5tt en bedre&hellip;\n","protected":false},"author":2,"featured_media":33807,"comment_status":"","ping_status":"","sticky":false,"template":"","format":"standard","meta":{"footnotes":""},"categories":[59],"tags":[517,134,3210,30,28,29,83,82],"class_list":{"0":"post-33806","1":"post","2":"type-post","3":"status-publish","4":"format-standard","5":"has-post-thumbnail","7":"category-sport","8":"tag-bodo-glimt","9":"tag-eliteserien","10":"tag-kristiansund-bk","11":"tag-no","12":"tag-norge","13":"tag-norway","14":"tag-sport","15":"tag-sports"},"share_on_mastodon":{"url":"","error":""},"_links":{"self":[{"href":"https:\/\/www.europesays.com\/no\/wp-json\/wp\/v2\/posts\/33806","targetHints":{"allow":["GET"]}}],"collection":[{"href":"https:\/\/www.europesays.com\/no\/wp-json\/wp\/v2\/posts"}],"about":[{"href":"https:\/\/www.europesays.com\/no\/wp-json\/wp\/v2\/types\/post"}],"author":[{"embeddable":true,"href":"https:\/\/www.europesays.com\/no\/wp-json\/wp\/v2\/users\/2"}],"replies":[{"embeddable":true,"href":"https:\/\/www.europesays.com\/no\/wp-json\/wp\/v2\/comments?post=33806"}],"version-history":[{"count":0,"href":"https:\/\/www.europesays.com\/no\/wp-json\/wp\/v2\/posts\/33806\/revisions"}],"wp:featuredmedia":[{"embeddable":true,"href":"https:\/\/www.europesays.com\/no\/wp-json\/wp\/v2\/media\/33807"}],"wp:attachment":[{"href":"https:\/\/www.europesays.com\/no\/wp-json\/wp\/v2\/media?parent=33806"}],"wp:term":[{"taxonomy":"category","embeddable":true,"href":"https:\/\/www.europesays.com\/no\/wp-json\/wp\/v2\/categories?post=33806"},{"taxonomy":"post_tag","embeddable":true,"href":"https:\/\/www.europesays.com\/no\/wp-json\/wp\/v2\/tags?post=33806"}],"curies":[{"name":"wp","href":"https:\/\/api.w.org\/{rel}","templated":true}]}}