{"id":338099,"date":"2026-08-30T12:37:12","date_gmt":"2026-08-30T12:37:12","guid":{"rendered":"https:\/\/www.europesays.com\/no\/338099\/"},"modified":"2026-08-30T12:37:12","modified_gmt":"2026-08-30T12:37:12","slug":"tusenvis-strommer-til-slottsplassen","status":"publish","type":"post","link":"https:\/\/www.europesays.com\/no\/338099\/","title":{"rendered":"Tusenvis str\u00f8mmer til Slottsplassen"},"content":{"rendered":"<p class=\"subtitle t30\" style=\"\">Blomsterhavet fortsetter \u00e5 vokse utenfor Slottet.<\/p>\n<p>\n    BLOMSTERHAV: Folk fortsetter \u00e5 str\u00f8mme til for \u00e5 legge blomster, flagg og lys p\u00e5 Slottsplassen. Foto: Hans Arne Vedlog \/ Dagbladet\n  <\/p>\n<p>Helt siden torsdag har folk str\u00f8mmet til Slottsplassen for \u00e5 ta farvel med kong Harald, som d\u00f8de p\u00e5 Rikshospitalet tidlig fredag morgen.<\/p>\n<p>S\u00f8ndagsv\u00e6ret er fint i hovedstaden. Langs slottstrappa og p\u00e5 Slottsplassen er det tett i tett med blomster, lys, tegninger og hilsener. Lukten av blomstereng fyller lufta.\u00a0<\/p>\n<p>Folk i alle aldre kommer med familier, venner og alene. Mange har med seg blomster, og folkemengden str\u00f8mmer b\u00e5de opp til og ned fra Slottsplassen. Flere har oppe mobilene sine og videochatter med folk som selv ikke har f\u00e5tt tatt turen. <\/p>\n<p>Flere smiler og klemmer. Noen gr\u00e5ter.\u00a0<\/p>\n<p>Politiet ansl\u00e5r at det tidlig s\u00f8ndag ettermiddag var\u00a0rundt 10 000 personer til stede p\u00e5 Slottsplassen og rundt Slottet.<\/p>\n<p>P\u00e5 det meste har det v\u00e6rt mellom 25 og 30 000 personer i omr\u00e5det samtidig etter kongens d\u00f8dsfall. Innsatslederen tror at toppen kom under b\u00e5retransporten fredag kveld.\u00a0<\/p>\n<p> &#8211; Tallene er omtrentlige, for det et dynamisk bilde. Folk kommer og folk g\u00e5r, men vi ser at det er veldig mange som \u00f8nsker \u00e5 komme og delta i sorgen, og vi opplever en veldig stor p\u00e5gang p\u00e5 Slottsplassen. Mange \u00f8nsker \u00e5 vise respekt, sier innsatsleder i Oslo politidistrikt, Tomm Berger, til Dagbladet.<\/p>\n<p>Han opplyser at politiet i tida framover vil legge til rette s\u00e5 godt de kan for at folk skal kunne f\u00e5 med seg arrangementer og seremonier tilknyttet kong Haralds bortgang.<\/p>\n","protected":false},"excerpt":{"rendered":"Blomsterhavet fortsetter \u00e5 vokse utenfor Slottet. BLOMSTERHAV: Folk fortsetter \u00e5 str\u00f8mme til for \u00e5 legge blomster, flagg og&hellip;\n","protected":false},"author":2,"featured_media":338100,"comment_status":"","ping_status":"","sticky":false,"template":"","format":"standard","meta":{"footnotes":"","_share_on_mastodon":"0"},"categories":[10],"tags":[20,21,24,25,15,2539,26069,22,23,13,30,28,29,14,16,26,27],"class_list":["post-338099","post","type-post","status-publish","format-standard","has-post-thumbnail","category-norge","tag-breaking-news","tag-breakingnews","tag-featured-news","tag-featurednews","tag-headlines","tag-innenriks","tag-kong-harald-dod","tag-latest-news","tag-latestnews","tag-news","tag-no","tag-norge","tag-norway","tag-nyheter","tag-overskrifter","tag-top-stories","tag-topstories"],"share_on_mastodon":{"url":"https:\/\/pubeurope.com\/@no\/117184498422109242","error":""},"_links":{"self":[{"href":"https:\/\/www.europesays.com\/no\/wp-json\/wp\/v2\/posts\/338099","targetHints":{"allow":["GET"]}}],"collection":[{"href":"https:\/\/www.europesays.com\/no\/wp-json\/wp\/v2\/posts"}],"about":[{"href":"https:\/\/www.europesays.com\/no\/wp-json\/wp\/v2\/types\/post"}],"author":[{"embeddable":true,"href":"https:\/\/www.europesays.com\/no\/wp-json\/wp\/v2\/users\/2"}],"replies":[{"embeddable":true,"href":"https:\/\/www.europesays.com\/no\/wp-json\/wp\/v2\/comments?post=338099"}],"version-history":[{"count":0,"href":"https:\/\/www.europesays.com\/no\/wp-json\/wp\/v2\/posts\/338099\/revisions"}],"wp:featuredmedia":[{"embeddable":true,"href":"https:\/\/www.europesays.com\/no\/wp-json\/wp\/v2\/media\/338100"}],"wp:attachment":[{"href":"https:\/\/www.europesays.com\/no\/wp-json\/wp\/v2\/media?parent=338099"}],"wp:term":[{"taxonomy":"category","embeddable":true,"href":"https:\/\/www.europesays.com\/no\/wp-json\/wp\/v2\/categories?post=338099"},{"taxonomy":"post_tag","embeddable":true,"href":"https:\/\/www.europesays.com\/no\/wp-json\/wp\/v2\/tags?post=338099"}],"curies":[{"name":"wp","href":"https:\/\/api.w.org\/{rel}","templated":true}]}}