{"id":338107,"date":"2026-08-30T12:44:22","date_gmt":"2026-08-30T12:44:22","guid":{"rendered":"https:\/\/www.europesays.com\/no\/338107\/"},"modified":"2026-08-30T12:44:22","modified_gmt":"2026-08-30T12:44:22","slug":"krim-mosjoen-domt-for-promillekjoring-i-mosjoen","status":"publish","type":"post","link":"https:\/\/www.europesays.com\/no\/338107\/","title":{"rendered":"Krim, Mosj\u00f8en | D\u00f8mt for promillekj\u00f8ring i Mosj\u00f8en"},"content":{"rendered":"\n<p>En mann i 40-\u00e5rene la alle kortene p\u00e5 bordet og ga en uforbeholden tilst\u00e5else da han m\u00f8tte i Helgeland tingrett, etter \u00e5 ha blitt siktet for promillekj\u00f8ring.<\/p>\n<p>Kj\u00f8returen fant sted p\u00e5 Nyrud i Mosj\u00f8en for om lag en m\u00e5ned siden, og mannen hadde samtykket til at saken ble avgjort ved en s\u00e5kalt tilst\u00e5elsesdom.<\/p>\n<p>I dommen kommer det frem at mannen kj\u00f8rte med p\u00e5virkningsgrad i nedre sjikt av intervallet mellom 0,5 og 1,2 i promille.\u00a0<\/p>\n<p>Videre skriver tingrettsdommer Karle Anders \u00d8vereng at det det verken var skjerpende eller formildende omstendigheter ved kj\u00f8ringen, som varte omtrent \u00e9n kilometer og delvis p\u00e5 E6.<\/p>\n<p>N\u00e5 er mannen d\u00f8mt til 16 dagers betinget fengsel, med en pr\u00f8vetid p\u00e5 to \u00e5r, noe som i praksis betyr at han slipper \u00e5 sone dommen.<\/p>\n<p>Han er ogs\u00e5 d\u00f8mt til \u00e5 betale en bot p\u00e5 60.000 kroner, og tap av f\u00f8rerretten i 12 m\u00e5neder. Dersom han \u00f8nsker f\u00f8rerretten tilbake etter denne perioden, m\u00e5 han ta en full ny f\u00f8rerpr\u00f8ve.<\/p>\n","protected":false},"excerpt":{"rendered":"En mann i 40-\u00e5rene la alle kortene p\u00e5 bordet og ga en uforbeholden tilst\u00e5else da han m\u00f8tte i&hellip;\n","protected":false},"author":2,"featured_media":338108,"comment_status":"","ping_status":"","sticky":false,"template":"","format":"standard","meta":{"footnotes":"","_share_on_mastodon":"0"},"categories":[10],"tags":[36,20,21,24,25,15,983,22,23,1068,13,30,28,29,14,16,1510,26,27,224,1203],"class_list":["post-338107","post","type-post","status-publish","format-standard","has-post-thumbnail","category-norge","tag-art","tag-breaking-news","tag-breakingnews","tag-featured-news","tag-featurednews","tag-headlines","tag-krim","tag-latest-news","tag-latestnews","tag-mosjoen","tag-news","tag-no","tag-norge","tag-norway","tag-nyheter","tag-overskrifter","tag-story","tag-top-stories","tag-topstories","tag-trafikk","tag-vefsn"],"share_on_mastodon":{"url":"https:\/\/pubeurope.com\/@no\/117184526124030643","error":""},"_links":{"self":[{"href":"https:\/\/www.europesays.com\/no\/wp-json\/wp\/v2\/posts\/338107","targetHints":{"allow":["GET"]}}],"collection":[{"href":"https:\/\/www.europesays.com\/no\/wp-json\/wp\/v2\/posts"}],"about":[{"href":"https:\/\/www.europesays.com\/no\/wp-json\/wp\/v2\/types\/post"}],"author":[{"embeddable":true,"href":"https:\/\/www.europesays.com\/no\/wp-json\/wp\/v2\/users\/2"}],"replies":[{"embeddable":true,"href":"https:\/\/www.europesays.com\/no\/wp-json\/wp\/v2\/comments?post=338107"}],"version-history":[{"count":0,"href":"https:\/\/www.europesays.com\/no\/wp-json\/wp\/v2\/posts\/338107\/revisions"}],"wp:featuredmedia":[{"embeddable":true,"href":"https:\/\/www.europesays.com\/no\/wp-json\/wp\/v2\/media\/338108"}],"wp:attachment":[{"href":"https:\/\/www.europesays.com\/no\/wp-json\/wp\/v2\/media?parent=338107"}],"wp:term":[{"taxonomy":"category","embeddable":true,"href":"https:\/\/www.europesays.com\/no\/wp-json\/wp\/v2\/categories?post=338107"},{"taxonomy":"post_tag","embeddable":true,"href":"https:\/\/www.europesays.com\/no\/wp-json\/wp\/v2\/tags?post=338107"}],"curies":[{"name":"wp","href":"https:\/\/api.w.org\/{rel}","templated":true}]}}