{"id":338125,"date":"2026-08-30T13:17:43","date_gmt":"2026-08-30T13:17:43","guid":{"rendered":"https:\/\/www.europesays.com\/no\/338125\/"},"modified":"2026-08-30T13:17:43","modified_gmt":"2026-08-30T13:17:43","slug":"skaugum-kong-harald-ble-overrasket-med-dronning-mote-utrolig-fint-oyeblikk","status":"publish","type":"post","link":"https:\/\/www.europesays.com\/no\/338125\/","title":{"rendered":"Skaugum, Kong Harald | Ble overrasket med dronning-m\u00f8te: \u2013 Utrolig fint \u00f8yeblikk"},"content":{"rendered":"\n<p>\u2013 Vi kom fra fotballkamp og turntrening og hadde lyst til \u00e5 dra innom Skaugum for \u00e5 legge ned blomster, forteller Kjersti Lind, fra Borgen.<\/p>\n<p>Mens barna la ned blomstene ved porten, kom det en bil, som stoppet. <\/p>\n<p>Ut steg Norges nye dronning, Mette-Marit, og prins Sverre Magnus.<\/p>\n<p>\u2013 De gikk bort til oss og var veldig im\u00f8tekommende. Dronningen lurte p\u00e5 hvor vi hadde v\u00e6rt, forteller Lind.<\/p>\n<p>  <a href=\"https:\/\/www.budstikka.no\/5-55-2354524\" class=\"related-teaser has-image article--c-MkAkR\" rel=\"nofollow noopener\" target=\"_blank\"><\/p>\n<p>    <img decoding=\"async\" width=\"155\"  loading=\"lazy\"  src=\"https:\/\/www.europesays.com\/no\/wp-content\/uploads\/2026\/08\/ttr1.jpg\" alt=\"\" class=\"brick-c-cFOWSL\" style=\"\"\/><\/p>\n<p>\n            Les ogs\u00e5<\/p>\n<p>            Historisk: Her kommer han hjem til Skaugum som Norges nye konge\n        <\/p>\n<p>  <\/a><\/p>\n<p>Videre fortalte dronningen at hun ikke kunne h\u00e5ndhilse, p\u00e5 grunn av lungesykdommen.<\/p>\n<p>\u2013 Men det gjorde prinsen. Det var et utrolig fint \u00f8yeblikk, mellom kongefamilien og vanlige folk. De er jordn\u00e6re og tar vare p\u00e5 folket, til tross for hva de st\u00e5r i. <\/p>\n<p>Dronningen og prinsen tok seg tid til \u00e5 se p\u00e5 blomstene og lese kort.<\/p>\n<p>\u2013 Det var veldig fint \u00e5 se, sier Lind. <\/p>\n<p>Ogs\u00e5 Ellen Werthen (11) og Lotte Fredrikke Haugerud-Langk\u00e5s (11) fra Sem fikk et uventet m\u00f8te med dronning Mette-Marit.<\/p>\n<p>   <img decoding=\"async\" width=\"3467\" height=\"2600\" fetchpriority=\"low\"  loading=\"lazy\"  src=\"https:\/\/www.europesays.com\/no\/wp-content\/uploads\/2026\/08\/Image_20260828_215447_615.jpeg\" alt=\"\" class=\"brick-c-cFOWSL\" style=\"--brick-image-ratio: 3467 \/ 2600;\"\/><\/p>\n<p>      Ellen Werthen (11) og Lotte Fredrikke Haugerud-Langk\u00e5s (11) fikk hilst p\u00e5 dronning Mette-Marit.<br \/>\n      Foto: TRULS FENRE\n    <\/p>\n<p>\u2013 Vi kom for \u00e5 se lysene og blomstene. Plutselig stoppet det en bil og s\u00e5 kom Mette-Marit og Sverre Magnus ut, forteller de. <\/p>\n<p>\u2013 Det var veldig g\u00f8y at hun ville snakke med oss. Hun sa det var fine tegninger og blomster.<\/p>\n<p>  <a href=\"https:\/\/www.budstikka.no\/5-55-2354438\" class=\"related-teaser has-image article--c-MkAkR\" rel=\"nofollow noopener\" target=\"_blank\"><\/p>\n<p>    <img decoding=\"async\" width=\"155\"  loading=\"lazy\"  src=\"https:\/\/www.europesays.com\/no\/wp-content\/uploads\/2026\/08\/Image_20260828_221439_613.jpeg\" alt=\"\" class=\"brick-c-cFOWSL\" style=\"\"\/><\/p>\n<p>\n            Les ogs\u00e5<\/p>\n<p>            R\u00f8rende nabo-initiativ: Lyste opp veien for den nye kongen\n        <\/p>\n<p>  <\/a><\/p>\n<p>  <a href=\"https:\/\/www.budstikka.no\/5-55-2354522\" class=\"related-teaser has-image article--c-MkAkR\" rel=\"nofollow noopener\" target=\"_blank\"><\/p>\n<p>    <img decoding=\"async\" width=\"155\"  loading=\"lazy\"  src=\"https:\/\/www.europesays.com\/no\/wp-content\/uploads\/2026\/08\/DI3A8310.JPG\" alt=\"\" class=\"brick-c-cFOWSL\" style=\"\"\/><\/p>\n<p>\n            Les ogs\u00e5<\/p>\n<p>            Har str\u00f8mmet til \u00e5pen kirke gjennom dagen\n        <\/p>\n<p>  <\/a><\/p>\n","protected":false},"excerpt":{"rendered":"\u2013 Vi kom fra fotballkamp og turntrening og hadde lyst til \u00e5 dra innom Skaugum for \u00e5 legge&hellip;\n","protected":false},"author":2,"featured_media":338126,"comment_status":"","ping_status":"","sticky":false,"template":"","format":"standard","meta":{"footnotes":"","_share_on_mastodon":"0"},"categories":[5],"tags":[36,996,20,21,24,25,15,19,2590,22,23,17,18,13,30,28,29,14,16,2594,1510,26,27],"class_list":["post-338125","post","type-post","status-publish","format-standard","has-post-thumbnail","category-overskrifter","tag-art","tag-asker","tag-breaking-news","tag-breakingnews","tag-featured-news","tag-featurednews","tag-headlines","tag-hovedoppslag","tag-kong-harald","tag-latest-news","tag-latestnews","tag-main-news","tag-mainnews","tag-news","tag-no","tag-norge","tag-norway","tag-nyheter","tag-overskrifter","tag-skaugum","tag-story","tag-top-stories","tag-topstories"],"share_on_mastodon":{"url":"https:\/\/pubeurope.com\/@no\/117184656237260662","error":""},"_links":{"self":[{"href":"https:\/\/www.europesays.com\/no\/wp-json\/wp\/v2\/posts\/338125","targetHints":{"allow":["GET"]}}],"collection":[{"href":"https:\/\/www.europesays.com\/no\/wp-json\/wp\/v2\/posts"}],"about":[{"href":"https:\/\/www.europesays.com\/no\/wp-json\/wp\/v2\/types\/post"}],"author":[{"embeddable":true,"href":"https:\/\/www.europesays.com\/no\/wp-json\/wp\/v2\/users\/2"}],"replies":[{"embeddable":true,"href":"https:\/\/www.europesays.com\/no\/wp-json\/wp\/v2\/comments?post=338125"}],"version-history":[{"count":0,"href":"https:\/\/www.europesays.com\/no\/wp-json\/wp\/v2\/posts\/338125\/revisions"}],"wp:featuredmedia":[{"embeddable":true,"href":"https:\/\/www.europesays.com\/no\/wp-json\/wp\/v2\/media\/338126"}],"wp:attachment":[{"href":"https:\/\/www.europesays.com\/no\/wp-json\/wp\/v2\/media?parent=338125"}],"wp:term":[{"taxonomy":"category","embeddable":true,"href":"https:\/\/www.europesays.com\/no\/wp-json\/wp\/v2\/categories?post=338125"},{"taxonomy":"post_tag","embeddable":true,"href":"https:\/\/www.europesays.com\/no\/wp-json\/wp\/v2\/tags?post=338125"}],"curies":[{"name":"wp","href":"https:\/\/api.w.org\/{rel}","templated":true}]}}