{"id":338133,"date":"2026-08-30T13:38:24","date_gmt":"2026-08-30T13:38:24","guid":{"rendered":"https:\/\/www.europesays.com\/no\/338133\/"},"modified":"2026-08-30T13:38:24","modified_gmt":"2026-08-30T13:38:24","slug":"slik-blir-mette-marits-liv-som-dronning","status":"publish","type":"post","link":"https:\/\/www.europesays.com\/no\/338133\/","title":{"rendered":"Slik blir Mette-Marits liv som dronning"},"content":{"rendered":"\n<ul class=\"_list_145nj_3 _list_64s2r_85 _unordered_145nj_106 text-sans-m\">\n<li class=\"_item_145nj_30\">Mette-Marit er n\u00e5 Norges nye dronning etter kong Haakons tronovertakelse.<\/li>\n<li class=\"_item_145nj_30\">Hun er fortsatt sykmeldt og under rehabilitering etter en lungetransplantasjon.<\/li>\n<li class=\"_item_145nj_30\">Dronning Mette-Marit vil inntil videre ha et tilpasset offisielt program.<\/li>\n<li class=\"_item_145nj_30\">Hun vil ikke ha kongens myndighet, men f\u00e5r hovedsakelig en representativ rolle.<\/li>\n<li class=\"_item_145nj_30\">Dronning Sonja beholder dronningtittelen.<\/li>\n<\/ul>\n<p>Vis mer <\/p>\n<p class=\"_paragraph_145nj_4 _paragraph_6fko5_10 layout-component text-serif-m layout-normal text-serif-m layout-padded\">N\u00e5 som kong Haakon (53) <a href=\"https:\/\/www.vg.no\/rampelys\/i\/15vmQq\/na-er-haakon-konge\" data-track-element-type=\"Link\" data-track-id=\"link:15vmQq\" class=\"_link_145nj_39\" rel=\"nofollow noopener\" target=\"_blank\">har overtatt tronen<\/a>, er Mette-Marit s\u00e5kalt dronninggemal, et uttrykk som brukes om en kvinne som er gift med en konge, men som alts\u00e5 ikke selv er en regjerende dronningregjerende dronningalts\u00e5 en dronning som er i arverekken til tronen.<\/p>\n<p class=\"_paragraph_145nj_4 _paragraph_6fko5_10 layout-component text-serif-m layout-normal text-serif-m layout-padded\"><strong class=\"_strong_145nj_25\">Mette-Marit har allerede rukket \u00e5 vise sin folkelige side som dronning.<\/strong><\/p>\n<p class=\"_paragraph_145nj_4 _paragraph_6fko5_10 layout-component text-serif-m layout-normal text-serif-m layout-padded\"><a href=\"https:\/\/www.vg.no\/nyheter\/i\/43020e\/moette-dronning-mette-marit-utenfor-skaugum-da-de-la-ned-blomster\" data-track-element-type=\"Link\" data-track-id=\"link:43020e\" class=\"_link_145nj_39\" rel=\"nofollow noopener\" target=\"_blank\">Det skjedde p\u00e5 kvelden<\/a> etter kong Haralds d\u00f8d \u2013 da hun og prins Sverre Magnus (29) tok seg tid til en prat med en mor og hennes to barn som la ned blomster utenfor porten p\u00e5 Skaugum.<\/p>\n<p><img alt=\"IMPULSIVT: T.v.:Emilie Olava Lind (14) fikk sammen med moren og broren hilse p\u00e5 dronningen og prinsen utenfor Skaugum fredag kveld.  Foto: Kjersti Lind \/ Privat\" class=\"_image_jw3bv_65 layout-component layout-normal\" data-fullscreen- data-track-element-type=\"Article image fullscreen\" data-track-name=\"ImageFullscreen\" decoding=\"async\" loading=\"lazy\" height=\"1756\" itemprop=\"image\"  src=\"https:\/\/www.europesays.com\/no\/wp-content\/uploads\/2026\/08\/7ad42ccd-27c1-3a9a-ac8f-9c0aa5e28e46.jpeg\"  style=\"object-position:0% 0%\" width=\"2742\"\/>IMPULSIVT: T.v.:Emilie Olava Lind (14) fikk sammen med moren og broren hilse p\u00e5 dronningen og prinsen utenfor Skaugum fredag kveld.  Foto: Kjersti Lind \/ Privat<\/p>\n<p class=\"_paragraph_145nj_4 _paragraph_6fko5_10 layout-component text-serif-m layout-normal text-serif-m layout-padded\">Familien fra Asker var alts\u00e5 blant <a href=\"https:\/\/www.vg.no\/nyheter\/i\/43020e\/moette-dronning-mette-marit-utenfor-skaugum-da-de-la-ned-blomster\" data-track-element-type=\"Link\" data-track-id=\"link:43020e\" class=\"_link_145nj_39\" rel=\"nofollow noopener\" target=\"_blank\">de aller f\u00f8rste<\/a> som fikk en prat med Norges nye dronning.<\/p>\n<p class=\"_paragraph_145nj_4 _paragraph_6fko5_10 layout-component text-serif-m layout-normal text-serif-m layout-padded\">I realiteten er dronning Mette-Marit er fortsatt sykmeldt og i rehabilitering etter <a href=\"https:\/\/www.vg.no\/rampelys\/i\/PdP6d6\/mette-marit-har-faatt-nye-lunger\" data-track-element-type=\"Link\" data-track-id=\"link:PdP6d6\" class=\"_link_145nj_39\" rel=\"nofollow noopener\" target=\"_blank\">lungetransplantasjonen<\/a> i juni og har ikke gjenopptatt sine offisielle plikter. <\/p>\n<p><img alt=\"Her er kronprinsesse Mette-Marit p\u00e5 Skaugum under \u00e5rets 17. mai-feiring.  Foto: Lise \u00c5serud \/ NTB\" class=\"_image_jw3bv_65 layout-component layout-normal\" data-fullscreen- data-track-element-type=\"Article image fullscreen\" data-track-name=\"ImageFullscreen\" decoding=\"async\" loading=\"lazy\" height=\"1423\" itemprop=\"image\"  src=\"https:\/\/www.europesays.com\/no\/wp-content\/uploads\/2026\/08\/cb86db7c-315a-370a-9eb7-1e3db1b9ed5c.jpeg\"  style=\"object-position:0% 0%\" width=\"1762\"\/>Her er kronprinsesse Mette-Marit p\u00e5 Skaugum under \u00e5rets 17. mai-feiring.  Foto: Lise \u00c5serud \/ NTB<\/p>\n<p class=\"_paragraph_145nj_4 _paragraph_6fko5_10 layout-component text-serif-m layout-normal text-serif-m layout-padded\">Kongehusets aktuelle program viser heller ingen oppdrag for Norges nye dronning de n\u00e6rmeste ukene.<\/p>\n<p class=\"_paragraph_145nj_4 _paragraph_6fko5_10 layout-component text-serif-m layout-normal text-serif-m layout-padded\">Haakon og Mette-Marit hadde s\u00f8lvbryllupsdags\u00f8lvbryllupsdagn\u00e5r et par har v\u00e6rt gift i 25 \u00e5r 25. august, og kongehuset delte da dette ferske bildet av paret \u2013 som da fortsatt var kronprins og kronprinsesse.<\/p>\n<p><img alt=\"Det opplyses ikke hvilken dato dette bildet ble tatt.  Foto:  Det kongelige hoff\" class=\"_image_jw3bv_65 layout-component layout-normal\" data-fullscreen- data-track-element-type=\"Article image fullscreen\" data-track-name=\"ImageFullscreen\" decoding=\"async\" loading=\"lazy\" height=\"598\" itemprop=\"image\"  src=\"https:\/\/www.europesays.com\/no\/wp-content\/uploads\/2026\/08\/e52331ab-0386-30cf-bb59-3c4419d94aeb.png\"  style=\"object-position:0% 0%\" width=\"484\"\/>Det opplyses ikke hvilken dato dette bildet ble tatt.  Foto:  Det kongelige hoff<\/p>\n<p class=\"_paragraph_145nj_4 _paragraph_6fko5_10 layout-component text-serif-m layout-normal text-serif-m layout-padded\">Fredag bekreftet kongehuset at Mette-Marit n\u00e5 tar navnet \u00abDronning Mette-Marit\u00bb og heretter skal tituleres \u00abHennes Majestet Dronningen\u00bb. <\/p>\n<p class=\"_paragraph_145nj_4 _paragraph_6fko5_10 layout-component text-serif-m layout-normal text-serif-m layout-padded\">Det betyr at dronning Sonja ikke lenger skal tituleres \u00abHennes Majestet Dronning Sonja\u00bb \u2013 selv om hun beholder dronningtittelen.<\/p>\n<p><img alt=\"Dronning Sonja og dav\u00e6rende kronprinsesse Mette-Marit p\u00e5 Slottet i 2010.  Foto: S\u00f8lve Sundsb\u00f8 \/ Det kongelige hoff\" class=\"_image_jw3bv_65 layout-component layout-normal\" data-fullscreen- data-track-element-type=\"Article image fullscreen\" data-track-name=\"ImageFullscreen\" decoding=\"async\" loading=\"lazy\" height=\"1811\" itemprop=\"image\"  src=\"https:\/\/www.europesays.com\/no\/wp-content\/uploads\/2026\/08\/93de9be0-e6bd-3563-a453-f873a7d39709.jpeg\"  style=\"object-position:0% 0%\" width=\"2162\"\/>Dronning Sonja og dav\u00e6rende kronprinsesse Mette-Marit p\u00e5 Slottet i 2010.  Foto: S\u00f8lve Sundsb\u00f8 \/ Det kongelige hoff<\/p>\n<p class=\"_paragraph_145nj_4 _paragraph_6fko5_10 layout-component text-serif-m layout-normal text-serif-m layout-padded\">Som dronning vil Mette-Marit normalt v\u00e6re kongens n\u00e6rmeste representant ved statsbes\u00f8k, seremonier og andre offisielle plikter. <\/p>\n<p class=\"_paragraph_145nj_4 _paragraph_6fko5_10 layout-component text-serif-m layout-normal text-serif-m layout-padded\">Dronninggemal er f\u00f8rst og fremst en representativ rolle \u2013 uten samme myndighet som kongen.  myndighet som kongen. Hun skal ikke lede statsr\u00e5d, sanksjonere lover eller fungere som regent bare fordi hun er dronning. Grunnlovens regler om hvem som kan ut\u00f8ve kongemakten f\u00f8lger arveretten til tronen.<\/p>\n<p><img alt=\"Dav\u00e6rende kronprinsesse Mette-Marit i Elverum med Litteraturtoget i 2024.  Foto: Amanda Pedersen Giske \/ NTB\" class=\"_image_jw3bv_65 layout-component layout-normal\" data-fullscreen- data-track-element-type=\"Article image fullscreen\" data-track-name=\"ImageFullscreen\" decoding=\"async\" loading=\"lazy\" height=\"3042\" itemprop=\"image\"  src=\"https:\/\/www.europesays.com\/no\/wp-content\/uploads\/2026\/08\/f6ac6953-4bb1-3805-ae3e-67224b13ac4c.jpeg\"  style=\"object-position:0% 0%\" width=\"3692\"\/>Dav\u00e6rende kronprinsesse Mette-Marit i Elverum med Litteraturtoget i 2024.  Foto: Amanda Pedersen Giske \/ NTB<\/p>\n<p class=\"_paragraph_145nj_4 _paragraph_6fko5_10 layout-component text-serif-m layout-normal text-serif-m layout-padded\">Da Mette-Marit reiste med <a href=\"https:\/\/www.vg.no\/rampelys\/i\/qPRdrw\/kronprinsesse-mette-marit-i-eksklusivt-intervju-akkurat-naa-har-jeg-det-veldig-bra\" data-track-element-type=\"Link\" data-track-id=\"link:qPRdrw\" class=\"_link_145nj_39\" rel=\"nofollow noopener\" target=\"_blank\">Litteraturtoget i 2024<\/a> og fikk sp\u00f8rsm\u00e5l fra barn om hun skulle bli dronning, svarte hun smilende:<\/p>\n<p class=\"_paragraph_145nj_4 _paragraph_6fko5_10 layout-component text-serif-m layout-normal text-serif-m layout-padded\">\u2013 Ja, en gang skal jeg bli det. Men jeg h\u00e5per det er lenge til. Kanskje en dag, men ikke enn\u00e5, heldigvis.<\/p>\n<p><img alt=\"Mette-Marit i kongelig bryllup i Sverige i 2010.  Foto: Lise \u00c5serud \/ NTB\" class=\"_image_jw3bv_65 layout-component layout-normal\" data-fullscreen- data-track-element-type=\"Article image fullscreen\" data-track-name=\"ImageFullscreen\" decoding=\"async\" loading=\"lazy\" height=\"2279\" itemprop=\"image\"  src=\"https:\/\/www.europesays.com\/no\/wp-content\/uploads\/2026\/08\/92e48161-bd25-3a25-9365-ef0c96ca6790.jpeg\"  style=\"object-position:0% 0%\" width=\"2122\"\/>Mette-Marit i kongelig bryllup i Sverige i 2010.  Foto: Lise \u00c5serud \/ NTB\u2013 Kunne f\u00e5tt en bedre start<\/p>\n<p class=\"_paragraph_145nj_4 _paragraph_6fko5_10 layout-component text-serif-m layout-normal text-serif-m layout-padded\">\u2013 Hun kunne f\u00e5tt en bedre start som dronning. Tilliten har falt etter <a href=\"https:\/\/www.vg.no\/tag\/jeffrey-epstein\" class=\"_link_145nj_39\" rel=\"nofollow noopener\" target=\"_blank\">Epstein-saken<\/a>, og s\u00f8nnen hennes sitter i varetekt med fotlenke og skal i retten igjen, sier VG-kommentator Astrid Meland. <\/p>\n<p class=\"_paragraph_145nj_4 _paragraph_6fko5_10 layout-component text-serif-m layout-normal text-serif-m layout-padded\">\u2013 Det er heller ingen lett oppgave \u00e5 etterf\u00f8lge den allestedsn\u00e6rv\u00e6rende dronning Sonja, som har jobbet sv\u00e6rt energisk i s\u00e5 mange \u00e5r. Hun har lagt listen h\u00f8yt.<\/p>\n<p><img decoding=\"async\" alt=\"Bilde av Astrid Meland\" class=\"_image_148z4_25\" height=\"31\" itemprop=\"image\" loading=\"lazy\"  src=\"https:\/\/www.europesays.com\/no\/wp-content\/uploads\/2026\/08\/fecc00a0-8184-301b-9f3d-d74aa16fcb2d.png\"  width=\"40\"\/><strong class=\"_name_148z4_34 title-serif-xs\">Astrid Meland<\/strong><\/p>\n<p class=\"_paragraph_145nj_4 text-sans-m _description_148z4_39\">Kommentator i VG<\/p>\n<p class=\"_paragraph_145nj_4 _paragraph_6fko5_10 layout-component text-serif-m layout-normal text-serif-m layout-padded\">\u2013 \u00c5 inntre i en dronninggjerning er utfordrende p\u00e5 alle m\u00e5ter, uansett forhistorie, sier TV 2s kongehusekspert Ole-J\u00f8rgen Schulsrud-Hansen til VG.<\/p>\n<p class=\"_paragraph_145nj_4 _paragraph_6fko5_10 layout-component text-serif-m layout-normal text-serif-m layout-padded\">\u2013 Samtidig b\u00f8r vi, av respekt for regjeringstiden kong Harald har f\u00f8rt, fokusere p\u00e5 at dette vil g\u00e5 fint, sier han.<\/p>\n<p><img alt=\"Kongehuset delte i anledning s\u00f8lvbryllupet dette bildet fra kronprinsparets bryllupsreise p\u00e5 Long Island i 2001.  Foto: Det kongelige hoff \/ NTB\" class=\"_image_jw3bv_65 layout-component layout-normal\" data-fullscreen- data-track-element-type=\"Article image fullscreen\" data-track-name=\"ImageFullscreen\" decoding=\"async\" loading=\"lazy\" height=\"537\" itemprop=\"image\"  src=\"https:\/\/www.europesays.com\/no\/wp-content\/uploads\/2026\/08\/dc862ee7-ad0e-3500-89c3-23ec89d83630.jpeg\"  style=\"object-position:0% 0%\" width=\"877\"\/>Kongehuset delte i anledning s\u00f8lvbryllupet dette bildet fra kronprinsparets bryllupsreise p\u00e5 Long Island i 2001.  Foto: Det kongelige hoff \/ NTB<\/p>\n<p class=\"_paragraph_145nj_4 _paragraph_6fko5_10 layout-component text-serif-m layout-normal text-serif-m layout-padded\">Schulsrud-Hansen synes folk b\u00f8r st\u00f8tte oppunder v\u00e5rt nye kongepar. <\/p>\n<p class=\"_paragraph_145nj_4 _paragraph_6fko5_10 layout-component text-serif-m layout-normal text-serif-m layout-padded\">\u2013 Kong Harald hadde tro p\u00e5 sin arving, og dette gjelder ogs\u00e5 hans valg av ektefelle. Jeg tror v\u00e5rt nye kongepar vil fortsette tradisjonen med en felles kongegjerning, og fungere samlende, sier Schulsrud-Hansen. <\/p>\n<p><img decoding=\"async\" alt=\"Bilde av Ole-J\u00f8rgen Schulsrud-Hansen\" class=\"_image_148z4_25\" height=\"40\" itemprop=\"image\" loading=\"lazy\"  src=\"https:\/\/www.europesays.com\/no\/wp-content\/uploads\/2026\/08\/24708eaa-dec0-394d-8672-0b3f9ee09aa9.jpeg\"  width=\"40\"\/><strong class=\"_name_148z4_34 title-serif-xs\">Ole-J\u00f8rgen Schulsrud-Hansen<\/strong><\/p>\n<p class=\"_paragraph_145nj_4 text-sans-m _description_148z4_39\">Kongehusekspert<\/p>\n<p>Om rollen sin<\/p>\n<p class=\"_paragraph_145nj_4 _paragraph_6fko5_10 layout-component text-serif-m layout-normal text-serif-m layout-padded\">Dronningens offisielle program vil i fremtiden m\u00e5tte tilpasses helsesituasjonen.<\/p>\n<p class=\"_paragraph_145nj_4 _paragraph_6fko5_10 layout-component text-serif-m layout-normal text-serif-m layout-padded\">Da Mette-Marit i mars <a href=\"https:\/\/www.vg.no\/nyheter\/i\/5pE5ke\/foelg-nrk-intervjuet-med-kronprinsessen-ord-for-ord\" data-track-element-type=\"Link\" data-track-id=\"link:5pE5ke\" class=\"_link_145nj_39\" rel=\"nofollow noopener\" target=\"_blank\">ble intervjuet av NRK<\/a> om tilknytningen sin til Epstein, fikk hun sp\u00f8rsm\u00e5l om hun har motivasjon til \u00e5 st\u00e5 i rollen sin og senere ta fatt p\u00e5 det som venter i fremtiden.<\/p>\n<p><img alt=\"Dav\u00e6rende kronprinsesse Marit med kronprins Haakon ved sin side under NRK-intervjuet for fem m\u00e5neder siden.  Foto: Torbj\u00f8rn Brovold\/NRK \/ NTB\" class=\"_image_jw3bv_65 layout-component layout-normal\" data-fullscreen- data-track-element-type=\"Article image fullscreen\" data-track-name=\"ImageFullscreen\" decoding=\"async\" loading=\"lazy\" height=\"4986\" itemprop=\"image\"  src=\"https:\/\/www.europesays.com\/no\/wp-content\/uploads\/2026\/08\/0283bd79-a6d1-3472-b7cb-cc71f6c9f51b.jpeg\"  style=\"object-position:0% 0%\" width=\"6471\"\/>Dav\u00e6rende kronprinsesse Marit med kronprins Haakon ved sin side under NRK-intervjuet for fem m\u00e5neder siden.  Foto: Torbj\u00f8rn Brovold\/NRK \/ NTB<\/p>\n<p class=\"_paragraph_145nj_4 _paragraph_6fko5_10 layout-component text-serif-m layout-normal text-serif-m layout-padded\">\u2013 Jeg lever med en alvorlig sykdom, og det er den som preger hverdagen min n\u00e5, svarte den da alvorlig lungesyke kronprinsessen. <\/p>\n<p class=\"_paragraph_145nj_4 _paragraph_6fko5_10 layout-component text-serif-m layout-normal text-serif-m layout-padded\">\u2013 Det er den som avgj\u00f8r om jeg kan st\u00e5 i rollen min eller ikke. (&#8230;) Haakon er det mennesket jeg respekterer mest i hele verden. Jeg har stor tro p\u00e5 ham. Jeg har lyst til \u00e5 st\u00e5 ved siden av ham i det prosjektet, hvis jeg har mulighet til det med helsen min, uttalte hun.<\/p>\n<p class=\"_paragraph_145nj_4 _paragraph_6fko5_10 layout-component text-serif-m layout-normal text-serif-m layout-padded\">Etter \u00e5 ha slitt med kronisk lungefibrose i flere \u00e5r, meldte Slottet 17. juni at Mette-Marit hadde <a href=\"https:\/\/www.vg.no\/nyheter\/i\/xrQn3R\/kronprinsesse-mette-marit-operert-for-nye-lunger-det-er-gledelig-aa-hoere\" data-track-element-type=\"Link\" data-track-id=\"link:xrQn3R\" class=\"_link_145nj_39\" rel=\"nofollow noopener\" target=\"_blank\">gjennomg\u00e5tt en vellykket lungetransplantasjon<\/a> p\u00e5 Rikshospitalet.<\/p>\n<p><img alt=\"Dav\u00e6rende kronprinsesse Mette-Marit og kronprins Haakon ved Rikshospitalet 18. august \u2013 f\u00f8rste glimt av henne etter operasjonen.  Foto: Gisle Oddstad \/ VG\" class=\"_image_jw3bv_65 layout-component layout-normal\" data-fullscreen- data-track-element-type=\"Article image fullscreen\" data-track-name=\"ImageFullscreen\" decoding=\"async\" loading=\"lazy\" height=\"4416\" itemprop=\"image\"  src=\"https:\/\/www.europesays.com\/no\/wp-content\/uploads\/2026\/08\/6a101dfc-98c8-376d-93fd-b125b723483e.jpeg\"  style=\"object-position:56.03692000665226% 46.32019927536232%\" width=\"6013\"\/>Dav\u00e6rende kronprinsesse Mette-Marit og kronprins Haakon ved Rikshospitalet 18. august \u2013 f\u00f8rste glimt av henne etter operasjonen.  Foto: Gisle Oddstad \/ VG<\/p>\n<p class=\"_paragraph_145nj_4 _paragraph_6fko5_10 layout-component text-serif-m layout-normal text-serif-m layout-padded\">5. juni i \u00e5r kom nyheten om at Mette-Marit var satt p\u00e5 liste for lungetransplantasjon. <a href=\"https:\/\/www.vg.no\/rampelys\/i\/oEvb3V\/naa-staar-mette-marit-paa-liste-for-nye-lunger\" data-track-element-type=\"Link\" data-track-id=\"link:oEvb3V\" class=\"_link_145nj_39\" rel=\"nofollow noopener\" target=\"_blank\">12 dager <\/a>senere ble det kunngjort at hun hadde f\u00e5tt nye lunger. <\/p>\n<p class=\"_paragraph_145nj_4 _paragraph_6fko5_10 layout-component text-serif-m layout-normal text-serif-m layout-padded\">Etter operasjonen var den dav\u00e6rende kronprinsessen innlagt p\u00e5 Rikshospitalet i flere uker. <\/p>\n<p class=\"_paragraph_145nj_4 _paragraph_6fko5_10 layout-component text-serif-m layout-normal text-serif-m layout-padded\"><a href=\"https:\/\/www.vg.no\/rampelys\/i\/vrxQzX\/slottet-deler-bilde-av-mette-marit\" data-track-element-type=\"Link\" data-track-id=\"link:vrxQzX\" class=\"_link_145nj_39\" rel=\"nofollow noopener\" target=\"_blank\">6. juli delte Slottet bilde av den nyopererte kronprinsessen<\/a> og kronprins Haakon som fulgte VM-kampen mellom Norge og Brasil.<\/p>\n<p class=\"_paragraph_145nj_4 _paragraph_6fko5_10 layout-component text-serif-m layout-normal text-serif-m layout-padded\">Det var det f\u00f8rste offisielle bildet av Mette-Marit etter operasjonen:<\/p>\n<p><img alt=\"Her sitter kronprinsparet p\u00e5 en sofa p\u00e5 Slottet. Bildet var det f\u00f8rste de offentliggjorde av de to etter lungetransplantasjonen.\" class=\"_image_jw3bv_65 layout-component layout-normal\" data-fullscreen- data-track-element-type=\"Article image fullscreen\" data-track-name=\"ImageFullscreen\" decoding=\"async\" loading=\"lazy\" height=\"874\" itemprop=\"image\"  src=\"https:\/\/www.europesays.com\/no\/wp-content\/uploads\/2026\/08\/a8f0a796-aa49-3b89-96ec-631fcf2e0e09.jpeg\"  style=\"object-position:48.77571008814887% 37.5858123569794%\" width=\"1021\"\/>Her sitter kronprinsparet p\u00e5 en sofa p\u00e5 Slottet. Bildet var det f\u00f8rste de offentliggjorde av de to etter lungetransplantasjonen.Hva skjer n\u00e5?<\/p>\n<p class=\"_paragraph_145nj_4 _paragraph_6fko5_10 layout-component text-serif-m layout-normal text-serif-m layout-padded\">14. juli meldte kongehuset at kronprinsessen ikke lenger var innlagt p\u00e5 sykehus.<\/p>\n<p class=\"_paragraph_145nj_4 _paragraph_6fko5_10 layout-component text-serif-m layout-normal text-serif-m layout-padded\">Are Holm, avdelingsleder ved lungeavdelingen p\u00e5 Rikshospitalet, forklarte samtidig at kronprinsessen \u2013 som hun da var \u2013 det kommende halv\u00e5ret vil v\u00e6re i opptrening og f\u00e5 tett oppf\u00f8lging med tanke p\u00e5 mulige komplikasjoner.<\/p>\n<p><img alt=\"F\u00f8r operasjonen var det tydelig at kronprinsessen var blitt d\u00e5rligere. Hun ble sett med oksygentilf\u00f8rsel flere ganger \u2013 som her p\u00e5 17. mai-feiringen utenfor Skaugum i Asker i \u00e5r.  Foto: Lise \u00c5serud \/ NTB\" class=\"_image_jw3bv_65 layout-component layout-normal\" data-fullscreen- data-track-element-type=\"Article image fullscreen\" data-track-name=\"ImageFullscreen\" decoding=\"async\" loading=\"lazy\" height=\"812\" itemprop=\"image\"  src=\"https:\/\/www.europesays.com\/no\/wp-content\/uploads\/2026\/08\/12c86a30-6539-3c5c-8873-e58b69c02673.jpeg\"  style=\"object-position:0% 0%\" width=\"1214\"\/>F\u00f8r operasjonen var det tydelig at kronprinsessen var blitt d\u00e5rligere. Hun ble sett med oksygentilf\u00f8rsel flere ganger \u2013 som her p\u00e5 17. mai-feiringen utenfor Skaugum i Asker i \u00e5r.  Foto: Lise \u00c5serud \/ NTB\u2013 Neppe veldig synlig<\/p>\n<p class=\"_paragraph_145nj_4 _paragraph_6fko5_10 layout-component text-serif-m layout-normal text-serif-m layout-padded\">\u2013 Dronningen vil neppe v\u00e6re veldig synlig de f\u00f8rste m\u00e5nedene. Det er kort tid siden hun gikk gjennom en av de heftigste operasjonene en kan ha, og Slottet har sagt at det kan bli en lang rekonvalesenstid, sier VG-kommentator Astrid Meland. <\/p>\n<p class=\"_paragraph_145nj_4 _paragraph_6fko5_10 layout-component text-serif-m layout-normal text-serif-m layout-padded\">TV 2s kongehusekspert Schulsrud-Hansen tror hun vil ta del i enkelte oppdrag fremover.<\/p>\n<p class=\"_paragraph_145nj_4 _paragraph_6fko5_10 layout-component text-serif-m layout-normal text-serif-m layout-padded\">\u2013 For eksempel ektemannens edsavleggelse i Stortinget tirsdag neste uke, sier han. <\/p>\n<p class=\"_paragraph_145nj_4 _paragraph_6fko5_10 layout-component text-serif-m layout-normal text-serif-m layout-padded\"><strong class=\"_strong_145nj_25\">\u2013 Der kongefamilien skal gjennomf\u00f8re det seremonielle, vil dronningen v\u00e6re til stede, mener han. <\/strong><\/p>\n<p class=\"_paragraph_145nj_4 _paragraph_6fko5_10 layout-component text-serif-m layout-normal text-serif-m layout-padded\">Schulsrud-Hansen tror kongeparet n\u00e5 vil dele p\u00e5 flere av kong Haralds beskytterskap, men presiserer at det er for tidlig \u00e5 si noe sikkert. <\/p>\n<p>Hvor skal de bo?<\/p>\n<p class=\"_paragraph_145nj_4 _paragraph_6fko5_10 layout-component text-serif-m layout-normal text-serif-m layout-padded\">Det er forel\u00f8pig ikke kjent om tronskiftet vil f\u00f8re til endringer i hvor de kongelige bor. <\/p>\n<p class=\"_paragraph_145nj_4 _paragraph_6fko5_10 layout-component text-serif-m layout-normal text-serif-m layout-padded\">Kong Haakon og dronning Mette-Marit bor p\u00e5 Skaugum, som har v\u00e6rt deres private hjem. Ogs\u00e5 dronningens eldste s\u00f8nn Marius Borg H\u00f8iby (29) bor n\u00e5 p\u00e5 Skaugum, der han siden 14. juli har sittet i varetekt hjemme med fotlenke. <\/p>\n<p><img alt=\"Flagget p\u00e5 halv stang p\u00e5 taket p\u00e5 Slottet fredag morgen.  Foto: Mattis Sandblad \/ VG\" class=\"_image_jw3bv_65 layout-component layout-normal\" data-fullscreen- data-track-element-type=\"Article image fullscreen\" data-track-name=\"ImageFullscreen\" decoding=\"async\" loading=\"lazy\" height=\"4000\" itemprop=\"image\"  src=\"https:\/\/www.europesays.com\/no\/wp-content\/uploads\/2026\/08\/dab352bc-d202-3830-9dff-9afc80bb663c.jpeg\"  style=\"object-position:0% 0%\" width=\"6000\"\/>Flagget p\u00e5 halv stang p\u00e5 taket p\u00e5 Slottet fredag morgen.  Foto: Mattis Sandblad \/ VG<\/p>\n<p class=\"_paragraph_145nj_4 _paragraph_6fko5_10 layout-component text-serif-m layout-normal text-serif-m layout-padded\">Slottet er kongens offisielle residens og arbeidssted, men det betyr ikke n\u00f8dvendigvis at det nye kongeparet flytter dit.<\/p>\n<p class=\"_paragraph_145nj_4 _paragraph_6fko5_10 layout-component text-serif-m layout-normal text-serif-m layout-padded\">Kong Harald og dronning Sonja hadde Slottet som offisiell residens, men kongeparet har ogs\u00e5 brukt Kongsg\u00e5rden p\u00e5 Bygd\u00f8y og Kongsseteren p\u00e5 Voksenkollen som sine baser.<\/p>\n<p><img alt=\"Kong Harald og dronning Sonja, kronprins Haakon og prinsesse Astrid holdt middag for stortingsrepresentantene p\u00e5 Slottet i oktober 2024.  Foto: Lise \u00c5serud \/ NTB\" class=\"_image_jw3bv_65 layout-component layout-normal\" data-fullscreen- data-track-element-type=\"Article image fullscreen\" data-track-name=\"ImageFullscreen\" decoding=\"async\" loading=\"lazy\" height=\"3124\" itemprop=\"image\"  src=\"https:\/\/www.europesays.com\/no\/wp-content\/uploads\/2026\/08\/194d3480-46b3-3bee-8fc6-77d2a4e66062.jpeg\"  style=\"object-position:0% 0%\" width=\"4686\"\/>Kong Harald og dronning Sonja, kronprins Haakon og prinsesse Astrid holdt middag for stortingsrepresentantene p\u00e5 Slottet i oktober 2024.  Foto: Lise \u00c5serud \/ NTB<\/p>\n<p class=\"_paragraph_145nj_4 _paragraph_6fko5_10 layout-component text-serif-m layout-normal text-serif-m layout-padded\">\u2013 Kong Harald og dronning Sonja bodde p\u00e5 Skaugum noen \u00e5r etter at de tok over tronen, blant annet fordi Slottet m\u00e5tte pusses opp. Siden har de kontinuerlig vedlikeholdt det, slik at kong Haakon og dronning Mette-Marit n\u00e5 tar over et helt annet slott, sier Schulsrud-Hansen. <\/p>\n<p class=\"_paragraph_145nj_4 _paragraph_6fko5_10 layout-component text-serif-m layout-normal text-serif-m layout-padded\">\u2013 Det gir \u00e5pning for at de raskere kan flytte inn p\u00e5 slottet, men jeg ser ikke for meg at de gj\u00f8r det f\u00f8r kronprinsesse Ingrid Alexandra eventuelt er gift og skal ta over Skaugum. <\/p>\n<p><img alt=\"Haakon fikk sin Mette-Marit i Oslo domkirke 25. august 2001.  Foto: Espen Braata \/ VG\" class=\"_image_jw3bv_65 layout-component layout-normal\" data-fullscreen- data-track-element-type=\"Article image fullscreen\" data-track-name=\"ImageFullscreen\" decoding=\"async\" loading=\"lazy\" height=\"2016\" itemprop=\"image\"  src=\"https:\/\/www.europesays.com\/no\/wp-content\/uploads\/2026\/08\/8019d9f1-d41a-30ff-9d63-d5a71f746c3f.jpeg\"  style=\"object-position:0% 0%\" width=\"3072\"\/>Haakon fikk sin Mette-Marit i Oslo domkirke 25. august 2001.  Foto: Espen Braata \/ VG<\/p>\n<p class=\"_paragraph_145nj_4 _paragraph_6fko5_10 layout-component text-serif-m layout-normal text-serif-m layout-padded\">Det er forel\u00f8pig ikke kjent hvor dronning Sonja vil bo fremover, eller om den nye kronprinsessen etter hvert skal overta Skaugum. <\/p>\n<p class=\"_paragraph_145nj_4 _paragraph_6fko5_10 layout-component text-serif-m layout-normal text-serif-m layout-padded\">Kongehuset har s\u00e5 langt ikke varslet noen endringer i bosituasjonen.<\/p>\n<p>To dronninger<\/p>\n<p class=\"_paragraph_145nj_4 _paragraph_6fko5_10 layout-component text-serif-m layout-normal text-serif-m layout-padded\">Dronning Sonja beholder alts\u00e5 dronningtittelen, men blir s\u00e5kalt enkedronning. <\/p>\n<p><img alt=\"Bilde fra Slottsbalkongen 17. mai i \u00e5r.  Foto: Terje Pedersen \/ NTB\" class=\"_image_jw3bv_65 layout-component layout-normal\" data-fullscreen- data-track-element-type=\"Article image fullscreen\" data-track-name=\"ImageFullscreen\" decoding=\"async\" loading=\"lazy\" height=\"1757\" itemprop=\"image\"  src=\"https:\/\/www.europesays.com\/no\/wp-content\/uploads\/2026\/08\/adead0be-cc33-31e7-9391-06054c35fc32.jpeg\"  style=\"object-position:0% 0%\" width=\"2628\"\/>Bilde fra Slottsbalkongen 17. mai i \u00e5r.  Foto: Terje Pedersen \/ NTB<\/p>\n<p class=\"_paragraph_145nj_4 _paragraph_6fko5_10 layout-component text-serif-m layout-normal text-serif-m layout-padded\">Norge har ikke hatt en enkedronning siden 1800-tallet, s\u00e5 det finnes ingen nyere norsk mal for hvordan Sonjas rolle blir fremover.<\/p>\n<p class=\"_paragraph_145nj_4 _paragraph_6fko5_10 layout-component text-serif-m layout-normal text-serif-m layout-padded\">\u2013 De er begge ledsagere, ikke regjerende dronninger. S\u00e5nn sett har ikke dette noen konstitusjonell betydning, s\u00e5 det er ikke noe problem med to dronninger, sier forfatter Tor Bomann-Larsen til VG.<\/p>\n<p class=\"_paragraph_145nj_4 _paragraph_6fko5_10 layout-component text-serif-m layout-normal text-serif-m layout-padded\">\u2013 Dette betyr at n\u00e5r vi omtaler \u00abDronningen\u00bb n\u00e5, prater vi om Mette-Marit. Bestemt form av tittelen ligger til kona til den regjerende monarken, sier Schulsrud-Hansen. <\/p>\n<p class=\"_paragraph_145nj_4 _paragraph_6fko5_10 layout-component text-serif-m layout-normal text-serif-m layout-padded\">Hvis kong Haakon er i utlandet eller er syk og ikke kan ivareta sine oppgaver som statsoverhode, skal Ingrid Alexandra tre inn som regent og midlertidig ut\u00f8ve kongemakten.<\/p>\n<p class=\"_paragraph_145nj_4 _paragraph_6fko5_10 layout-component text-serif-m layout-normal text-serif-m layout-padded\"><strong class=\"_strong_145nj_25\">Slik er arverekken n\u00e5:<\/strong><\/p>\n<ul class=\"_list_145nj_3 _list_6fko5_9 _unordered_145nj_106 layout-component text-serif-m layout-normal text-serif-m layout-padded\">\n<li class=\"_item_145nj_30\">Kronprinsesse Ingrid Alexandra (22)<\/li>\n<li class=\"_item_145nj_30\">Prins Sverre Magnus (20)<\/li>\n<li class=\"_item_145nj_30\">Prinsesse M\u00e4rtha Louise (54)<\/li>\n<li class=\"_item_145nj_30\">Maud Angelica Behn (23)<\/li>\n<li class=\"_item_145nj_30\">Leah Isadora Behn (21)<\/li>\n<li class=\"_item_145nj_30\">Emma Tallulah Behn (17)<\/li>\n<\/ul>\n<p><img alt=\"Kong Harald og dronning Sonja i \u00e5pen bil gjennom Oslos gater 17. mai 2020, da deler av samfunnet var stengt ned grunnet coronaviruset.  Foto: Fredrik Varfjell \/ NTB\" class=\"_image_jw3bv_65 layout-component layout-normal\" data-fullscreen- data-track-element-type=\"Article image fullscreen\" data-track-name=\"ImageFullscreen\" decoding=\"async\" loading=\"lazy\" height=\"3280\" itemprop=\"image\"  src=\"https:\/\/www.europesays.com\/no\/wp-content\/uploads\/2026\/08\/7c720b99-d05a-3530-9af9-9e6f19c8633d.jpeg\"  style=\"object-position:0% 0%\" width=\"4928\"\/>Kong Harald og dronning Sonja i \u00e5pen bil gjennom Oslos gater 17. mai 2020, da deler av samfunnet var stengt ned grunnet coronaviruset.  Foto: Fredrik Varfjell \/ NTB<\/p>\n<p class=\"_paragraph_145nj_4 _paragraph_6fko5_10 layout-component text-serif-m layout-normal text-serif-m layout-padded\">Mette-Marit ble f\u00f8dt i Kristiansand 19. august 1973. <\/p>\n<p class=\"_paragraph_145nj_4 _paragraph_6fko5_10 layout-component text-serif-m layout-normal text-serif-m layout-padded\">25. august 2001 giftet hun seg med kronprins Haakon og ble Norges kronprinsesse. Historien om alenemoren som kapret kronprinsens hjerte, skapte store overskrifter verden rundt.<\/p>\n<p class=\"_paragraph_145nj_4 _paragraph_6fko5_10 layout-component text-serif-m layout-normal text-serif-m layout-padded\">N\u00e5 har de alts\u00e5 v\u00e6rt gift i hele 25 \u00e5r.<\/p>\n<p class=\"_paragraph_145nj_4 _paragraph_6fko5_10 layout-component text-serif-m layout-normal text-serif-m layout-padded\"><strong class=\"_strong_145nj_25\">If\u00f8lge Slottet skal s\u00f8lvbryllupsfeiringen gjennomf\u00f8res p\u00e5 et senere tidspunkt, n\u00e5r den nye dronningens helse tillater det. <\/strong><\/p>\n<p><img alt=\"Kronprins Haakon og kronprinsesse Mette-Marit giftet seg i Oslo Domkirke l\u00f8rdag 25. august for 25 \u00e5r siden.  Foto: Erlend Aas \/ NTB\" class=\"_image_jw3bv_65 layout-component layout-normal\" data-fullscreen- data-track-element-type=\"Article image fullscreen\" data-track-name=\"ImageFullscreen\" decoding=\"async\" loading=\"lazy\" height=\"1304\" itemprop=\"image\"  src=\"https:\/\/www.europesays.com\/no\/wp-content\/uploads\/2026\/08\/1788097104_263_788255f8-48d0-3862-b20d-3ba49b061376.jpeg\"  style=\"object-position:0% 0%\" width=\"1969\"\/>Kronprins Haakon og kronprinsesse Mette-Marit giftet seg i Oslo Domkirke l\u00f8rdag 25. august for 25 \u00e5r siden.  Foto: Erlend Aas \/ NTB<br \/>\nLes ogs\u00e5<\/p>\n","protected":false},"excerpt":{"rendered":"Mette-Marit er n\u00e5 Norges nye dronning etter kong Haakons tronovertakelse. Hun er fortsatt sykmeldt og under rehabilitering etter&hellip;\n","protected":false},"author":2,"featured_media":338134,"comment_status":"","ping_status":"","sticky":false,"template":"","format":"standard","meta":{"footnotes":"","_share_on_mastodon":"0"},"categories":[10],"tags":[20,21,26098,24,25,15,26073,1803,26099,22,23,13,30,28,29,14,16,26,27],"class_list":["post-338133","post","type-post","status-publish","format-standard","has-post-thumbnail","category-norge","tag-breaking-news","tag-breakingnews","tag-dronning-mette-marit","tag-featured-news","tag-featurednews","tag-headlines","tag-kong-haakon-8","tag-kongehuset","tag-kronprinsesse-ingrid-alexandra","tag-latest-news","tag-latestnews","tag-news","tag-no","tag-norge","tag-norway","tag-nyheter","tag-overskrifter","tag-top-stories","tag-topstories"],"share_on_mastodon":{"url":"https:\/\/pubeurope.com\/@no\/117184739564631754","error":""},"_links":{"self":[{"href":"https:\/\/www.europesays.com\/no\/wp-json\/wp\/v2\/posts\/338133","targetHints":{"allow":["GET"]}}],"collection":[{"href":"https:\/\/www.europesays.com\/no\/wp-json\/wp\/v2\/posts"}],"about":[{"href":"https:\/\/www.europesays.com\/no\/wp-json\/wp\/v2\/types\/post"}],"author":[{"embeddable":true,"href":"https:\/\/www.europesays.com\/no\/wp-json\/wp\/v2\/users\/2"}],"replies":[{"embeddable":true,"href":"https:\/\/www.europesays.com\/no\/wp-json\/wp\/v2\/comments?post=338133"}],"version-history":[{"count":0,"href":"https:\/\/www.europesays.com\/no\/wp-json\/wp\/v2\/posts\/338133\/revisions"}],"wp:featuredmedia":[{"embeddable":true,"href":"https:\/\/www.europesays.com\/no\/wp-json\/wp\/v2\/media\/338134"}],"wp:attachment":[{"href":"https:\/\/www.europesays.com\/no\/wp-json\/wp\/v2\/media?parent=338133"}],"wp:term":[{"taxonomy":"category","embeddable":true,"href":"https:\/\/www.europesays.com\/no\/wp-json\/wp\/v2\/categories?post=338133"},{"taxonomy":"post_tag","embeddable":true,"href":"https:\/\/www.europesays.com\/no\/wp-json\/wp\/v2\/tags?post=338133"}],"curies":[{"name":"wp","href":"https:\/\/api.w.org\/{rel}","templated":true}]}}