{"id":33814,"date":"2025-09-12T19:27:12","date_gmt":"2025-09-12T19:27:12","guid":{"rendered":"https:\/\/www.europesays.com\/no\/33814\/"},"modified":"2025-09-12T19:27:12","modified_gmt":"2025-09-12T19:27:12","slug":"jeg-folte-meg-ensom","status":"publish","type":"post","link":"https:\/\/www.europesays.com\/no\/33814\/","title":{"rendered":"\u2013 Jeg f\u00f8lte meg ensom"},"content":{"rendered":"<p class=\"kicker \" style=\"\">Forr\u00e6der<\/p>\n<p>  Sophie Elise \u00e5pner opp om rollen hun fikk tildelt.<\/p>\n<p>\n    FORR\u00c6DER: Nok en sesong av Forr\u00e6der er n\u00e5 i gang. KK har tatt en prat med en rekke deltakere om deres opplevelse. Foto: Ida Bergersen.\n  <\/p>\n<p>Forr\u00e6der er n\u00e5 tilbake med femte sesong. 23 deltakere skal n\u00e5 igjennom et krevende sosialt spill \u2013 som nok en gang ledes av Mads Hansen.<\/p>\n<p>Etter f\u00f8rste episode skulle man kanskje tro at det bare var to forr\u00e6dere, Harald Bredeli og Rasmus Wold. Men i \u00e5r som tidligere, er det tre av spillerne som blir valgt til forr\u00e6der. I dagens episode kunne den tredje forr\u00e6deren vise seg til kjenne.<\/p>\n<p>KK har tatt en prat med den tredje forr\u00e6deren, som \u00e5pner opp om f\u00f8lelsene hun satt med under innspillingen.<\/p>\n<p>    <a itemprop=\"url\" href=\"https:\/\/www.kk.no\/underholdning\/na-er-han-stasjonert-til-ryddegutt\/83542286\" rel=\"nofollow noopener\" target=\"_blank\"><\/p>\n<p>      <img loading=\"lazy\" decoding=\"async\" src=\"https:\/\/www.europesays.com\/no\/wp-content\/uploads\/2025\/09\/83546340.webp\" width=\"980\" height=\"441\" title=\"- N\u00e5 er han stasjonert til ryddegutt\" alt=\"\" class=\"lazyload\" style=\"--aspect-ratio-image: 2.22; \"\/><\/p>\n<p>        &#8211; N\u00e5 er han stasjonert til ryddegutt<\/p>\n<p>    <\/a><\/p>\n<p>Ensom\t<\/p>\n<p>Sammen med kommentator Harald Bredeli (64) og komiker Rasmus Wold (34) skal ogs\u00e5 Sophie Elise kjempe som forr\u00e6der, om \u00e5 \u00e9n etter \u00e9n f\u00e5 ut de andre spillerne.<\/p>\n<p>Selv er hun kanskje aller mest kjent som rosabloggeren, etter at hun i 2011 raskt toppet listen over Norges mest leste bloggere.<\/p>\n<p>Hun startet som blogger p\u00e5 pikerommet i Harstad, og siden har vi fulgt henne i alt fra Farmen kjendis og Skal vi danse til Bloggerne. N\u00e5 venter et helt nytt kapittel: Forr\u00e6der.<\/p>\n<p>\u2013 \u00c5 v\u00e6re med p\u00e5 Forr\u00e6der var noe helt nytt for meg. Det blir en boble, og jeg f\u00f8lte p\u00e5 veldig mye der inne.<\/p>\n<p>\u2013 F\u00f8lelser blir hundre prosent forsterket n\u00e5r man kommer inn i spillbobla.<\/p>\n<p>    <a itemprop=\"url\" href=\"https:\/\/www.kk.no\/underholdning\/da-vi-ble-kjent-erfarte-vi-dette\/83561993\" rel=\"nofollow noopener\" target=\"_blank\"><\/p>\n<p>      <img loading=\"lazy\" decoding=\"async\" src=\"https:\/\/www.europesays.com\/no\/wp-content\/uploads\/2025\/09\/1757705230_43_83562666.webp\" width=\"980\" height=\"441\" title=\"\u2013 Da vi ble kjent, erfarte vi dette\" alt=\"\" class=\"lazyload\" style=\"--aspect-ratio-image: 2.22; \"\/><\/p>\n<p>        \u2013 Da vi ble kjent, erfarte vi dette<\/p>\n<p>    <\/a><\/p>\n<p>De f\u00f8rste dagene visste ingen av forr\u00e6derne hvem de andre forr\u00e6derne var. De hadde derfor ingen \u00e5 sparre med. Det kjente Sophie Elise mye p\u00e5.<\/p>\n<p>\u2013 Jeg f\u00f8lte mye p\u00e5 ensomhet de f\u00f8rste dagene. Jeg er egentlig ikke en gr\u00e5ter, men der inne ble f\u00f8lelsene veldig forsterket.<\/p>\n<p>\u2013 At jeg f\u00f8lte meg ensom de f\u00f8rste dagene var fordi jeg ikke visste hvem andre som var forr\u00e6der. Det gjorde at jeg f\u00f8lte meg alene og truet, for jeg hadde ingen andre \u00e5 lene meg p\u00e5. Men fra forr\u00e6derne ble et team koste jeg meg.<\/p>\n<p>    <a itemprop=\"url\" href=\"https:\/\/www.kk.no\/livet\/soskensjalusi-der-skal-du-vaere-varsom\/83564917\" rel=\"nofollow noopener\" target=\"_blank\"><\/p>\n<p>      <img loading=\"lazy\" decoding=\"async\" src=\"https:\/\/www.europesays.com\/no\/wp-content\/uploads\/2025\/09\/83565088.webp\" width=\"980\" height=\"441\" title=\"S\u00f8skensjalusi: - Der skal du v\u00e6re varsom\" alt=\"\" class=\"lazyload\" style=\"--aspect-ratio-image: 2.22; \"\/><\/p>\n<p>        S\u00f8skensjalusi: &#8211; Der skal du v\u00e6re varsom<\/p>\n<p>    <\/a><\/p>\n<p>Dobbeltrolle\t<\/p>\n<p class=\"italic m-italic\" data-lab-italic=\"italic\">Hva var det mest utfordrende med deltakelsen?<\/p>\n<p>\u2013 Det var at med den rollen jeg fikk tildelt, s\u00e5 m\u00e5tte jeg b\u00e5de v\u00e6re en venn, men ogs\u00e5 v\u00e6re forr\u00e6der. Det var veldig g\u00f8y, men krevende p\u00e5 samme tid.<\/p>\n<p>I perioder kunne hun kjenne p\u00e5 d\u00e5rlig samvittighet.<\/p>\n<p>\u2013 Men jeg pr\u00f8vde hele veien \u00e5 tenke at det bare er et spill. Det var jo en veldig g\u00f8y opplevelse.<\/p>\n<p>    <a itemprop=\"url\" href=\"https:\/\/www.kk.no\/underholdning\/tror-han-hadde-vaert-stolt-av-meg\/83542080\" rel=\"nofollow noopener\" target=\"_blank\"><\/p>\n<p>      <img loading=\"lazy\" decoding=\"async\" src=\"https:\/\/www.europesays.com\/no\/wp-content\/uploads\/2025\/09\/1757705232_229_83542879.webp\" width=\"980\" height=\"441\" title=\"- Tror han hadde v\u00e6rt stolt av meg\" alt=\"\" class=\"lazyload\" style=\"--aspect-ratio-image: 2.22; \"\/><\/p>\n<p>        &#8211; Tror han hadde v\u00e6rt stolt av meg<\/p>\n<p>    <\/a><\/p>\n<p>Tross blandede f\u00f8lelser under innspillingen, er hun ikke i tvil om at hun ble glad for \u00e5 f\u00e5 tildelt rollen som forr\u00e6der.<\/p>\n<p>\u2013 Jeg var hundre prosent sikker p\u00e5 at jeg ville bli det, s\u00e5 jeg hadde blitt s\u00e5 skuffa om det ikke ble slik.<\/p>\n","protected":false},"excerpt":{"rendered":"Forr\u00e6der Sophie Elise \u00e5pner opp om rollen hun fikk tildelt. FORR\u00c6DER: Nok en sesong av Forr\u00e6der er n\u00e5&hellip;\n","protected":false},"author":2,"featured_media":33815,"comment_status":"","ping_status":"","sticky":false,"template":"","format":"standard","meta":{"footnotes":""},"categories":[5],"tags":[20,21,24,25,4138,15,19,22,23,17,18,13,30,28,29,14,16,1444,5404,26,27,207,1130,72],"class_list":{"0":"post-33814","1":"post","2":"type-post","3":"status-publish","4":"format-standard","5":"has-post-thumbnail","7":"category-overskrifter","8":"tag-breaking-news","9":"tag-breakingnews","10":"tag-featured-news","11":"tag-featurednews","12":"tag-forraeder","13":"tag-headlines","14":"tag-hovedoppslag","15":"tag-latest-news","16":"tag-latestnews","17":"tag-main-news","18":"tag-mainnews","19":"tag-news","20":"tag-no","21":"tag-norge","22":"tag-norway","23":"tag-nyheter","24":"tag-overskrifter","25":"tag-sophie-elise-isachsen","26":"tag-spill","27":"tag-top-stories","28":"tag-topstories","29":"tag-tv","30":"tag-tv2","31":"tag-underholdning"},"share_on_mastodon":{"url":"","error":""},"_links":{"self":[{"href":"https:\/\/www.europesays.com\/no\/wp-json\/wp\/v2\/posts\/33814","targetHints":{"allow":["GET"]}}],"collection":[{"href":"https:\/\/www.europesays.com\/no\/wp-json\/wp\/v2\/posts"}],"about":[{"href":"https:\/\/www.europesays.com\/no\/wp-json\/wp\/v2\/types\/post"}],"author":[{"embeddable":true,"href":"https:\/\/www.europesays.com\/no\/wp-json\/wp\/v2\/users\/2"}],"replies":[{"embeddable":true,"href":"https:\/\/www.europesays.com\/no\/wp-json\/wp\/v2\/comments?post=33814"}],"version-history":[{"count":0,"href":"https:\/\/www.europesays.com\/no\/wp-json\/wp\/v2\/posts\/33814\/revisions"}],"wp:featuredmedia":[{"embeddable":true,"href":"https:\/\/www.europesays.com\/no\/wp-json\/wp\/v2\/media\/33815"}],"wp:attachment":[{"href":"https:\/\/www.europesays.com\/no\/wp-json\/wp\/v2\/media?parent=33814"}],"wp:term":[{"taxonomy":"category","embeddable":true,"href":"https:\/\/www.europesays.com\/no\/wp-json\/wp\/v2\/categories?post=33814"},{"taxonomy":"post_tag","embeddable":true,"href":"https:\/\/www.europesays.com\/no\/wp-json\/wp\/v2\/tags?post=33814"}],"curies":[{"name":"wp","href":"https:\/\/api.w.org\/{rel}","templated":true}]}}