{"id":338143,"date":"2026-08-30T13:45:12","date_gmt":"2026-08-30T13:45:12","guid":{"rendered":"https:\/\/www.europesays.com\/no\/338143\/"},"modified":"2026-08-30T13:45:12","modified_gmt":"2026-08-30T13:45:12","slug":"stathelle-bamble-bil-har-kjort-inn-i-en-bensinstasjon","status":"publish","type":"post","link":"https:\/\/www.europesays.com\/no\/338143\/","title":{"rendered":"Stathelle, Bamble | Bil har kj\u00f8rt inn i en bensinstasjon"},"content":{"rendered":"\n<p>Politiet har s\u00f8ndag ettermiddag f\u00e5tt en melding om en bil som har kj\u00f8rt inn i en bensinstasjon. <\/p>\n<p>Hendelsen skal ha skjedd ved Circle K p\u00e5 Langr\u00f8nningen. <\/p>\n<p>\u2013 Det meldes om store materielle skader p\u00e5 butikken, men det er ikke meldt om noen personskade. Ambulanse er p\u00e5 stedet og sjekker f\u00f8reren av bilen, sier operasjonsleder Ottar Steinst\u00f8 i S\u00f8r-\u00d8st politidistrikt. <\/p>\n<p>If\u00f8lge Steinst\u00f8 skal de ha v\u00e6rt mellom 20 og 30 personer inne i bensinstasjonen da det smalt. Bilen st\u00e5r langt inne i butikken, og det er store materielle skader. <\/p>\n<p>\u2013 De har hatt utrolig flaks, sier TAs journalist p\u00e5 stedet. <\/p>\n<p>Den f\u00f8rste meldingen om hendelsen kom klokken 15 s\u00f8ndag ettermiddag. <\/p>\n<p>TA oppdaterer saken. <\/p>\n","protected":false},"excerpt":{"rendered":"Politiet har s\u00f8ndag ettermiddag f\u00e5tt en melding om en bil som har kj\u00f8rt inn i en bensinstasjon. Hendelsen&hellip;\n","protected":false},"author":2,"featured_media":338144,"comment_status":"","ping_status":"","sticky":false,"template":"","format":"standard","meta":{"footnotes":"","_share_on_mastodon":"0"},"categories":[12],"tags":[36,1696,20,21,24,25,15,168,22,23,13,30,28,29,14,16,3006,1510,26,27,224,42,43,44,45],"class_list":["post-338143","post","type-post","status-publish","format-standard","has-post-thumbnail","category-verden","tag-art","tag-bamble","tag-breaking-news","tag-breakingnews","tag-featured-news","tag-featurednews","tag-headlines","tag-hendelser","tag-latest-news","tag-latestnews","tag-news","tag-no","tag-norge","tag-norway","tag-nyheter","tag-overskrifter","tag-stathelle","tag-story","tag-top-stories","tag-topstories","tag-trafikk","tag-verden","tag-world","tag-world-news","tag-worldnews"],"share_on_mastodon":{"url":"https:\/\/pubeurope.com\/@no\/117184766031399243","error":""},"_links":{"self":[{"href":"https:\/\/www.europesays.com\/no\/wp-json\/wp\/v2\/posts\/338143","targetHints":{"allow":["GET"]}}],"collection":[{"href":"https:\/\/www.europesays.com\/no\/wp-json\/wp\/v2\/posts"}],"about":[{"href":"https:\/\/www.europesays.com\/no\/wp-json\/wp\/v2\/types\/post"}],"author":[{"embeddable":true,"href":"https:\/\/www.europesays.com\/no\/wp-json\/wp\/v2\/users\/2"}],"replies":[{"embeddable":true,"href":"https:\/\/www.europesays.com\/no\/wp-json\/wp\/v2\/comments?post=338143"}],"version-history":[{"count":0,"href":"https:\/\/www.europesays.com\/no\/wp-json\/wp\/v2\/posts\/338143\/revisions"}],"wp:featuredmedia":[{"embeddable":true,"href":"https:\/\/www.europesays.com\/no\/wp-json\/wp\/v2\/media\/338144"}],"wp:attachment":[{"href":"https:\/\/www.europesays.com\/no\/wp-json\/wp\/v2\/media?parent=338143"}],"wp:term":[{"taxonomy":"category","embeddable":true,"href":"https:\/\/www.europesays.com\/no\/wp-json\/wp\/v2\/categories?post=338143"},{"taxonomy":"post_tag","embeddable":true,"href":"https:\/\/www.europesays.com\/no\/wp-json\/wp\/v2\/tags?post=338143"}],"curies":[{"name":"wp","href":"https:\/\/api.w.org\/{rel}","templated":true}]}}