{"id":338153,"date":"2026-08-30T13:58:40","date_gmt":"2026-08-30T13:58:40","guid":{"rendered":"https:\/\/www.europesays.com\/no\/338153\/"},"modified":"2026-08-30T13:58:40","modified_gmt":"2026-08-30T13:58:40","slug":"mann-alvorlig-skadet-etter-knivstikking-i-kongsberg","status":"publish","type":"post","link":"https:\/\/www.europesays.com\/no\/338153\/","title":{"rendered":"Mann alvorlig skadet etter knivstikking i Kongsberg"},"content":{"rendered":"\n<p class=\"_lead_145nj_2 _lead_6fko5_53 layout-component text-serif-m layout-normal text-serif-l layout-component layout-wide layout-padded _wide_17hqh_1 layout-padded\">Politiet har rykket ut etter melding om knivstikking. En person skal v\u00e6re knivstukket i brystet.<\/p>\n<ul aria-hidden=\"true\" class=\"_images_ntbth_112\">\n<li><a class=\"_link_ntbth_117\" href=\"https:\/\/www.vg.no\/forfatter\/ingrid-storeboe\" style=\"z-index:1\" title=\"Ingrid Storeb\u00f8\" rel=\"nofollow noopener\" target=\"_blank\"><img alt=\"Bilde av Ingrid Storeb\u00f8\" class=\"_image_ntbth_93\" fetchpriority=\"low\" loading=\"lazy\" decoding=\"async\" itemprop=\"image\"  src=\"https:\/\/www.europesays.com\/no\/wp-content\/uploads\/2026\/08\/1788098318_546_b3fc896d-536d-4041-8257-79b6b2cd3323.jpeg\"  width=\"480\"\/><\/a><\/li>\n<\/ul>\n<p> Oppdatert s\u00f8ndag 30. august kl. 15:29     <\/p>\n<p class=\"_paragraph_145nj_4 _paragraph_6fko5_10 layout-component text-serif-m layout-normal text-serif-m layout-padded\">Politiet meldte om knivstikkingen klokken 13.55 s\u00f8ndag. En mann skal ha blitt knivstukket i brystet innend\u00f8rs p\u00e5 en adresse i <a href=\"https:\/\/www.vg.no\/tag\/kongsberg?utm_source=vg-article&amp;utm_medium=auto-tagger&amp;utm_campaign=L4q2qx\" class=\"_link_145nj_39\" rel=\"nofollow noopener\" target=\"_blank\">Kongsberg<\/a> og politiet opplyser at han er alvrolig skadet. <\/p>\n<p class=\"_paragraph_145nj_4 _paragraph_6fko5_10 layout-component text-serif-m layout-normal text-serif-m layout-padded\">Kort tid senere fikk politiet kontroll p\u00e5 en mann i 70-\u00e5rene som er antatt gjerningsperson. Ogs\u00e5 stikkv\u00e5penet som skal ha blitt brukt, er sikret.<\/p>\n<p class=\"_paragraph_145nj_4 _paragraph_6fko5_10 layout-component text-serif-m layout-normal text-serif-m layout-padded\">Den skadede mannen i 60-\u00e5rene er fl\u00f8yet til Ullev\u00e5l sykehus.<\/p>\n<p class=\"_paragraph_145nj_4 _paragraph_6fko5_10 layout-component text-serif-m layout-normal text-serif-m layout-padded\">Den p\u00e5grepne mannen blir kj\u00f8rt til arresten.<\/p>\n<p>    <img decoding=\"async\" alt=\"Tips oss illustrasjon\" src=\"https:\/\/www.europesays.com\/no\/wp-content\/uploads\/2026\/08\/1788098320_581_pssst-small.webp\"\/>    <\/p>\n<p class=\"title-serif-s\">Har du tips?<\/p>\n<p class=\"text-sans-m\">Send oss informasjon, bilder eller video.<\/p>\n<p>  <a href=\"https:\/\/www.vg.no\/tips-oss\" rel=\"nofollow noopener\" target=\"_blank\"> Tips oss <\/a>      <\/p>\n","protected":false},"excerpt":{"rendered":"Politiet har rykket ut etter melding om knivstikking. En person skal v\u00e6re knivstukket i brystet. Oppdatert s\u00f8ndag 30.&hellip;\n","protected":false},"author":2,"featured_media":338154,"comment_status":"","ping_status":"","sticky":false,"template":"","format":"standard","meta":{"footnotes":"","_share_on_mastodon":"0"},"categories":[5],"tags":[31,20,21,24,25,15,19,5279,22,23,17,18,13,30,28,29,14,16,26,27],"class_list":["post-338153","post","type-post","status-publish","format-standard","has-post-thumbnail","category-overskrifter","tag-breaking","tag-breaking-news","tag-breakingnews","tag-featured-news","tag-featurednews","tag-headlines","tag-hovedoppslag","tag-kongsberg","tag-latest-news","tag-latestnews","tag-main-news","tag-mainnews","tag-news","tag-no","tag-norge","tag-norway","tag-nyheter","tag-overskrifter","tag-top-stories","tag-topstories"],"share_on_mastodon":{"url":"https:\/\/pubeurope.com\/@no\/117184816957417692","error":""},"_links":{"self":[{"href":"https:\/\/www.europesays.com\/no\/wp-json\/wp\/v2\/posts\/338153","targetHints":{"allow":["GET"]}}],"collection":[{"href":"https:\/\/www.europesays.com\/no\/wp-json\/wp\/v2\/posts"}],"about":[{"href":"https:\/\/www.europesays.com\/no\/wp-json\/wp\/v2\/types\/post"}],"author":[{"embeddable":true,"href":"https:\/\/www.europesays.com\/no\/wp-json\/wp\/v2\/users\/2"}],"replies":[{"embeddable":true,"href":"https:\/\/www.europesays.com\/no\/wp-json\/wp\/v2\/comments?post=338153"}],"version-history":[{"count":0,"href":"https:\/\/www.europesays.com\/no\/wp-json\/wp\/v2\/posts\/338153\/revisions"}],"wp:featuredmedia":[{"embeddable":true,"href":"https:\/\/www.europesays.com\/no\/wp-json\/wp\/v2\/media\/338154"}],"wp:attachment":[{"href":"https:\/\/www.europesays.com\/no\/wp-json\/wp\/v2\/media?parent=338153"}],"wp:term":[{"taxonomy":"category","embeddable":true,"href":"https:\/\/www.europesays.com\/no\/wp-json\/wp\/v2\/categories?post=338153"},{"taxonomy":"post_tag","embeddable":true,"href":"https:\/\/www.europesays.com\/no\/wp-json\/wp\/v2\/tags?post=338153"}],"curies":[{"name":"wp","href":"https:\/\/api.w.org\/{rel}","templated":true}]}}