{"id":338175,"date":"2026-08-30T14:27:18","date_gmt":"2026-08-30T14:27:18","guid":{"rendered":"https:\/\/www.europesays.com\/no\/338175\/"},"modified":"2026-08-30T14:27:18","modified_gmt":"2026-08-30T14:27:18","slug":"passasjerbat-med-270-personer-om-bord-har-kantret-utenfor-kypros","status":"publish","type":"post","link":"https:\/\/www.europesays.com\/no\/338175\/","title":{"rendered":"Passasjerb\u00e5t med 270 personer om bord har kantret utenfor Kypros"},"content":{"rendered":"\n<ul class=\"_list_145nj_3 _list_64s2r_85 _unordered_145nj_106 text-sans-m\">\n<li class=\"_item_145nj_30\">Passasjerb\u00e5ten \u00abFilo Jet\u00bb skal ha kantret kort tid etter avgang fra Kyrenia i Nord-Kypros.<\/li>\n<li class=\"_item_145nj_30\">Det var 268 personer om bord, inkludert passasjerer og mannskap.<\/li>\n<li class=\"_item_145nj_30\">237 personer er reddet s\u00e5 langt, if\u00f8lge Kyrenia-ordf\u00f8rer Murat \u015eenkul.<\/li>\n<li class=\"_item_145nj_30\">S\u00f8k- og redningsarbeid p\u00e5g\u00e5r, og flere personer er meldt skadet.<\/li>\n<li class=\"_item_145nj_30\">UD har forel\u00f8pig ingen meldinger om at nordmenn er rammet. <\/li>\n<\/ul>\n<p>Vis mer <\/p>\n<p class=\"_paragraph_145nj_4 _paragraph_6fko5_10 layout-component text-serif-m layout-normal text-serif-m layout-padded\">Passasjerb\u00e5ten kantret s\u00f8ndag ettermiddag kort tid etter avgangen fra Kyrenia. B\u00e5ten hadde kurs mot den tyrkiske havnen Tasucu, skriver Cyprus mail. <\/p>\n<p class=\"_paragraph_145nj_4 _paragraph_6fko5_10 layout-component text-serif-m layout-normal text-serif-m layout-padded\">Minst syv personer er d\u00f8de, bekrefter statsminister for Nord-Kypros, statsminister for Nord-Kypros,Regjeringssjef for den tyrkisk-kypriotiske administrasjonen nord p\u00e5 Kypros. Omr\u00e5det erkl\u00e6rte seg som en egen stat i 1983, men er kun anerkjent av Tyrkia. FN og det internasjonale samfunnet anerkjenner Republikken Kypros som den eneste staten p\u00e5 \u00f8ya. \u00dcnal \u00dcstel til tyrkisk CNN.<\/p>\n<p><img alt=\"Overlevende ankommer land etter \u00e5 ha blitt reddet fra forliset.  Foto: Stringer \/ Reuters \/ NTB\" class=\"_image_jw3bv_65 layout-component layout-normal\" data-fullscreen- data-track-element-type=\"Article image fullscreen\" data-track-name=\"ImageFullscreen\" decoding=\"async\" loading=\"lazy\" height=\"900\" itemprop=\"image\"  src=\"https:\/\/www.europesays.com\/no\/wp-content\/uploads\/2026\/08\/bd591b95-8e9b-3fcc-a14b-0a89e7526706.jpeg\"  style=\"object-position:0% 0%\" width=\"1355\"\/>Overlevende ankommer land etter \u00e5 ha blitt reddet fra forliset.  Foto: Stringer \/ Reuters \/ NTB<\/p>\n<p class=\"_paragraph_145nj_4 _paragraph_6fko5_10 layout-component text-serif-m layout-normal text-serif-m layout-padded\">Tyrkiske myndigheter understreket tidligere at de forel\u00f8pig ikke kan gi et sikkert antall p\u00e5 hvor mange som har mistet livet. <\/p>\n<p>268 om bord<\/p>\n<p class=\"_paragraph_145nj_4 _paragraph_6fko5_10 layout-component text-serif-m layout-normal text-serif-m layout-padded\">Det kommer motstridende meldinger i lokale medier. Noen skriver at fergen har kantret, mens andre hevder at den har sunket.<\/p>\n<p class=\"_paragraph_145nj_4 _paragraph_6fko5_10 layout-component text-serif-m layout-normal text-serif-m layout-padded\">Videoer VG har sett, viser at katamaranen har kantret. <\/p>\n<p><img alt=\"Flere videoer fra redningsarbeidet er delt i sosiale medier.  Foto: Sosiale medier\" class=\"_image_jw3bv_65 layout-component layout-normal\" data-fullscreen- data-track-element-type=\"Article image fullscreen\" data-track-name=\"ImageFullscreen\" decoding=\"async\" loading=\"lazy\" height=\"924\" itemprop=\"image\"  src=\"https:\/\/www.europesays.com\/no\/wp-content\/uploads\/2026\/08\/fe007cc9-9bcf-3b7c-86f7-75e67c8b01f3.png\"  style=\"object-position:0% 0%\" width=\"1217\"\/>Flere videoer fra redningsarbeidet er delt i sosiale medier.  Foto: Sosiale medier<\/p>\n<p class=\"_paragraph_145nj_4 _paragraph_6fko5_10 layout-component text-serif-m layout-normal text-serif-m layout-padded\">Kyrenia-ordf\u00f8rer Murat \u015eenkul bekrefter at det var totalt 268 personer om bord p\u00e5 b\u00e5ten, inkludert b\u00e5de passasjerer og mannskap. <\/p>\n<p class=\"_paragraph_145nj_4 _paragraph_6fko5_10 layout-component text-serif-m layout-normal text-serif-m layout-padded\">Han beskriver situasjonen som alvorlig, if\u00f8lge avisen.<\/p>\n<p class=\"_paragraph_145nj_4 _paragraph_6fko5_10 layout-component text-serif-m layout-normal text-serif-m layout-padded\">Den kypriotiske avisen Cyprus Mail skriver at 23 personer er savnet etter forliset. <\/p>\n<p class=\"_paragraph_145nj_4 _paragraph_6fko5_10 layout-component text-serif-m layout-normal text-serif-m layout-padded\">UD har forel\u00f8pig ikke f\u00e5tt meldinger om at det var nordmenn om bord p\u00e5 b\u00e5ten.<\/p>\n<p><img alt=\"\" class=\"_image_jw3bv_65 layout-component layout-normal\" data-fullscreen- data-track-element-type=\"Article image fullscreen\" data-track-name=\"ImageFullscreen\" decoding=\"async\" loading=\"lazy\" height=\"651\" itemprop=\"image\"  src=\"https:\/\/www.europesays.com\/no\/wp-content\/uploads\/2026\/08\/b4d1e6ec-b0ab-31f1-a582-40330c2a0189.png\"  style=\"object-position:0% 0%\" width=\"1117\"\/>Flere reddet<\/p>\n<p class=\"_paragraph_145nj_4 _paragraph_6fko5_10 layout-component text-serif-m layout-normal text-serif-m layout-padded\">Tidligere ble det meldt at 159 av de om bord har blitt reddet, if\u00f8lge ordf\u00f8rer Murat \u015eenkul i Kyrenia, skriver den tyrkiske avisen S\u00f6zc\u00fc. De bergede fraktes til havnen i Girne f\u00f8r de fraktes videre til sykehus.<\/p>\n<p class=\"_paragraph_145nj_4 _paragraph_6fko5_10 layout-component text-serif-m layout-normal text-serif-m layout-padded\">Tyrkias visepresident Cevdet Yilmaz sier til avisen at Tyrkia gir all st\u00f8tte de kan.<\/p>\n<p class=\"_paragraph_145nj_4 _paragraph_6fko5_10 layout-component text-serif-m layout-normal text-serif-m layout-padded\">\u2013 Vi f\u00f8lger den uheldige hendelsen n\u00f8ye, og gir all st\u00f8tte til s\u00f8ke- og redningsarbeidet.<\/p>\n<p><img alt=\"Tyrkias visepresident, Cevdet Yilmaz.  Foto: Riza Ozel \/ AP \/ NTB\" class=\"_image_jw3bv_65 layout-component layout-normal\" data-fullscreen- data-track-element-type=\"Article image fullscreen\" data-track-name=\"ImageFullscreen\" decoding=\"async\" loading=\"lazy\" height=\"3569\" itemprop=\"image\"  src=\"https:\/\/www.europesays.com\/no\/wp-content\/uploads\/2026\/08\/634ba18f-2e74-36de-aad0-5a9b54c71fea.jpeg\"  style=\"object-position:0% 0%\" width=\"5353\"\/>Tyrkias visepresident, Cevdet Yilmaz.  Foto: Riza Ozel \/ AP \/ NTB<\/p>\n<p class=\"_paragraph_145nj_4 _paragraph_6fko5_10 layout-component text-serif-m layout-normal text-serif-m layout-padded\">Helsedepartementet i Tyrkia er ogs\u00e5 i full beredskap. If\u00f8lge S\u00f6zc\u00fc er alle forholdsregler tatt b\u00e5de i havnen, og p\u00e5 private og statlige sykehus.<\/p>\n<p class=\"_paragraph_145nj_4 _paragraph_6fko5_10 layout-component text-serif-m layout-normal text-serif-m layout-padded\">\u2013 Vi har mobilisert s\u00e5 mange menneskelige ressurser som mulig, for \u00e5 kunne im\u00f8tekomme potensielle behov. Alle forberedelser er gjennomf\u00f8rt for medisinske team som skal jobbe i havnen og p\u00e5 sykehus, skriver de.<\/p>\n<p class=\"_paragraph_145nj_4 _paragraph_6fko5_10 layout-component text-serif-m layout-normal text-serif-m layout-padded\">Data fra skipssporingstjenesten <a href=\"https:\/\/www.marinetraffic.com\/en\/ais\/home\/centerx:33.420\/centery:35.423\/zoom:13\" class=\"_link_145nj_39\" rel=\"nofollow noopener\" target=\"_blank\">MarineTraffic<\/a> viser at b\u00e5ten seilte nordover fra Kyrenia s\u00f8ndag, f\u00f8r den plutselig endret kurs rundt fire\u2013fem nautiske mil fra kysten.<\/p>\n<p class=\"_paragraph_145nj_4 _paragraph_6fko5_10 layout-component text-serif-m layout-normal text-serif-m layout-padded\">Fergen er en katamaran ved navn \u00abFilo Jet\u00bb som tilh\u00f8rer selskapet Filo Denizcilik. B\u00e5ten er rundt 40 meter lang og ti meter bred, if\u00f8lge MarineTraffic.<\/p>\n<p>Meldt om skadede<\/p>\n<p class=\"_paragraph_145nj_4 _paragraph_6fko5_10 layout-component text-serif-m layout-normal text-serif-m layout-padded\">Det meldes at flere personer er skadet, men det n\u00f8yaktige antallet og hvor alvorlige skadene er, er forel\u00f8pig ikke bekreftet. <\/p>\n<p class=\"_paragraph_145nj_4 _paragraph_6fko5_10 layout-component text-serif-m layout-normal text-serif-m layout-padded\">Ambulanser fra de tyrkisk-kypriotiske myndighetene st\u00e5r i beredskap for \u00e5 ta imot og transportere dem som blir reddet.<\/p>\n<p><img alt=\"Redningsb\u00e5ter frakter passasjerer til havnen i Kypros.  Foto: Reuters TV \/ Reuters \/ NTB\" class=\"_image_jw3bv_65 layout-component layout-normal\" data-fullscreen- data-track-element-type=\"Article image fullscreen\" data-track-name=\"ImageFullscreen\" decoding=\"async\" loading=\"lazy\" height=\"2015\" itemprop=\"image\"  src=\"https:\/\/www.europesays.com\/no\/wp-content\/uploads\/2026\/08\/67f6feed-0c95-3841-bb4a-de179d57c80f.jpeg\"  style=\"object-position:0% 0%\" width=\"3310\"\/>Redningsb\u00e5ter frakter passasjerer til havnen i Kypros.  Foto: Reuters TV \/ Reuters \/ NTB<\/p>\n<p class=\"_paragraph_145nj_4 _paragraph_6fko5_10 layout-component text-serif-m layout-normal text-serif-m layout-padded\">Tre skip fra kystvakten og tre private b\u00e5ter ble raskt mobilisert, mens ambulanser og politiet str\u00f8mmer til stedet, if\u00f8lge lokale medier.<\/p>\n<p>    <img decoding=\"async\" alt=\"Tips oss illustrasjon\" src=\"https:\/\/www.europesays.com\/no\/wp-content\/uploads\/2026\/08\/1788100038_355_pssst-small.webp\"\/>    <\/p>\n<p class=\"title-serif-s\">Har du tips?<\/p>\n<p class=\"text-sans-m\">Send oss informasjon, bilder eller video.<\/p>\n<p>  <a href=\"https:\/\/www.vg.no\/tips-oss\" rel=\"nofollow noopener\" target=\"_blank\"> Tips oss <\/a>      <\/p>\n","protected":false},"excerpt":{"rendered":"Passasjerb\u00e5ten \u00abFilo Jet\u00bb skal ha kantret kort tid etter avgang fra Kyrenia i Nord-Kypros. Det var 268 personer&hellip;\n","protected":false},"author":2,"featured_media":338176,"comment_status":"","ping_status":"","sticky":false,"template":"","format":"standard","meta":{"footnotes":"","_share_on_mastodon":"0"},"categories":[12],"tags":[20,21,24,25,15,14182,22,23,13,30,28,29,14,16,26,27,1132,51,42,43,44,45],"class_list":["post-338175","post","type-post","status-publish","format-standard","has-post-thumbnail","category-verden","tag-breaking-news","tag-breakingnews","tag-featured-news","tag-featurednews","tag-headlines","tag-kypros","tag-latest-news","tag-latestnews","tag-news","tag-no","tag-norge","tag-norway","tag-nyheter","tag-overskrifter","tag-top-stories","tag-topstories","tag-tyrkia","tag-ulykke","tag-verden","tag-world","tag-world-news","tag-worldnews"],"share_on_mastodon":{"url":"https:\/\/pubeurope.com\/@no\/117184931806606421","error":""},"_links":{"self":[{"href":"https:\/\/www.europesays.com\/no\/wp-json\/wp\/v2\/posts\/338175","targetHints":{"allow":["GET"]}}],"collection":[{"href":"https:\/\/www.europesays.com\/no\/wp-json\/wp\/v2\/posts"}],"about":[{"href":"https:\/\/www.europesays.com\/no\/wp-json\/wp\/v2\/types\/post"}],"author":[{"embeddable":true,"href":"https:\/\/www.europesays.com\/no\/wp-json\/wp\/v2\/users\/2"}],"replies":[{"embeddable":true,"href":"https:\/\/www.europesays.com\/no\/wp-json\/wp\/v2\/comments?post=338175"}],"version-history":[{"count":0,"href":"https:\/\/www.europesays.com\/no\/wp-json\/wp\/v2\/posts\/338175\/revisions"}],"wp:featuredmedia":[{"embeddable":true,"href":"https:\/\/www.europesays.com\/no\/wp-json\/wp\/v2\/media\/338176"}],"wp:attachment":[{"href":"https:\/\/www.europesays.com\/no\/wp-json\/wp\/v2\/media?parent=338175"}],"wp:term":[{"taxonomy":"category","embeddable":true,"href":"https:\/\/www.europesays.com\/no\/wp-json\/wp\/v2\/categories?post=338175"},{"taxonomy":"post_tag","embeddable":true,"href":"https:\/\/www.europesays.com\/no\/wp-json\/wp\/v2\/tags?post=338175"}],"curies":[{"name":"wp","href":"https:\/\/api.w.org\/{rel}","templated":true}]}}