{"id":338183,"date":"2026-08-30T14:35:38","date_gmt":"2026-08-30T14:35:38","guid":{"rendered":"https:\/\/www.europesays.com\/no\/338183\/"},"modified":"2026-08-30T14:35:38","modified_gmt":"2026-08-30T14:35:38","slug":"prinsesse-martha-og-barna-tok-et-gripende-farvel-med-kong-harald-pa-slottet","status":"publish","type":"post","link":"https:\/\/www.europesays.com\/no\/338183\/","title":{"rendered":"Prinsesse M\u00e4rtha og barna tok et gripende farvel med kong Harald p\u00e5 Slottet"},"content":{"rendered":"<p class=\"kicker \" style=\"\">Kong Harald d\u00f8d:<\/p>\n<p class=\"subtitle \" style=\"\">S\u00f8ndag samlet prinsesse Martha og d\u00f8trene Maud, Leah og Emma seg ved bestefars kiste for den private avskjeden.<\/p>\n<p>\n    FAR OG DATTER: Prinsesse M\u00e4rtha Louise og kong Harald fotografert p\u00e5 H\u00f8vikodden kunstsenter for noen \u00e5r tilbake. S\u00f8ndag tok M\u00e4rtha et privat farvel med pappa p\u00e5 Slottet. Foto: Andreas Fadum\n  <\/p>\n<p>Prinsesse M\u00e4rtha Louise (54) og d\u00f8trene Maud Angelica (23), Leah Isadora (21) og Emma Tallulah (17) tok s\u00f8ndag et siste, privat farvel med kong Harald.\u00a0<\/p>\n<p class=\"font-weight-bold m-font-weight-bold\" data-lab-font_weight=\"font-weight-bold\">S\u00f8ndag ankom hun Slottet sammen med sine tre d\u00f8tre, for \u00e5 ta farvel med kong Harald.<\/p>\n<p>        S\u00d8RGEGUDSTJENESTE: Her forlater kongefamilien s\u00f8rgegudstjenesten for kong Harald i Asker kirke s\u00f8ndag. Video: Karolina Grace\/Dagbladet TV \/ NRK<\/p>\n<p>Inne i Den r\u00f8de salong p\u00e5 Slottet ligger hennes elskede pappa, trolig fortsatt i \u00e5pen kiste, slik tradisjonen tilsier.\u00a0<\/p>\n<p>Det blir en av de aller tyngste stundene i prinsesse M\u00e4rtha Louises liv.<\/p>\n<p>        <img loading=\"lazy\" decoding=\"async\" src=\"https:\/\/www.europesays.com\/no\/wp-content\/uploads\/2026\/08\/85084280.webp\" width=\"667\" height=\"581\" alt=\"\" class=\"\" style=\"--aspect-ratio-image: 1.15; \"\/><\/p>\n<p>\n        DEN R\u00d8DE SALONG: Kong Harald, dronning Sonja, kong Haakon, dronning Mette-Marit, kronprinsesse Ingrid Alexandra og prins Sverre Magnus under den aller siste julefotograferingen for kong Harald. N\u00e5 st\u00e5r kong Haralds kiste i rommet, f\u00f8r den flyttes til Slottskapellet. Foto: NTB\n    <\/p>\n<p>Sammen i sorgen<\/p>\n<p>Utenfor Slottet tok de imot fire av prinsesse Astrids (94) barn til syning. Her ga de hverandre gode klemmer f\u00f8r de gikk inn for \u00e5 ta farvel med kongen.\u00a0<\/p>\n<p>        <img loading=\"lazy\" decoding=\"async\" src=\"https:\/\/www.europesays.com\/no\/wp-content\/uploads\/2026\/08\/85084710.webp\" width=\"667\" height=\"734\" alt=\"\" class=\"\" style=\"--aspect-ratio-image: 0.91; \"\/><\/p>\n<p>\n        SAMLET: Ferner-familien tok farvel med kong Harald s\u00f8ndag. Carl Christian Ferner (t.h.) ankom sammen med s\u00f8strene sine. Foto: Se og H\u00f8r\n    <\/p>\n<p>        <img loading=\"lazy\" decoding=\"async\" src=\"https:\/\/www.europesays.com\/no\/wp-content\/uploads\/2026\/08\/85084741.webp\" width=\"686\" height=\"460\" alt=\"\" class=\"\" style=\"--aspect-ratio-image: 1.49; \"\/><\/p>\n<p>\n        FAMILIEN: Prinsessen og Ferner-s\u00f8strene samlet seg ved Slottet f\u00f8r de tok farvel med kong Harald. Foto: Se og H\u00f8r\n    <\/p>\n<p>Prinsesse Astrids er mor til Cathrine Ferner (64), Benedikte Ferner (62), Alexander Ferner (61), Elisabeth Ferner (57) og Carl-Christian Ferner (53).\u00a0<\/p>\n<p>        <img loading=\"lazy\" decoding=\"async\" src=\"https:\/\/www.europesays.com\/no\/wp-content\/uploads\/2026\/08\/85084712.webp\" width=\"667\" height=\"694\" alt=\"\" class=\"\" style=\"--aspect-ratio-image: 0.96; \"\/><\/p>\n<p>\n        ST\u00d8TTE: Prinsesse M\u00e4rtha Louise klemmer Benedikte Ferner i forkant av syningen p\u00e5 Slottet. Foto: Se og H\u00f8r\n    <\/p>\n<p>        <img loading=\"lazy\" decoding=\"async\" src=\"https:\/\/www.europesays.com\/no\/wp-content\/uploads\/2026\/08\/85084716.webp\" width=\"686\" height=\"460\" alt=\"\" class=\"\" style=\"--aspect-ratio-image: 1.49; \"\/><\/p>\n<p>\n        VINK: Etter at det ble holdt s\u00f8rgegudstjenester over hele landet, samlet de kongelige familiemedlemmene seg p\u00e5 Slottet. Her sto de sammen i sorgen etter tapet av kong Harald. Foto: Se og H\u00f8r\n    <\/p>\n<p>F\u00f8r de kom til Slottet var prinsesse Astrids barn til stede p\u00e5 s\u00f8rgegudstjenesten i Oslo Domkirke sammen med sine ektefeller.\u00a0<\/p>\n<p>        <img loading=\"lazy\" decoding=\"async\" src=\"https:\/\/www.europesays.com\/no\/wp-content\/uploads\/2026\/08\/85084728.webp\" width=\"667\" height=\"567\" alt=\"\" class=\"\" style=\"--aspect-ratio-image: 1.18; \"\/><\/p>\n<p>\n        DUKKET OPP: Ferner-s\u00f8sknene avbildet sammen i forkant av syningen p\u00e5 Slottet. Foto: Se og H\u00f8r\n    <\/p>\n<p>Kongehusekspert Caroline Vagle synes det er r\u00f8rende \u00e5 se at familien stiller opp for hverandre i den tunge tiden.\u00a0<\/p>\n<p class=\"font-weight-bold m-font-weight-bold\" data-lab-font_weight=\"font-weight-bold\">&#8211; Dette er sterkt og gripende! En familie i sorg som stiller opp for hverandre og viser kj\u00e6rlighet og omsorg. For prinsesse M\u00e4rtha Louise m\u00e5 det v\u00e6re sv\u00e6rt t\u00f8ffe dager, sier Vagle.\u00a0<\/p>\n<p>        <img loading=\"lazy\" decoding=\"async\" itemprop=\"image\" src=\"https:\/\/www.europesays.com\/no\/wp-content\/uploads\/2026\/08\/1788100527_585_85037397.webp\" width=\"180\" height=\"180\" alt=\"\"\/><\/p>\n<p>                    Caroline Vagle<br \/>\n                        Caroline<br \/>\n                        Vagle<\/p>\n<p>                    Caroline Vagle<br \/>\n                        Se og H\u00f8rs kongehusekspert<\/p>\n<p>&#8211; Hun og faren sto hverandre sv\u00e6rt n\u00e6rme &#8211; og n\u00e5 er han borte. Da varmer det nok ekstra mye med gode klemmer og varme ord fra s\u00f8skenbarna som selv kjente kong Harald godt og var glade i ham selv, fortsetter hun.<\/p>\n<p>&#8211; Jeg merket meg at kong Haakon nevnte nettopp s\u00f8skenbarna i talen han holdt i g\u00e5r &#8211; da han sa \u00aben bror og en onkel som alle var glade i \u00e5 v\u00e6re sammen med\u00bb, avslutter hun.\u00a0<\/p>\n<p>        <img loading=\"lazy\" decoding=\"async\" src=\"https:\/\/www.europesays.com\/no\/wp-content\/uploads\/2026\/08\/85084844.webp\" width=\"667\" height=\"848\" alt=\"\" class=\"\" style=\"--aspect-ratio-image: 0.79; \"\/><\/p>\n<p>\n        LEAH ISADORA: Prinsessed\u00f8trene finner tr\u00f8st hos familien i den krevende tiden. Foto: Se og H\u00f8r\n    <\/p>\n<p>        <img loading=\"lazy\" decoding=\"async\" src=\"https:\/\/www.europesays.com\/no\/wp-content\/uploads\/2026\/08\/85084851.webp\" width=\"686\" height=\"741\" alt=\"\" class=\"\" style=\"--aspect-ratio-image: 0.93; \"\/><\/p>\n<p>\n        MAUD ANGELICA: Prinsesse M\u00e4rtha Louise og Ari Behns eldste datter tok imot familien f\u00f8r syningen. Foto: Se og H\u00f8r\n    <\/p>\n<p>S\u00f8rgegudstjenester<\/p>\n<p>L\u00f8rdag 29. august var det 58 \u00e5r siden kong Harald og dronning Sonja ble viet i Oslo Domkirke. Samme sted ble det i dag holdt s\u00f8rgegudstjeneste for \u00e5 minnes kong Harald og s\u00f8rge over hans bortgang.<\/p>\n<p>Ferner-familien var blant de oppm\u00f8tte i Oslo Domkirke. Her ble blant annet Benedikte Ferner, Cathrine Ferner og ektemannen Arild Johansen avbildet etter den r\u00f8rende gudstjenesten.\u00a0<\/p>\n<p>        <img loading=\"lazy\" decoding=\"async\" src=\"https:\/\/www.europesays.com\/no\/wp-content\/uploads\/2026\/08\/85084957.webp\" width=\"686\" height=\"570\" alt=\"\" class=\"\" style=\"--aspect-ratio-image: 1.20; \"\/><\/p>\n<p>\n        KOM SAMMEN: Ferner-familien gikk samlet ut av kong Haralds s\u00f8rgegudstjeneste. Foto: Lise \u00c5serud \/ NTB \/ POOL\n    <\/p>\n<p>Carl Christian Ferner var ogs\u00e5 til stede for \u00e5 s\u00f8rge sin onkels bortgang.<\/p>\n<p>        <img loading=\"lazy\" decoding=\"async\" src=\"https:\/\/www.europesays.com\/no\/wp-content\/uploads\/2026\/08\/85084958.webp\" width=\"667\" height=\"561\" alt=\"\" class=\"\" style=\"--aspect-ratio-image: 1.19; \"\/><\/p>\n<p>\n        P\u00c5 PLASS: Carl-Christian Ferner etter s\u00f8rgegudstjenesten for kong Harald i Oslo domkirke. Foto: Lise \u00c5serud \/ NTB \/ POOL\n    <\/p>\n<p>        <img loading=\"lazy\" decoding=\"async\" src=\"https:\/\/www.europesays.com\/no\/wp-content\/uploads\/2026\/08\/85084985.webp\" width=\"686\" height=\"460\" alt=\"\" class=\"\" style=\"--aspect-ratio-image: 1.49; \"\/><\/p>\n<p>\n        I SORG: Cathrine Ferner og Arild Johansen etter s\u00f8rgegudstjeneste. Foto: Lise \u00c5serud \/ NTB \/ POOL\n    <\/p>\n<p>Noen mil unna var kong Haakon (53), kronprinsesse Ingrid Alexandra (22), dronning Sonja (89) og prins Sverre Magnus (20) i s\u00f8rgegudstjenesten i Asker kirke klokken 11.00.<\/p>\n<p>Pappas pike<\/p>\n<p>For M\u00e4rtha Louise blir \u00f8yeblikket trolig overveldende.<\/p>\n<p>Hun har gjennom hele livet hatt et sv\u00e6rt n\u00e6rt forhold til faren. M\u00e4rtha har ofte fremst\u00e5tt som \u00abpappas pike\u00bb \u2013 varm, fysisk og \u00e5pen i m\u00f8te med kong Harald, og med en tydelig kj\u00e6rlighet og beundring for ham.<\/p>\n<p>        <img loading=\"lazy\" decoding=\"async\" src=\"https:\/\/www.europesays.com\/no\/wp-content\/uploads\/2026\/08\/85084317.webp\" width=\"667\" height=\"748\" alt=\"\" class=\"\" style=\"--aspect-ratio-image: 0.89; \"\/><\/p>\n<p>\n        80-TALLET: Kong Harald hadde et sv\u00e6rt godt og n\u00e6rt forhold til sin datter prinsesse M\u00e4rtha Louise. Han \u00f8nsket ikke \u00e5 ta fra henne tittelen, til tross for brudd etter brudd p\u00e5 avtalen. Foto: NTB\n    <\/p>\n<p>B\u00e5ndet mellom far og datter ble ikke minst synlig da livet viste seg fra sin aller m\u00f8rkeste side.<\/p>\n<p>Da Ari Behn d\u00f8de i 2019, sto kong Harald ved datterens side. Sammen med dronning Sonja (89) slo han ring om M\u00e4rtha Louise og barnebarna Maud Angelica, Leah Isadora og Emma Tallulah i en sorg som rammet hele familien hardt.<\/p>\n<p>    <a itemprop=\"url\" href=\"https:\/\/www.seher.no\/kongelig\/na-er-datoen-klar\/85080706\" rel=\"nofollow noopener\" target=\"_blank\"><\/p>\n<p>        <img loading=\"lazy\" decoding=\"async\" src=\"https:\/\/www.europesays.com\/no\/wp-content\/uploads\/2026\/08\/85084150.webp\" width=\"180\" height=\"81\" alt=\"\" class=\"lazyload\" style=\"--aspect-ratio-image: 2.22; \"\/><\/p>\n<p>        N\u00e5 er datoen klar<\/p>\n<p>    <\/a><\/p>\n<p>Kongen la heller ikke skjul p\u00e5 hvor sterkt tapet ber\u00f8rte ham. I nytt\u00e5rstalen kort tid etter Ari Behns d\u00f8d snakket Harald om sorgen familien bar p\u00e5, og om hvor vondt det er \u00e5 se mennesker man er glad i ha det vanskelig.<\/p>\n<p>For M\u00e4rtha og d\u00f8trene ble kong Harald en trygg og samlende skikkelse i \u00e5rene etter tapet av Ari.<\/p>\n<p>        <img loading=\"lazy\" decoding=\"async\" src=\"https:\/\/www.europesays.com\/no\/wp-content\/uploads\/2026\/08\/85084343.webp\" width=\"667\" height=\"708\" alt=\"\" class=\"\" style=\"--aspect-ratio-image: 0.94; \"\/><\/p>\n<p>\n        KONFIRMASJON: Prinsesse M\u00e4rtha Louise fotografert p\u00e5 Slottet i anledning sin konfirmasjon med den n\u00e6rmeste familie. F.v. Dagny Haraldsen, kong Harald, dronning Sonja, kong Olav og kong Haakon. NTB arkivfoto: Bj\u00f8rn Sigurds\u00f8n\n    <\/p>\n<p>Samlet rundt sykesengen<\/p>\n<p>Familien fikk ogs\u00e5 v\u00e6re sammen helt mot slutten.<\/p>\n<p>Dagen f\u00f8r kong Harald d\u00f8de, var hans n\u00e6rmeste samlet rundt sykesengen p\u00e5 Rikshospitalet. Der var b\u00e5de dronning Sonja, barna og barnebarna \u2013 og kongens s\u00f8ster, prinsesse Astrid (94).<\/p>\n<p>    <a itemprop=\"url\" href=\"https:\/\/www.seher.no\/kongelig\/gripende-hoffet-i-sorg\/85083907\" rel=\"nofollow noopener\" target=\"_blank\"><\/p>\n<p>        <img loading=\"lazy\" decoding=\"async\" src=\"https:\/\/www.europesays.com\/no\/wp-content\/uploads\/2026\/08\/85083956.webp\" width=\"180\" height=\"81\" alt=\"\" class=\"lazyload\" style=\"--aspect-ratio-image: 2.22; \"\/><\/p>\n<p>        Gripende: Hoffet i sorg<\/p>\n<p>    <\/a><\/p>\n<p>For M\u00e4rtha Louise bet\u00f8d det at hun fikk v\u00e6re hos faren i hans siste d\u00f8gn, sammen med resten av familien.<\/p>\n<p>S\u00f8ndag var M\u00e4rtha og barna samlet rundt ham igjen \u2013 denne gangen for \u00e5 ta farvel.<\/p>\n<p>        <img loading=\"lazy\" decoding=\"async\" src=\"https:\/\/www.europesays.com\/no\/wp-content\/uploads\/2026\/08\/85084351.webp\" width=\"667\" height=\"748\" alt=\"\" class=\"\" style=\"--aspect-ratio-image: 0.89; \"\/><\/p>\n<p>\n        EN SISTE REISE: Kisten med kong Harald ble kj\u00f8rt til Slottet fredag kveld. Foran st\u00e5r hoffsjef Olav Heian-Engdal alene i regnet. Foto: Kongehuset\n    <\/p>\n<p>Tok farvel med bestefar<\/p>\n<p>For Maud, Leah og Emma ble syningen samtidig et siste farvel med bestefaren.<\/p>\n<p>    <a itemprop=\"url\" href=\"https:\/\/www.seher.no\/kongelig\/kommentarfeltet-koker\/85083283\" rel=\"nofollow noopener\" target=\"_blank\"><\/p>\n<p>        <img loading=\"lazy\" decoding=\"async\" src=\"https:\/\/www.europesays.com\/no\/wp-content\/uploads\/2026\/08\/85083443.webp\" width=\"180\" height=\"81\" alt=\"\" class=\"lazyload\" style=\"--aspect-ratio-image: 2.22; \"\/><\/p>\n<p>        Kommentarfeltet koker<\/p>\n<p>    <\/a><\/p>\n<p>Jentene har allerede opplevd et enormt tap i ung alder.\u00a0<\/p>\n<p>Da faren Ari d\u00f8de, var det kongefamilien som samlet seg rundt dem og fors\u00f8kte \u00e5 skape trygghet i en kaotisk og smertefull tid.<\/p>\n<p>        <img loading=\"lazy\" decoding=\"async\" src=\"https:\/\/www.europesays.com\/no\/wp-content\/uploads\/2026\/08\/85084292.webp\" width=\"667\" height=\"501\" alt=\"\" class=\"\" style=\"--aspect-ratio-image: 1.33; \"\/><\/p>\n<p>\n        N\u00c6RT: Dronning Sonja og kong Harald med prinsesse M\u00e4rtha og barnebarna Emma, Leah og Maud p\u00e5 Sonjas 80-\u00e5rsdag i Slottsparken. Foto: Lise \u00c5serud \/ NTB\n    <\/p>\n<p>Kong Harald var en del av dette sikkerhetsnettet.<\/p>\n<p class=\"font-weight-bold m-font-weight-bold\" data-lab-font_weight=\"font-weight-bold\">N\u00e5 m\u00e5 de tre d\u00f8trene selv g\u00e5 inn i Den r\u00f8de salong og ta avskjed med mannen, som hadde v\u00e6rt en viktig del av familien gjennom hele oppveksten deres.<\/p>\n<p>    <a itemprop=\"url\" href=\"https:\/\/www.seher.no\/kongelig\/tok-farvel-med-lillebror\/85084551\" rel=\"nofollow noopener\" target=\"_blank\"><\/p>\n<p>        <img loading=\"lazy\" decoding=\"async\" src=\"https:\/\/www.europesays.com\/no\/wp-content\/uploads\/2026\/08\/85084771.webp\" width=\"147\" height=\"98\" alt=\"\" class=\"lazyload\" style=\"--aspect-ratio-image: 1.50; \"\/><\/p>\n<p>        Tok farvel med lillebror<\/p>\n<p>    <\/a><\/p>\n<p>Jentene har ogs\u00e5 passet p\u00e5 bestemor Sonja etter Haralds bortgang. Maud overnattet hos Sonja p\u00e5 kongsg\u00e5rden, slik at hun ikke skulle v\u00e6re alene.<\/p>\n<p>        <img loading=\"lazy\" decoding=\"async\" src=\"https:\/\/www.europesays.com\/no\/wp-content\/uploads\/2026\/08\/85084294.webp\" width=\"667\" height=\"541\" alt=\"\" class=\"\" style=\"--aspect-ratio-image: 1.23; \"\/><\/p>\n<p>\n        S\u00d8RGEGUDSTJENESTE: Kong Haakon, kronprinsesse Ingrid Alexandra, dronning Sonja og prins Sverre Magnus under s\u00f8rgegudstjenesten for kong Harald i Asker Kirke s\u00f8ndag formiddag. Foto: Cornelius Poppe \/ NTB \/ POOL\n    <\/p>\n<p>Astrid tok farvel f\u00f8rst<\/p>\n<p>Tidligere p\u00e5 dagen ankom prinsesse Astrid. Trolig har ogs\u00e5 hun tatt et siste farvel med kong Harald.<\/p>\n<p>Den r\u00f8de salong er et av de vakreste rommene p\u00e5 Slottet og ligger p\u00e5 s\u00f8rsiden av andre etasje, med utsikt mot byen og Oslofjorden.<\/p>\n<p>        <img loading=\"lazy\" decoding=\"async\" src=\"https:\/\/www.europesays.com\/no\/wp-content\/uploads\/2026\/08\/85084296.webp\" width=\"667\" height=\"554\" alt=\"\" class=\"\" style=\"--aspect-ratio-image: 1.20; filter: brightness(0.95);\"\/><\/p>\n<p>\n        PUSSET OPP: Her er Den r\u00f8de salong fotografert i 2000, f\u00f8r den store oppussingen av Slottet. Foto: Bj\u00f8rn Sigurds\u00f8n \/ NTB\n    <\/p>\n","protected":false},"excerpt":{"rendered":"Kong Harald d\u00f8d: S\u00f8ndag samlet prinsesse Martha og d\u00f8trene Maud, Leah og Emma seg ved bestefars kiste for&hellip;\n","protected":false},"author":2,"featured_media":338184,"comment_status":"","ping_status":"","sticky":false,"template":"","format":"standard","meta":{"footnotes":"","_share_on_mastodon":"0"},"categories":[10],"tags":[20,21,2592,4104,5803,26131,24,25,15,26069,76,22,23,4447,5805,13,30,28,29,14,16,19459,2903,26,27],"class_list":["post-338183","post","type-post","status-publish","format-standard","has-post-thumbnail","category-norge","tag-breaking-news","tag-breakingnews","tag-den-norske-kongefamilien","tag-eksklusivt","tag-emma-tallulah-behn","tag-erling-lorentzen","tag-featured-news","tag-featurednews","tag-headlines","tag-kong-harald-dod","tag-kongelig","tag-latest-news","tag-latestnews","tag-leah-behn","tag-maud-angelica-behn","tag-news","tag-no","tag-norge","tag-norway","tag-nyheter","tag-overskrifter","tag-prinsesse-astrid","tag-prinsesse-martha","tag-top-stories","tag-topstories"],"share_on_mastodon":{"url":"https:\/\/pubeurope.com\/@no\/117184963762420022","error":""},"_links":{"self":[{"href":"https:\/\/www.europesays.com\/no\/wp-json\/wp\/v2\/posts\/338183","targetHints":{"allow":["GET"]}}],"collection":[{"href":"https:\/\/www.europesays.com\/no\/wp-json\/wp\/v2\/posts"}],"about":[{"href":"https:\/\/www.europesays.com\/no\/wp-json\/wp\/v2\/types\/post"}],"author":[{"embeddable":true,"href":"https:\/\/www.europesays.com\/no\/wp-json\/wp\/v2\/users\/2"}],"replies":[{"embeddable":true,"href":"https:\/\/www.europesays.com\/no\/wp-json\/wp\/v2\/comments?post=338183"}],"version-history":[{"count":0,"href":"https:\/\/www.europesays.com\/no\/wp-json\/wp\/v2\/posts\/338183\/revisions"}],"wp:featuredmedia":[{"embeddable":true,"href":"https:\/\/www.europesays.com\/no\/wp-json\/wp\/v2\/media\/338184"}],"wp:attachment":[{"href":"https:\/\/www.europesays.com\/no\/wp-json\/wp\/v2\/media?parent=338183"}],"wp:term":[{"taxonomy":"category","embeddable":true,"href":"https:\/\/www.europesays.com\/no\/wp-json\/wp\/v2\/categories?post=338183"},{"taxonomy":"post_tag","embeddable":true,"href":"https:\/\/www.europesays.com\/no\/wp-json\/wp\/v2\/tags?post=338183"}],"curies":[{"name":"wp","href":"https:\/\/api.w.org\/{rel}","templated":true}]}}