{"id":338241,"date":"2026-08-30T15:59:13","date_gmt":"2026-08-30T15:59:13","guid":{"rendered":"https:\/\/www.europesays.com\/no\/338241\/"},"modified":"2026-08-30T15:59:13","modified_gmt":"2026-08-30T15:59:13","slug":"nrk-bekrefter-glipp","status":"publish","type":"post","link":"https:\/\/www.europesays.com\/no\/338241\/","title":{"rendered":"NRK bekrefter glipp"},"content":{"rendered":"<p class=\"subtitle \" style=\"\">En pr\u00f8velesing av stortingspresidentens tale ble sendt p\u00e5 radio og avbrutt etter f\u00e5 minutter.\u00a0<\/p>\n<p>\n    TALE: Stortingspresident Masud Gharahkhani talte i Eidsvollsgalleriet p\u00e5 Stortinget. Foto: Ole Berg-Rusten \/ NTB\n  <\/p>\n<p>&#8211; En kaptein har forlatt oss. Det norske folk st\u00e5r sammen i sorgen over tapet av en konge som sto ved roret i 35 \u00e5r, sa stortingspresident Masud Gharahkhani (Ap) i sin tale etter kongens bortgang.\u00a0<\/p>\n<p>Kong Harald <a href=\"https:\/\/www.dagbladet.no\/kong-harald\" rel=\"nofollow noopener\" target=\"_blank\">d\u00f8de fredag morgen<\/a>, 89 \u00e5r gammel.\u00a0<\/p>\n<p>Stortingspresidenten er i henhold til det offisielle hoffrangreglementet den h\u00f8yest rangerte personen i Norge etter medlemmer av kongehuset, og det var ventet at Gharahkhani skulle tale til befolkningen.<\/p>\n<p>Rundt klokka 12.45 fredag sendte NRK talen p\u00e5 TV. Men allerede f\u00f8r det kunne man h\u00f8re deler av talen p\u00e5 radio.\u00a0<\/p>\n<p>\u00abN\u00e5 skal vi h\u00f8re stortingspresidentens tale\u00bb, ble det sagt rundt klokka 12.35 f\u00f8r man kunne h\u00f8re starten p\u00e5 Gharahkhanis tale. P\u00e5 et tidspunkt kunne man h\u00f8re at Gharahkhani slet med ordene. Talen ble avbrutt klokka 12.38.<\/p>\n<p>        PREGET: Jonas Gahr St\u00f8re var tydelig preget da han uttalte seg om bortgangen til kong Harald.<\/p>\n<p>Bekrefter feil<\/p>\n<p>Innholdsredakt\u00f8r Ole Eivind Henden opplyser til Dagbladet at det ble avspilt feil fil til radiosendingen.<\/p>\n<p>&#8211; Talen ble spilt ut fra pool, men ved en feil ble hans pr\u00f8velesing av talen lagt som fil i v\u00e5rt system. Vi har informert Stortinget om denne feilen og fjernet denne delen fra sendinga. Den korrekte versjonen ble publisert cirka ti minutter etter, sier Henden.\u00a0<\/p>\n<p>Han forklarer at poolen er en felles tjeneste til alle norske medier som leverer materiale fra tronskiftet.\u00a0<\/p>\n<p>&#8211; Den blir operativt og teknisk styrt av NRK, men er ikke en del av v\u00e5r redaksjonelle linje i NRK Nyheter.<\/p>\n<p> Mona Mortensen Krane, avdelingssjef for kommunikasjons- og formidlingsavdelingen p\u00e5 Stortinget, bekrefter at NRK tok kontakt.<\/p>\n<p>&#8211; NRK gjorde oss oppmerksomme p\u00e5 feilen. Det er mye som skal klaffe for mange p\u00e5 en slik dag, og feil kan skje. NRK er sv\u00e6rt profesjonelle, sier hun.<\/p>\n<p>    <a itemprop=\"url\" href=\"https:\/\/www.dagbladet.no\/nyheter\/forbereder-seg-pa-store-folkemengder\/85080599\" rel=\"nofollow noopener\" target=\"_blank\"><\/p>\n<p>        <img loading=\"lazy\" decoding=\"async\" src=\"https:\/\/www.europesays.com\/no\/wp-content\/uploads\/2026\/08\/85080606.webp\" width=\"180\" height=\"81\" alt=\"\" class=\"lazyload\" style=\"--aspect-ratio-image: 2.22; \"\/><\/p>\n<p>        Forbereder seg p\u00e5 store folkemengder<\/p>\n<p>    <\/a><\/p>\n<p>&#8211; Var alt for Norge<\/p>\n<p>Torsdag<a href=\"https:\/\/www.dagbladet.no\/studio\/92397-kong%20haralds%20helsetilstand\/12296818-stortingspresident-masud-gharahkhani-har-landet-i-norge\" rel=\"nofollow noopener\" target=\"_blank\"> hastet\u00a0Masud Gharahkhani hjem fra Island<\/a> som f\u00f8lge av forverringen av kongens helsetilstand.\u00a0<\/p>\n<p>Stortingspresidenten sa i talen fredag at\u00a0Stortinget tok imot d\u00f8dsbudskapet med stor sorg.\u00a0<\/p>\n<p>Han trakk fram hvordan kong Harald opptr\u00e5dte i rollen som Norges konge &#8211; og omtalte ham\u00a0som en \u00abmodig og fornyende monark\u00bb.<\/p>\n<p>Gharahkhani\u00a0trakk s\u00e6rlig fram kongens opptreden etter terrorangrepet 22. juli 2011.<\/p>\n<p>&#8211; Med t\u00e5rer i \u00f8ynene viste han sin egen sorg. Slik han var med oss i lykkelige stunder, delte kong Harald ogs\u00e5 v\u00e5re vanskelige f\u00f8lelser. Som konge og som medmenneske. Slik var kong Harald alt for Norge, sa stortingspresidenten.<\/p>\n","protected":false},"excerpt":{"rendered":"En pr\u00f8velesing av stortingspresidentens tale ble sendt p\u00e5 radio og avbrutt etter f\u00e5 minutter.\u00a0 TALE: Stortingspresident Masud Gharahkhani&hellip;\n","protected":false},"author":2,"featured_media":338242,"comment_status":"","ping_status":"","sticky":false,"template":"","format":"standard","meta":{"footnotes":"","_share_on_mastodon":"0"},"categories":[5],"tags":[20,21,24,25,15,19,2539,2590,26069,22,23,17,18,13,30,28,29,14,16,26,27],"class_list":["post-338241","post","type-post","status-publish","format-standard","has-post-thumbnail","category-overskrifter","tag-breaking-news","tag-breakingnews","tag-featured-news","tag-featurednews","tag-headlines","tag-hovedoppslag","tag-innenriks","tag-kong-harald","tag-kong-harald-dod","tag-latest-news","tag-latestnews","tag-main-news","tag-mainnews","tag-news","tag-no","tag-norge","tag-norway","tag-nyheter","tag-overskrifter","tag-top-stories","tag-topstories"],"share_on_mastodon":{"url":"https:\/\/pubeurope.com\/@no\/117185293209256451","error":""},"_links":{"self":[{"href":"https:\/\/www.europesays.com\/no\/wp-json\/wp\/v2\/posts\/338241","targetHints":{"allow":["GET"]}}],"collection":[{"href":"https:\/\/www.europesays.com\/no\/wp-json\/wp\/v2\/posts"}],"about":[{"href":"https:\/\/www.europesays.com\/no\/wp-json\/wp\/v2\/types\/post"}],"author":[{"embeddable":true,"href":"https:\/\/www.europesays.com\/no\/wp-json\/wp\/v2\/users\/2"}],"replies":[{"embeddable":true,"href":"https:\/\/www.europesays.com\/no\/wp-json\/wp\/v2\/comments?post=338241"}],"version-history":[{"count":0,"href":"https:\/\/www.europesays.com\/no\/wp-json\/wp\/v2\/posts\/338241\/revisions"}],"wp:featuredmedia":[{"embeddable":true,"href":"https:\/\/www.europesays.com\/no\/wp-json\/wp\/v2\/media\/338242"}],"wp:attachment":[{"href":"https:\/\/www.europesays.com\/no\/wp-json\/wp\/v2\/media?parent=338241"}],"wp:term":[{"taxonomy":"category","embeddable":true,"href":"https:\/\/www.europesays.com\/no\/wp-json\/wp\/v2\/categories?post=338241"},{"taxonomy":"post_tag","embeddable":true,"href":"https:\/\/www.europesays.com\/no\/wp-json\/wp\/v2\/tags?post=338241"}],"curies":[{"name":"wp","href":"https:\/\/api.w.org\/{rel}","templated":true}]}}