{"id":338253,"date":"2026-08-30T16:22:17","date_gmt":"2026-08-30T16:22:17","guid":{"rendered":"https:\/\/www.europesays.com\/no\/338253\/"},"modified":"2026-08-30T16:22:17","modified_gmt":"2026-08-30T16:22:17","slug":"na-er-dronning-sonja-tredje-i-rang","status":"publish","type":"post","link":"https:\/\/www.europesays.com\/no\/338253\/","title":{"rendered":"N\u00e5 er dronning Sonja tredje i rang"},"content":{"rendered":"<p class=\"kicker \" style=\"\">Kong Harald er d\u00f8d:<\/p>\n<p class=\"subtitle \" style=\"\">Samtidig har enkedronningen mistet tiltaleformen \u00abhennes majestet\u00bb. Det mener en ekspert er oppsiktsvekkende.<\/p>\n<p>\n    TREDJE I RANG: Dronning Sonja hilser p\u00e5 sokneprest og prost \u00d8yvind Stabrun p\u00e5 vei inn i kirka under minnegudstjenesten etter kong Harald s\u00f8ndag. F\u00f8rst hadde kong Haakon og kronprinsesse Ingrid-Alexandra hilst. Det er ikke tilfeldig. Foto: Hans-Arne Vedlog \/ Dagbladet\n  <\/p>\n<p>OSLO \/ ASKER KIRKE (Dagbladet): S\u00f8ndag deltok deler av kongefamilien i minnegudstjenesten for kong Harald, som tidlig p\u00e5 morgenen fredag 28. august sovnet stille inn.<\/p>\n<p>I hele landet inviterte Den norske kirke til s\u00f8rgegudstjeneste for \u00e5 minne kongen.<\/p>\n<p>    <a itemprop=\"url\" href=\"https:\/\/www.dagbladet.no\/kjendis\/kongefamilien-pa-plass-tydelig-preget\/85083300\" rel=\"nofollow noopener\" target=\"_blank\"><\/p>\n<p>        <img loading=\"lazy\" decoding=\"async\" src=\"https:\/\/www.europesays.com\/no\/wp-content\/uploads\/2026\/08\/85083870.webp\" width=\"180\" height=\"81\" alt=\"\" class=\"lazyload\" style=\"--aspect-ratio-image: 2.22; \"\/><\/p>\n<p>        Kongefamilien p\u00e5 plass: &#8211; Tydelig preget<\/p>\n<p>    <\/a><\/p>\n<p>I Asker kirke deltok\u00a0kong Haakon (53), kronprinsesse Ingrid Alexandra (22), dronning Sonja (89) og prins Sverre Magnus (20). Dronning Mette-Marit (53) kunne ikke delta, grunnet helsetilstanden etter lungetransplantasjonen i juni.<\/p>\n<p>        S\u00d8RGEGUDSTJENESTE: Deler av kongefamilien deltar p\u00e5 s\u00f8rgegudstjeneste for kong Harald i Asker kirke s\u00f8ndag. Video: Karolina Grace\/Dagbladet TV<\/p>\n<p>Tydelig preget<\/p>\n<p>Da de kongelige ankom kirka like f\u00f8r klokka 11, hilste de p\u00e5 prost \u00d8yvind Stabrun og sokneprest Ida Buen Hanevold.<\/p>\n<p>Dronning Sonja, som l\u00f8rdag skulle ha feiret 58 \u00e5rs bryllupsdag med sin ektemann, var synlig ber\u00f8rt da de kom.<\/p>\n<p>En detalj flere har lagt merke til, er rekkef\u00f8lgen de kongelige hilste p\u00e5 prosten og soknepresten.<\/p>\n<p>&#8211; Det gjorde inntrykk \u00e5 se at dronning Sonja ikke lenger er nummer to i rekkef\u00f8lgen n\u00e5r de hilser. Dette vil jo enda mer tydelig n\u00e5r dronning Mette-Marit er med, og ogs\u00e5 stiller foran Sonja. Slik er monarkiets gang, uttalte Se og H\u00f8rs kongehusekspert, Caroline Vagle.\u00a0<\/p>\n<p>        <img loading=\"lazy\" decoding=\"async\" src=\"https:\/\/www.europesays.com\/no\/wp-content\/uploads\/2026\/08\/85084544.webp\" width=\"688\" height=\"461\" alt=\"\" class=\"\" style=\"--aspect-ratio-image: 1.49; \"\/><\/p>\n<p>\n        BER\u00d8RT: Dronning Sonja f\u00e5r en klem av prost \u00d8yvind Stabrun i minnegudstjenesten etter kong Harald i Asker kirke s\u00f8ndag. Foto: Hans Arne Vedlog \/ Dagbladet\n    <\/p>\n<p>Etter kong Harald d\u00f8d er dronning Sonja tredje i rang i det norske monarkiet, etter kong Haakon og kronprinsesse Ingrid Alexandra.<\/p>\n<p>&#8211; If\u00f8lge Slottets nettside rangerer dronning Sonja n\u00e5 etter kronprinsessen, og er alts\u00e5 Norges tredje h\u00f8yst rangerte kvinne. Vanligvis rangerer en dronning, ogs\u00e5 om hun er enke, foran alle prinser og prinsesser, sier Trond Nor\u00e9n Isaksen, historiker og kongehusekspert, til Dagbladet.<\/p>\n<p>&#8211; Inspirert av Danmark<\/p>\n<p>Muligens er dette inspirert av Danmark, tror Nor\u00e9n Isaksen. Etter at dronning Margrethe abdiserte, beholdt hun dronningtittelen. Imidlertid rangerer hun n\u00e5 etter alle de fire barna til kong Frederik og dronning Mary.<\/p>\n<p>Den formelle rangeringen er kong Haakon, dronning Mette-Marit, kronprinsesse Ingrid Alexandra og deretter dronning Sonja. Imidlertid er dronning Mette-Marit sykmeldt som f\u00f8lge av helsetilstanden sin.<\/p>\n<p class=\"font-weight-bold m-font-weight-bold\" data-lab-font_weight=\"font-weight-bold\">Dermed er dronning Sonja tredje i rang &#8211; og kronprinsessen andre &#8211; n\u00e5r kongefamilien n\u00e5 er ute p\u00e5 oppdrag.\u00a0<\/p>\n<p>    <a itemprop=\"url\" href=\"https:\/\/www.dagbladet.no\/nyheter\/minnes-kong-harald-vare-tanker-er-hos-familien\/85083317\" rel=\"nofollow noopener\" target=\"_blank\"><\/p>\n<p>        <img loading=\"lazy\" decoding=\"async\" src=\"https:\/\/www.europesays.com\/no\/wp-content\/uploads\/2026\/08\/85083515.webp\" width=\"180\" height=\"81\" alt=\"\" class=\"lazyload\" style=\"--aspect-ratio-image: 2.22; \"\/><\/p>\n<p>        Minnes kong Harald: &#8211; V\u00e5re tanker er hos familien<\/p>\n<p>    <\/a><\/p>\n<p>&#8211; Det betyr alts\u00e5 at n\u00e5r dronningen, alts\u00e5 Mette-Marit, ikke er til stede, er det kronprinsessen som g\u00e5r etter kongen. Og i praksis betyr det ogs\u00e5 at n\u00e5r dronningen er sykmeldt, er det kronprinsessen som fungerer som vikarierende f\u00f8rstedame.<\/p>\n<p>&#8211; Alltid Hennes Majestet<\/p>\n<p>En annen endring er at dronning Sonja n\u00e5 har mistet tiltaleformen Hennes Majestet. Nor\u00e9n Isaksen mener denne endringen er mer oppsiktsvekkende.<\/p>\n<p>&#8211; En dronning er alltid Hennes Majestet, uansett om hun er en regjerende dronning, en konges ektefelle, enke etter en konge eller gift med en konge som har abdisert. Det finnes ingen tidligere eksempler verken fra Norge eller utlandet p\u00e5 at en dronning har sluttet \u00e5 v\u00e6re Hennes Majestet n\u00e5r ektefellen har d\u00f8dd. Dette er en beslutning som b\u00f8r omgj\u00f8res, mener Nor\u00e9n Isaksen.<\/p>\n<p>    <a itemprop=\"url\" href=\"https:\/\/www.dagbladet.no\/kjendis\/hyller-kongens-tale-meget-solid\/85082264\" rel=\"nofollow noopener\" target=\"_blank\"><\/p>\n<p>        <img loading=\"lazy\" decoding=\"async\" src=\"https:\/\/www.europesays.com\/no\/wp-content\/uploads\/2026\/08\/85082857.webp\" width=\"180\" height=\"81\" alt=\"\" class=\"lazyload\" style=\"--aspect-ratio-image: 2.22; \"\/><\/p>\n<p>        Hyller kongens tale: &#8211; Meget solid<\/p>\n<p>    <\/a><\/p>\n","protected":false},"excerpt":{"rendered":"Kong Harald er d\u00f8d: Samtidig har enkedronningen mistet tiltaleformen \u00abhennes majestet\u00bb. Det mener en ekspert er oppsiktsvekkende. TREDJE&hellip;\n","protected":false},"author":2,"featured_media":338254,"comment_status":"","ping_status":"","sticky":false,"template":"","format":"standard","meta":{"footnotes":"","_share_on_mastodon":"0"},"categories":[5],"tags":[20,21,1560,24,25,15,19,479,26072,2590,26069,1803,22,23,17,18,13,30,28,29,14,16,26,27],"class_list":["post-338253","post","type-post","status-publish","format-standard","has-post-thumbnail","category-overskrifter","tag-breaking-news","tag-breakingnews","tag-dronning-sonja","tag-featured-news","tag-featurednews","tag-headlines","tag-hovedoppslag","tag-kjendis","tag-kong-haakon","tag-kong-harald","tag-kong-harald-dod","tag-kongehuset","tag-latest-news","tag-latestnews","tag-main-news","tag-mainnews","tag-news","tag-no","tag-norge","tag-norway","tag-nyheter","tag-overskrifter","tag-top-stories","tag-topstories"],"share_on_mastodon":{"url":"https:\/\/pubeurope.com\/@no\/117185383957403700","error":""},"_links":{"self":[{"href":"https:\/\/www.europesays.com\/no\/wp-json\/wp\/v2\/posts\/338253","targetHints":{"allow":["GET"]}}],"collection":[{"href":"https:\/\/www.europesays.com\/no\/wp-json\/wp\/v2\/posts"}],"about":[{"href":"https:\/\/www.europesays.com\/no\/wp-json\/wp\/v2\/types\/post"}],"author":[{"embeddable":true,"href":"https:\/\/www.europesays.com\/no\/wp-json\/wp\/v2\/users\/2"}],"replies":[{"embeddable":true,"href":"https:\/\/www.europesays.com\/no\/wp-json\/wp\/v2\/comments?post=338253"}],"version-history":[{"count":0,"href":"https:\/\/www.europesays.com\/no\/wp-json\/wp\/v2\/posts\/338253\/revisions"}],"wp:featuredmedia":[{"embeddable":true,"href":"https:\/\/www.europesays.com\/no\/wp-json\/wp\/v2\/media\/338254"}],"wp:attachment":[{"href":"https:\/\/www.europesays.com\/no\/wp-json\/wp\/v2\/media?parent=338253"}],"wp:term":[{"taxonomy":"category","embeddable":true,"href":"https:\/\/www.europesays.com\/no\/wp-json\/wp\/v2\/categories?post=338253"},{"taxonomy":"post_tag","embeddable":true,"href":"https:\/\/www.europesays.com\/no\/wp-json\/wp\/v2\/tags?post=338253"}],"curies":[{"name":"wp","href":"https:\/\/api.w.org\/{rel}","templated":true}]}}