{"id":338267,"date":"2026-08-30T16:43:30","date_gmt":"2026-08-30T16:43:30","guid":{"rendered":"https:\/\/www.europesays.com\/no\/338267\/"},"modified":"2026-08-30T16:43:30","modified_gmt":"2026-08-30T16:43:30","slug":"dronning-sonja-etter-kong-haralds-dod-forst-sorge-sa-ny-rolle","status":"publish","type":"post","link":"https:\/\/www.europesays.com\/no\/338267\/","title":{"rendered":"Dronning Sonja etter kong Haralds d\u00f8d: F\u00f8rst s\u00f8rge, s\u00e5 ny rolle"},"content":{"rendered":"\n<ul class=\"_list_145nj_3 _list_64s2r_85 _unordered_145nj_106 text-sans-m\">\n<li class=\"_item_145nj_30\">Dronning Sonja m\u00e5 finne sin nye rolle i Kongehuset etter kong Haralds d\u00f8d.<\/li>\n<li class=\"_item_145nj_30\">Eksperter mener hun fortsatt vil v\u00e6re en viktig st\u00f8ttespiller for kong Haakon og dronning Mette-Marit.<\/li>\n<li class=\"_item_145nj_30\">Sonja er kjent for sin arbeidsomhet og pliktf\u00f8lelse, men m\u00e5 n\u00e5 balansere sin tilstedev\u00e6relse med \u00e5 gi plass til det nye kongeparet.<\/li>\n<\/ul>\n<p>Vis mer <\/p>\n<p class=\"_paragraph_145nj_4 _paragraph_6fko5_10 layout-component text-serif-m layout-normal text-serif-m layout-padded\">Hun har st\u00e5tt ved kong Haralds side i n\u00e6rmere seks ti\u00e5r og v\u00e6rt Norges dronning i 35 \u00e5r. N\u00e5 blir <a href=\"https:\/\/www.vg.no\/tag\/dronning-sonja?utm_source=vg-article&amp;utm_medium=auto-tagger&amp;utm_campaign=Pdq1w0\" class=\"_link_145nj_39\" rel=\"nofollow noopener\" target=\"_blank\">dronning Sonjas<\/a> rolle en annen. <\/p>\n<p class=\"_paragraph_145nj_4 _paragraph_6fko5_10 layout-component text-serif-m layout-normal text-serif-m layout-padded\">Fredag ble det klart at Sonja beholder dronningtittelen, men ikke lenger tituleres \u00abHennes Majestet Dronning Sonja\u00bb. <\/p>\n<p class=\"_paragraph_145nj_4 _paragraph_6fko5_10 layout-component text-serif-m layout-normal text-serif-m layout-padded\">Eksperter VG har pratet med tror 89-\u00e5ringen fortsatt vil v\u00e6re en viktig del av Kongehuset. Samtidig peker de p\u00e5 en ny balansegang, der det n\u00e5 er kong Haakon og dronning Mette-Marit som st\u00e5r i sentrum. <\/p>\n<p><img alt=\"Dronning Sonja fulgte fredag b\u00e5ren til sin ektemann gjennom 58 \u00e5r, kong Harald, fra Rikshospitalet til Slottet, sammen med sin datter, prinsesse M\u00e4rtha Louise.  Foto: Lise \u00c5serud \/ NTB\" class=\"_image_jw3bv_65 layout-component layout-normal\" data-fullscreen- data-track-element-type=\"Article image fullscreen\" data-track-name=\"ImageFullscreen\" decoding=\"async\" loading=\"lazy\" height=\"1600\" itemprop=\"image\"  src=\"https:\/\/www.europesays.com\/no\/wp-content\/uploads\/2026\/08\/9a32c7b8-6405-36e8-bf22-8ffd747991d7.jpeg\"  style=\"object-position:0% 0%\" width=\"2133\"\/>Dronning Sonja fulgte fredag b\u00e5ren til sin ektemann gjennom 58 \u00e5r, kong Harald, fra Rikshospitalet til Slottet, sammen med sin datter, prinsesse M\u00e4rtha Louise.  Foto: Lise \u00c5serud \/ NTB<\/p>\n<p class=\"_paragraph_145nj_4 _paragraph_6fko5_10 layout-component text-serif-m layout-normal text-serif-m layout-padded\">Kongehusekspert Tove Taalesen tror Sonja vil fortsette \u00e5 v\u00e6re synlig, dersom helsen tillater det. <\/p>\n<p class=\"_paragraph_145nj_4 _paragraph_6fko5_10 layout-component text-serif-m layout-normal text-serif-m layout-padded\">Taalesen beskriver dronningen som veldig arbeidsom og med en sterk pliktf\u00f8lelse.<\/p>\n<p class=\"_paragraph_145nj_4 _paragraph_6fko5_10 layout-component text-serif-m layout-normal text-serif-m layout-padded\">\u2013 Hun liker \u00e5 v\u00e6re aktiv, hun liker \u00e5 m\u00f8te mennesker. Jeg blir ikke veldig overrasket hvis hun fortsetter det arbeidet hun har hatt siden 1968, sier Taalesen. <\/p>\n<p><img decoding=\"async\" alt=\"Bilde av Tove Taalesen\" class=\"_image_148z4_25\" height=\"40\" itemprop=\"image\" loading=\"lazy\"  src=\"https:\/\/www.europesays.com\/no\/wp-content\/uploads\/2026\/08\/04483713-46de-340a-b72a-8cac894b3c2d.jpeg\"  width=\"40\"\/><strong class=\"_name_148z4_34 title-serif-xs\">Tove Taalesen<\/strong><\/p>\n<p class=\"_paragraph_145nj_4 text-sans-m _description_148z4_39\">Norsk kongehusekspert<\/p>\n<p class=\"_paragraph_145nj_4 _paragraph_6fko5_10 layout-component text-serif-m layout-normal text-serif-m layout-padded\">I mai ble dronning Sonja innlagt p\u00e5 Rikshospitalet med b\u00e5de <a href=\"https:\/\/www.vg.no\/nyheter\/i\/pBn4gV\/dronningen-innlagt-paa-rikshospitalet\" data-track-element-type=\"Link\" data-track-id=\"link:pBn4gV\" class=\"_link_145nj_39\" rel=\"nofollow noopener\" target=\"_blank\">hjerteflimmer og hjertesvikt<\/a>. <\/p>\n<p class=\"_paragraph_145nj_4 _paragraph_6fko5_10 layout-component text-serif-m layout-normal text-serif-m layout-padded\">Det ble hun ogs\u00e5 i januar 2025. Da fikk hun operert inn pacemaker. Slottet har tidligere opplyst at hun har hatt behov for hvile og tilpasning av medisiner. <\/p>\n<p> 58 \u00e5r som Norges f\u00f8rstedame<\/p>\n<p class=\"_paragraph_145nj_4 _paragraph_6fko5_10 layout-component text-serif-m layout-normal text-serif-m layout-padded\">Da Sonja giftet seg med kronprins Harald i 1968, overtok hun etter prinsesse Astrid som Norges f\u00f8rstedame. Da Harald overtok tronen i 1991, ble hun Norges f\u00f8rste dronning p\u00e5 53 \u00e5r. <\/p>\n<p class=\"_paragraph_145nj_4 _paragraph_6fko5_10 layout-component text-serif-m layout-normal layout-padded\"><strong class=\"_strong_145nj_25\">Les ogs\u00e5:<\/strong> <a href=\"https:\/\/www.vg.no\/i\/Wv3bej\" data-track-element-type=\"Link\" data-track-id=\"link:Wv3bej\" class=\"_link_145nj_39\" rel=\"nofollow noopener\" target=\"_blank\">\u00abJeg var en helt annen da jeg giftet meg\u00bb<\/a><\/p>\n<p class=\"_paragraph_145nj_4 _paragraph_6fko5_10 layout-component text-serif-m layout-normal text-serif-m layout-padded\">Gjennom \u00e5rene har hun representert Norge p\u00e5 arrangementer i inn- og utland, deltatt p\u00e5 mottagelser og m\u00f8ter og bygget opp flere egne interessefelt. <\/p>\n<p><img alt=\"Dronning Sonja tok over som f\u00f8rstedame etter prinsesse Astrid.  Foto: Ola Vatn \/ Det kongelige hoff\" class=\"_image_jw3bv_65 layout-component layout-normal\" data-fullscreen- data-track-element-type=\"Article image fullscreen\" data-track-name=\"ImageFullscreen\" decoding=\"async\" loading=\"lazy\" height=\"1306\" itemprop=\"image\"  src=\"https:\/\/www.europesays.com\/no\/wp-content\/uploads\/2026\/08\/1d03693c-50f3-3b4b-abfc-7377c8438159.jpeg\"  style=\"object-position:0% 0%\" width=\"1920\"\/>Dronning Sonja tok over som f\u00f8rstedame etter prinsesse Astrid.  Foto: Ola Vatn \/ Det kongelige hoff<\/p>\n<p class=\"_paragraph_145nj_4 _paragraph_6fko5_10 layout-component text-serif-m layout-normal text-serif-m layout-padded\">S\u00e6rlig kunst, kultur og friluftsliv har blitt forbundet med dronningen. Kongehuset har omtalt henne som \u00abTurdronningen\u00bb, og hun har tilbakelagt utallige mil i den norske fjellheimen. <\/p>\n<p class=\"_paragraph_145nj_4 _paragraph_6fko5_10 layout-component text-serif-m layout-normal text-serif-m layout-padded\">Da kongeparet feiret s\u00f8lvbryllup i 1993, inviterte de Europas kongelige til fjellg\u00e5rden Skagefl\u00e5 i Geiranger. <\/p>\n<p><img alt=\"Store deler av Europas kongelige var i 1993 samlet til feiring av dronning Sonja og kong Haralds s\u00f8lvbryllup h\u00f8yt oppe p\u00e5 Skagefl\u00e5 i Geiranger.  Foto: Bj\u00f8rn Sigurds\u00f8n \/ NTB\" class=\"_image_jw3bv_65 layout-component layout-normal\" data-fullscreen- data-track-element-type=\"Article image fullscreen\" data-track-name=\"ImageFullscreen\" decoding=\"async\" loading=\"lazy\" height=\"3178\" itemprop=\"image\"  src=\"https:\/\/www.europesays.com\/no\/wp-content\/uploads\/2026\/08\/6bf1ba71-1656-3259-a7c2-31933b58c367.jpeg\"  style=\"object-position:0% 0%\" width=\"4948\"\/>Store deler av Europas kongelige var i 1993 samlet til feiring av dronning Sonja og kong Haralds s\u00f8lvbryllup h\u00f8yt oppe p\u00e5 Skagefl\u00e5 i Geiranger.  Foto: Bj\u00f8rn Sigurds\u00f8n \/ NTB<\/p>\n<p class=\"_paragraph_145nj_4 _paragraph_6fko5_10 layout-component text-serif-m layout-normal text-serif-m layout-padded\">Taalesen mener bredden i dronning Sonjas interesser gir henne mange muligheter ogs\u00e5 fremover. <\/p>\n<p class=\"_paragraph_145nj_4 _paragraph_6fko5_10 layout-component text-serif-m layout-normal text-serif-m layout-padded\">\u2013 Hun har et stort repertoar \u00e5 spille p\u00e5. Ingenting tyder p\u00e5 at hun vil trekke seg fra det hun holder p\u00e5 med, sier hun.  <\/p>\n<p class=\"_paragraph_145nj_4 _paragraph_6fko5_10 layout-component text-serif-m layout-normal text-serif-m layout-padded\">For i likhet med sin mann, har dronning Sonja viet sitt liv til tjeneste for Norge. Men veien dit var langt fra enkel. Norges nye kronprinsesse m\u00f8tte motstand selv etter at kong Olav endelig sa ja til et gifterm\u00e5l mellom kronprinsen og Sonja Haraldsen, en kvinne av folket.<\/p>\n<p class=\"_paragraph_145nj_4 _paragraph_6fko5_10 layout-component text-serif-m layout-normal text-serif-m layout-padded\">\u2013 Vi har alle m\u00f8tt \u2013 og vil m\u00f8te \u2013 ulike utfordringer i takt med tiden. For min egen del var det de f\u00f8rste \u00e5rene krevende \u00e5 finne min plass ved et mannsdominert hoff, sa hun i en tale p\u00e5 Slottet i 2019. <\/p>\n<p class=\"_paragraph_145nj_4 _paragraph_6fko5_10 layout-component text-serif-m layout-normal text-serif-m layout-padded\">Hoffet var p\u00e5 den tiden organisert etter milit\u00e6re m\u00f8nstre, og det skulle ta \u00e5tte \u00e5r f\u00f8r Sonja fikk eget kontor p\u00e5 Slottet og egen sekret\u00e6r. <\/p>\n<p class=\"_paragraph_145nj_4 _paragraph_6fko5_10 layout-component text-serif-m layout-normal text-serif-m layout-padded\">I et <a href=\"https:\/\/www.vg.no\/nyheter\/i\/Ll9Pm9\/dronning-sonja-85-foelte-seg-uoensket\" data-track-element-type=\"Link\" data-track-id=\"link:Ll9Pm9\" class=\"_link_145nj_39\" rel=\"nofollow noopener\" target=\"_blank\">portrettintervju med VG i 2023<\/a> sa dronningen at hun i mange tilfeller f\u00f8lte at hun m\u00e5tte v\u00e6re dobbelt s\u00e5 god. <\/p>\n<p class=\"_paragraph_145nj_4 _paragraph_6fko5_10 layout-component text-serif-m layout-normal text-serif-m layout-padded\">\u2013 Akkurat det f\u00f8ler jo ganske mange kvinner. At de m\u00e5 v\u00e6re ekstra flinke og ekstra skarpe hele veien. Jeg er helt sikker p\u00e5 at mange kvinner vil svare ja p\u00e5 det samme, sa hun. <\/p>\n<p><img alt=\"Sonja Haraldsen giftet seg med kronprins Harald 29. august 1968.  Foto: Vidar Knai \/ NTB\" class=\"_image_jw3bv_65 layout-component layout-normal\" data-fullscreen- data-track-element-type=\"Article image fullscreen\" data-track-name=\"ImageFullscreen\" decoding=\"async\" loading=\"lazy\" height=\"1673\" itemprop=\"image\"  src=\"https:\/\/www.europesays.com\/no\/wp-content\/uploads\/2026\/08\/ecf63625-1247-3dc5-a4c7-3dde4d55bc9e.jpeg\"  style=\"object-position:0% 0%\" width=\"2500\"\/>Sonja Haraldsen giftet seg med kronprins Harald 29. august 1968.  Foto: Vidar Knai \/ NTB M\u00e5 gi plass til kongeparet<\/p>\n<p class=\"_paragraph_145nj_4 _paragraph_6fko5_10 layout-component text-serif-m layout-normal text-serif-m layout-padded\">Selv om dronning Sonja fortsetter \u00e5 v\u00e6re aktiv, blir plassen hennes i Kongehuset en annen. N\u00e5 er det kong Haakon og dronning Mette-Marit som skal representere det norske Kongehuset utad.<\/p>\n<p><img alt=\"Dronning Sonja har ledet an med kronprinsesse Mette-Marit og kronprins Haakon hakket bak. N\u00e5 er rollene snudd.  Foto: Javad Parsa \/ NTB\" class=\"_image_jw3bv_65 layout-component layout-normal\" data-fullscreen- data-track-element-type=\"Article image fullscreen\" data-track-name=\"ImageFullscreen\" decoding=\"async\" loading=\"lazy\" height=\"3546\" itemprop=\"image\"  src=\"https:\/\/www.europesays.com\/no\/wp-content\/uploads\/2026\/08\/ab2b4307-e1ab-3710-be75-efc5a2aaa64a.jpeg\"  style=\"object-position:0% 0%\" width=\"3509\"\/>Dronning Sonja har ledet an med kronprinsesse Mette-Marit og kronprins Haakon hakket bak. N\u00e5 er rollene snudd.  Foto: Javad Parsa \/ NTB<\/p>\n<p class=\"_paragraph_145nj_4 _paragraph_6fko5_10 layout-component text-serif-m layout-normal text-serif-m layout-padded\">Taalesen tror Sonjas lange erfaring likevel kan gj\u00f8re henne til en viktig st\u00f8ttespiller for den nye kongen. <\/p>\n<p class=\"_paragraph_145nj_4 _paragraph_6fko5_10 layout-component text-serif-m layout-normal text-serif-m layout-padded\">\u2013 F\u00f8rst og fremst kommer hun til \u00e5 v\u00e6re en god st\u00f8tte for kong Haakon. Hun blir helt sikkert ogs\u00e5 en god veileder for v\u00e5r nye kronprinsesse, sier Taalesen, og peker p\u00e5 <a href=\"https:\/\/www.vg.no\/rampelys\/i\/wA7n6G\/naa-er-ingrid-alexandra-kronprinsesse\" data-track-element-type=\"Link\" data-track-id=\"link:wA7n6G\" class=\"_link_145nj_39\" rel=\"nofollow noopener\" target=\"_blank\">kronprinsesse Ingrid Alexandra<\/a>, som fredag m\u00f8tte i ekstraordin\u00e6rt statsr\u00e5d sammen med sin far, kong Haakon, bare timer etter at hennes bestefar hadde g\u00e5tt bort. <\/p>\n<p><img alt=\"Kronprinsesse Ingrid Alexandra har alltid hatt et n\u00e6rt forhold til sine besteforeldre, dronning Sonja og kong Harald.  Foto: Lise \u00c5serud \/ NTB\" class=\"_image_jw3bv_65 layout-component layout-normal\" data-fullscreen- data-track-element-type=\"Article image fullscreen\" data-track-name=\"ImageFullscreen\" decoding=\"async\" loading=\"lazy\" height=\"2053\" itemprop=\"image\"  src=\"https:\/\/www.europesays.com\/no\/wp-content\/uploads\/2026\/08\/2ae717b1-5e51-3ce5-8077-8a472768495d.jpeg\"  style=\"object-position:0% 0%\" width=\"3080\"\/>Kronprinsesse Ingrid Alexandra har alltid hatt et n\u00e6rt forhold til sine besteforeldre, dronning Sonja og kong Harald.  Foto: Lise \u00c5serud \/ NTB<\/p>\n<p class=\"_paragraph_145nj_4 _paragraph_6fko5_10 layout-component text-serif-m layout-normal text-serif-m layout-padded\">Den danske kongehuseksperten Lars Hovbakke S\u00f8rensen mener dronning Sonja m\u00e5 finne balansen mellom \u00e5 bruke erfaringen sin og samtidig gi s\u00f8nnen og svigerdatteren plass. <\/p>\n<p class=\"_paragraph_145nj_4 _paragraph_6fko5_10 layout-component text-serif-m layout-normal text-serif-m layout-padded\">Danske dronning Ingrid kan v\u00e6re en relevant parallell. Ingrid ble enke da kong Frederik IX d\u00f8de i 1972, og datteren Margrethe overtok tronen. Hun fortsatte \u00e5 v\u00e6re en del av det danske kongehusets offentlige liv ogs\u00e5 etter tronskiftet.<\/p>\n<p><img alt=\"Kronprinsesse Ingrid av Danmark, senere dronning.  Foto: PRB \/ TT NYHETSBYR\u00c5N\" class=\"_image_jw3bv_65 layout-component layout-normal\" data-fullscreen- data-track-element-type=\"Article image fullscreen\" data-track-name=\"ImageFullscreen\" decoding=\"async\" loading=\"lazy\" height=\"1079\" itemprop=\"image\"  src=\"https:\/\/www.europesays.com\/no\/wp-content\/uploads\/2026\/08\/e8289552-911c-3fd8-bd17-7fe433088f83.jpeg\"  style=\"object-position:0% 0%\" width=\"1439\"\/>Kronprinsesse Ingrid av Danmark, senere dronning.  Foto: PRB \/ TT NYHETSBYR\u00c5N<\/p>\n<p class=\"_paragraph_145nj_4 _paragraph_6fko5_10 layout-component text-serif-m layout-normal text-serif-m layout-padded\">\u2013 Sonja kan l\u00e6re av Ingrid at det er viktig \u00e5 v\u00e6re aktiv for kongehuset, men uten \u00e5 overskygge det nye regentparet, sier han.<\/p>\n<p class=\"_paragraph_145nj_4 _paragraph_6fko5_10 layout-component text-serif-m layout-normal text-serif-m layout-padded\">Ogs\u00e5 den britiske kongehuseksperten Victoria Arbiter mener det finnes plass til Sonja i offentligheten fremover. <\/p>\n<p class=\"_paragraph_145nj_4 _paragraph_6fko5_10 layout-component text-serif-m layout-normal text-serif-m layout-padded\">Samtidig peker hun p\u00e5 at rollen m\u00e5 balanseres mot behovet for \u00e5 la kong Haakon og dronning Mette-Marit etablere seg i sine nye roller. <\/p>\n<p><img decoding=\"async\" alt=\"Bilde av Victoria Arbiter\" class=\"_image_148z4_25\" height=\"40\" itemprop=\"image\" loading=\"lazy\"  src=\"https:\/\/www.europesays.com\/no\/wp-content\/uploads\/2026\/08\/0e71b10f-7646-3f72-bd86-ce2d4b7e01ba.jpeg\"  width=\"40\"\/><strong class=\"_name_148z4_34 title-serif-xs\">Victoria Arbiter<\/strong><\/p>\n<p class=\"_paragraph_145nj_4 text-sans-m _description_148z4_39\">Britisk kongehusekspert og forfatter<\/p>\n<p class=\"_paragraph_145nj_4 _paragraph_6fko5_10 layout-component text-serif-m layout-normal text-serif-m layout-padded\">Arbiter beskriver det som en \u00abforsiktig dans\u00bb.<\/p>\n<p class=\"_paragraph_145nj_4 _paragraph_6fko5_10 layout-component text-serif-m layout-normal text-serif-m layout-padded\">\u2013 Folk synes det er vanskelig med endringer, s\u00e6rlig n\u00e5r en monark har sittet p\u00e5 tronen i 35 \u00e5r. Det er en enorm omstilling. Samtidig er det veldig betryggende \u00e5 vite at dronning Sonja fortsatt er til stede, sier hun. <\/p>\n<p class=\"_paragraph_145nj_4 _paragraph_6fko5_10 layout-component text-serif-m layout-normal text-serif-m layout-padded\">Hvor dronning Sonja skal bo, er forel\u00f8pig ikke kjent. Taalesen tror imidlertid ikke det blir noen stor endring. <\/p>\n<p class=\"_paragraph_145nj_4 _paragraph_6fko5_10 layout-component text-serif-m layout-normal text-serif-m layout-padded\">\u2013 Det er ingen grunn til \u00e5 endre noe p\u00e5 det. Jeg tror det blir det samme bom\u00f8nsteret som hun har hatt. Jeg ser ingen grunn til \u00e5 endre p\u00e5 det n\u00e5, sier hun. <\/p>\n<p><img alt=\"Dronning Sonja sammen med Mette-Marit og Ingrid Alexandra p\u00e5 Kongsseteren.  Foto: Lise \u00c5serud \/ NTB\" class=\"_image_jw3bv_65 layout-component layout-normal\" data-fullscreen- data-track-element-type=\"Article image fullscreen\" data-track-name=\"ImageFullscreen\" decoding=\"async\" loading=\"lazy\" height=\"2657\" itemprop=\"image\"  src=\"https:\/\/www.europesays.com\/no\/wp-content\/uploads\/2026\/08\/6e8358b4-581d-3948-b999-cf1f7afa74c7.jpeg\"  style=\"object-position:0% 0%\" width=\"2953\"\/>Dronning Sonja sammen med Mette-Marit og Ingrid Alexandra p\u00e5 Kongsseteren.  Foto: Lise \u00c5serud \/ NTB<\/p>\n<p class=\"_paragraph_145nj_4 _paragraph_6fko5_10 layout-component text-serif-m layout-normal text-serif-m layout-padded\">Kong Harald og dronning Sonja har gjennom \u00e5rene brukt flere av Kongehusets eiendommer. Slottet har v\u00e6rt deres faste base, mens de ogs\u00e5 har brukt Bygd\u00f8y kongsg\u00e5rd, M\u00e5ger\u00f8 og Kongsseteren. <\/p>\n<p class=\"_paragraph_145nj_4 _paragraph_6fko5_10 layout-component text-serif-m layout-normal text-serif-m layout-padded\">De flyttet inn p\u00e5 Skaugum etter bryllupet i 1968, og bodde der i ti \u00e5r etter kong Olavs d\u00f8d, frem til 2003. Da flyttet de inn i en <a href=\"https:\/\/www.vg.no\/nyheter\/i\/MggO2r\/kongeleiligheten-18-mill-billigere-enn-budsjettert\" data-track-element-type=\"Link\" data-track-id=\"link:MggO2r\" class=\"_link_145nj_39\" rel=\"nofollow noopener\" target=\"_blank\">905 kvadratmeter stor leilighet p\u00e5 Slottet<\/a>. <\/p>\n<p class=\"_paragraph_145nj_4 _paragraph_6fko5_10 layout-component text-serif-m layout-normal text-serif-m layout-padded\">Taalesen tror ogs\u00e5 at det nye kongeparet kommer til \u00e5 bli boende p\u00e5 Skaugum en stund til. <\/p>\n<p class=\"_paragraph_145nj_4 _paragraph_6fko5_10 layout-component text-serif-m layout-normal text-serif-m layout-padded\">VGs kongehusekspert Yngve Kvistad tror i likhet med Taalesen at dronning Sonja sannsynligvis blir boende p\u00e5 Slottet. <\/p>\n<p><img decoding=\"async\" alt=\"Bilde av Yngve Kvistad\" class=\"_image_148z4_25\" height=\"26\" itemprop=\"image\" loading=\"lazy\"  src=\"https:\/\/www.europesays.com\/no\/wp-content\/uploads\/2026\/08\/9e8124d6-f754-3b5c-9abc-d70f863e3f40.jpeg\"  width=\"40\"\/><strong class=\"_name_148z4_34 title-serif-xs\">Yngve Kvistad<\/strong><\/p>\n<p class=\"_paragraph_145nj_4 text-sans-m _description_148z4_39\">VGs kongehusekspert<\/p>\n<p class=\"_paragraph_145nj_4 _paragraph_6fko5_10 layout-component text-serif-m layout-normal text-serif-m layout-padded\">\u2013 Kongefamilien og Hoffet har selvf\u00f8lgelig lagt en plan for dronning Sonjas bosituasjon i fall kong Harald skulle falle fra f\u00f8rst. Jeg vil anta at det norske kongehuset gj\u00f8r som det danske, at dronningen fortsetter \u00e5 bo p\u00e5 Slottet, i en egen leilighet.<\/p>\n<p class=\"_paragraph_145nj_4 _paragraph_6fko5_10 layout-component text-serif-m layout-normal text-serif-m layout-padded\">Han tror en annen mulighet er at dronning Sonja flytter tilbake til Skaugum dersom det nye kongeparet velger \u00e5 flytte inn p\u00e5 slottet. <\/p>\n<p> F\u00e5 kongelige representanter<\/p>\n<p class=\"_paragraph_145nj_4 _paragraph_6fko5_10 layout-component text-serif-m layout-normal text-serif-m layout-padded\">At Sonja fortsatt kan f\u00e5 mye \u00e5 gj\u00f8re, handler ogs\u00e5 om hvem som faktisk er tilgjengelig for det norske kongehuset. <\/p>\n<p class=\"_paragraph_145nj_4 _paragraph_6fko5_10 layout-component text-serif-m layout-normal text-serif-m layout-padded\">Hovbakke S\u00f8rensen trekker frem den begrensede kretsen av aktive kongelige. <\/p>\n<p class=\"_paragraph_145nj_4 _paragraph_6fko5_10 layout-component text-serif-m layout-normal text-serif-m layout-padded\">\u2013 Sonja vil f\u00e5 en mer tilbaketrukket rolle, men hun vil trolig fortsatt v\u00e6re ganske aktiv. S\u00e6rlig fordi det norske kongehuset n\u00e5 har sv\u00e6rt f\u00e5 personer som kan arbeide aktivt for det, sier han. <\/p>\n<p><img decoding=\"async\" alt=\"Bilde av Lars Hovbakke S\u00f8rensen\" class=\"_image_148z4_25\" height=\"40\" itemprop=\"image\" loading=\"lazy\"  src=\"https:\/\/www.europesays.com\/no\/wp-content\/uploads\/2026\/08\/2af96619-c629-334d-82e0-a94dd1b38fe6.png\"  width=\"40\"\/><strong class=\"_name_148z4_34 title-serif-xs\">Lars Hovbakke S\u00f8rensen<\/strong><\/p>\n<p class=\"_paragraph_145nj_4 text-sans-m _description_148z4_39\">Dansk kongehusekspert<\/p>\n<p class=\"_paragraph_145nj_4 _paragraph_6fko5_10 layout-component text-serif-m layout-normal text-serif-m layout-padded\">Taalesen peker p\u00e5 det samme. Prinsesse Astrid er 95 \u00e5r, dronning Sonja er 89 \u00e5r og dronning Mette-Marit har v\u00e6rt kronisk syk over en lengre periode. 17. juni gjennomgikk hun en <a href=\"https:\/\/www.vg.no\/rampelys\/i\/PdP6d6\/mette-marit-har-faatt-nye-lunger\" data-track-element-type=\"Link\" data-track-id=\"link:PdP6d6\" class=\"_link_145nj_39\" rel=\"nofollow noopener\" target=\"_blank\">vellykket lungetransplantasjon<\/a>. <\/p>\n<p class=\"_paragraph_145nj_4 _paragraph_6fko5_10 layout-component text-serif-m layout-normal text-serif-m layout-padded\">I juli ble hun skrevet ut fra Rikshospitalet. I forbindelse med dette opplyste Kongehuset at det ventet en lengre periode med rehabilitering og opptrening. Dronning Mette-Marit m\u00e5 ogs\u00e5 bruke immundempendeimmundempendeMedisiner som svekker immunsystemet for \u00e5 hindre at kroppen avviser et transplantert organ. medisiner resten av livet. <\/p>\n<p class=\"_paragraph_145nj_4 _paragraph_6fko5_10 layout-component text-serif-m layout-normal text-serif-m layout-padded\">\u2013 Vi vet ikke hvordan kapasiteten til den nye dronningen er. Inntil videre er det kong Haakon som b\u00e6rer tyngden. S\u00e5 har han heldigvis kronprinsessen og sin mor ved sin side, sier Taalesen. <\/p>\n<p><img alt=\"Foto: Terje Pedersen \/ NTB\" class=\"_image_jw3bv_65 layout-component layout-normal\" data-fullscreen- data-track-element-type=\"Article image fullscreen\" data-track-name=\"ImageFullscreen\" decoding=\"async\" loading=\"lazy\" height=\"1820\" itemprop=\"image\"  src=\"https:\/\/www.europesays.com\/no\/wp-content\/uploads\/2026\/08\/8637d34d-6fbd-33a1-b38d-62cbd3a4203c.jpeg\"  style=\"object-position:0% 0%\" width=\"2721\"\/>Foto: Terje Pedersen \/ NTB En s\u00f8rgeperiode<\/p>\n<p class=\"_paragraph_145nj_4 _paragraph_6fko5_10 layout-component text-serif-m layout-normal text-serif-m layout-padded\">Taalesen understreker at diskusjonen om Sonjas fremtidige oppgaver kommer p\u00e5 et tidspunkt hvor hun f\u00f8rst og fremst har mistet mannen sin. <\/p>\n<p class=\"_paragraph_145nj_4 _paragraph_6fko5_10 layout-component text-serif-m layout-normal text-serif-m layout-padded\">\u2013 Jeg synes vi skal gi henne tid til \u00e5 s\u00f8rge og tid til \u00e5 v\u00e6re privatperson f\u00f8r vi har forventninger om at vi skal se henne, og at hun skal bidra med noe, sier hun. <\/p>\n<p class=\"_paragraph_145nj_4 _paragraph_6fko5_10 layout-component text-serif-m layout-normal text-serif-m layout-padded\">Arbiter peker ogs\u00e5 p\u00e5 hvor stor omstillingen er etter \u00e5 ha mistet en ektefelle man har delt store deler av livet med. For Sonja utspiller i tillegg sorgen seg foran et helt land. <\/p>\n<p><img alt=\"Foto: Heiko Junge \/ NTB\" class=\"_image_jw3bv_65 layout-component layout-normal\" data-fullscreen- data-track-element-type=\"Article image fullscreen\" data-track-name=\"ImageFullscreen\" decoding=\"async\" loading=\"lazy\" height=\"4568\" itemprop=\"image\"  src=\"https:\/\/www.europesays.com\/no\/wp-content\/uploads\/2026\/08\/6cf191b2-fb64-337c-a486-75adb72e778b.jpeg\"  style=\"object-position:0% 0%\" width=\"6852\"\/>Foto: Heiko Junge \/ NTB<\/p>\n<p class=\"_paragraph_145nj_4 _paragraph_6fko5_10 layout-component text-serif-m layout-normal text-serif-m layout-padded\">\u2013 Overgangen for dronning Sonja blir enda mer krevende fordi den skjer p\u00e5 en offentlig og global scene. Alle f\u00f8lger med p\u00e5 det som skjer, sier Arbiter.<\/p>\n<p class=\"_paragraph_145nj_4 _paragraph_6fko5_10 layout-component text-serif-m layout-normal text-serif-m layout-padded\">Hun h\u00e5per dronning Sonja f\u00e5r tid til \u00e5 bearbeide det som har skjedd f\u00f8r hun tar fatt p\u00e5 offentlige oppgaver igjen. <\/p>\n<p class=\"_paragraph_145nj_4 _paragraph_6fko5_10 layout-component text-serif-m layout-normal text-serif-m layout-padded\">Samtidig tror Arbiter at det \u00e5 ha en oppgave kan bli viktig n\u00e5r den f\u00f8rste sorgen har lagt seg. <\/p>\n<p class=\"_paragraph_145nj_4 _paragraph_6fko5_10 layout-component text-serif-m layout-normal text-serif-m layout-padded\">Hun viser til dronning Elizabeth II, som fortsatte \u00e5 arbeide etter prins Philips d\u00f8d.<\/p>\n<p class=\"_paragraph_145nj_4 _paragraph_6fko5_10 layout-component text-serif-m layout-normal text-serif-m layout-padded\">\u2013 Det var noe beroligende ved \u00e5 v\u00e6re sammen med mennesker og utf\u00f8re rollen hun alltid hadde hatt. Jeg tror eldre mennesker generelt vil v\u00e6re enige i at det er noe viktig ved \u00e5 ha en grunn til \u00e5 st\u00e5 opp om morgenen og ha en oppgave.<\/p>\n","protected":false},"excerpt":{"rendered":"Dronning Sonja m\u00e5 finne sin nye rolle i Kongehuset etter kong Haralds d\u00f8d. Eksperter mener hun fortsatt vil&hellip;\n","protected":false},"author":2,"featured_media":338268,"comment_status":"","ping_status":"","sticky":false,"template":"","format":"standard","meta":{"footnotes":"","_share_on_mastodon":"0"},"categories":[10],"tags":[20,21,1560,24,25,15,26073,26105,22,23,13,30,28,29,14,16,404,26,27],"class_list":["post-338267","post","type-post","status-publish","format-standard","has-post-thumbnail","category-norge","tag-breaking-news","tag-breakingnews","tag-dronning-sonja","tag-featured-news","tag-featurednews","tag-headlines","tag-kong-haakon-8","tag-kong-harald-5","tag-latest-news","tag-latestnews","tag-news","tag-no","tag-norge","tag-norway","tag-nyheter","tag-overskrifter","tag-slottet","tag-top-stories","tag-topstories"],"share_on_mastodon":{"url":"https:\/\/pubeurope.com\/@no\/117185466848146037","error":""},"_links":{"self":[{"href":"https:\/\/www.europesays.com\/no\/wp-json\/wp\/v2\/posts\/338267","targetHints":{"allow":["GET"]}}],"collection":[{"href":"https:\/\/www.europesays.com\/no\/wp-json\/wp\/v2\/posts"}],"about":[{"href":"https:\/\/www.europesays.com\/no\/wp-json\/wp\/v2\/types\/post"}],"author":[{"embeddable":true,"href":"https:\/\/www.europesays.com\/no\/wp-json\/wp\/v2\/users\/2"}],"replies":[{"embeddable":true,"href":"https:\/\/www.europesays.com\/no\/wp-json\/wp\/v2\/comments?post=338267"}],"version-history":[{"count":0,"href":"https:\/\/www.europesays.com\/no\/wp-json\/wp\/v2\/posts\/338267\/revisions"}],"wp:featuredmedia":[{"embeddable":true,"href":"https:\/\/www.europesays.com\/no\/wp-json\/wp\/v2\/media\/338268"}],"wp:attachment":[{"href":"https:\/\/www.europesays.com\/no\/wp-json\/wp\/v2\/media?parent=338267"}],"wp:term":[{"taxonomy":"category","embeddable":true,"href":"https:\/\/www.europesays.com\/no\/wp-json\/wp\/v2\/categories?post=338267"},{"taxonomy":"post_tag","embeddable":true,"href":"https:\/\/www.europesays.com\/no\/wp-json\/wp\/v2\/tags?post=338267"}],"curies":[{"name":"wp","href":"https:\/\/api.w.org\/{rel}","templated":true}]}}