{"id":338271,"date":"2026-08-30T16:52:24","date_gmt":"2026-08-30T16:52:24","guid":{"rendered":"https:\/\/www.europesays.com\/no\/338271\/"},"modified":"2026-08-30T16:52:24","modified_gmt":"2026-08-30T16:52:24","slug":"eu-island-vedum-om-eu-nei-pa-island-et-klokt-valg","status":"publish","type":"post","link":"https:\/\/www.europesays.com\/no\/338271\/","title":{"rendered":"EU, Island | Vedum om EU-nei p\u00e5 Island: \u2013 Et klokt valg"},"content":{"rendered":"\n<p>L\u00f8rdag ble det avholdt folkeavstemning p\u00e5 Island om landet skulle gjenoppta medlemsskapsforhandlinger med EU.<\/p>\n<p> Flertallet av det islandske folket sa nei. <\/p>\n<p>Vedum: \u2013 Et klokt valg<\/p>\n<p>Sp-leder Trygve Slagsvold Vedum mener det var fornuftig av Islands befolkning \u00e5 si nei til EU-forhandlinger.<\/p>\n<p>\u2013 Jeg vil gratulere islendingene med et klokt valg. \u00c5 si nei til \u00e5 g\u00e5 inn i medlemskapsforhandlinger med EU handler om \u00e5 ta vare p\u00e5 sitt folkestyre og retten til \u00e5 styre eget land, sier Vedum i en pressemelding.<\/p>\n<p>Nei-siden p\u00e5 Island vant fram i helgens folkeavstemning, og <a href=\"https:\/\/www.nationen.no\/islendingene-sier-nei-til-forhandlinger-om-eu-medlemskap\/s\/80-148-15063\" rel=\"Follow nofollow noopener\" target=\"_blank\">et flertall p\u00e5 52,8 prosent sa nei til at landet skulle g\u00e5 i forhandlinger med EU<\/a> om et mulig medlemskap.<\/p>\n<p>Vedum mener at forhandlingene i seg selv kunne satt Island under et sterkt press for \u00e5 til slutt g\u00e5 inn i EU.<\/p>\n<p>\u2013 Islendingene har n\u00e5 sagt klart fra om at de vil beholde nasjonal kontroll over blant annet sin egen energi, fiskeriressurser og landbruk, sier han..<\/p>\n<p>Han mener at Islands nei er en p\u00e5minnelse om at de nordiske landene kan samarbeide tett med Europa uten \u00e5 avgi suverenitet gjennom EU-medlemskap.<\/p>\n<p>\u2013 Islands beslutning understreker det vi Norge allerede gj\u00f8r, \u00e5 st\u00e5 opp for egne interesser og samtidig s\u00f8ke samarbeid med resten av Europa og verden, sier Vedum.<\/p>\n<p>\u2013 Setter folkestyret h\u00f8yt<\/p>\n<p>Nei til EUs leder Einar Frogner gratulerer ogs\u00e5 islendingene og mener resultatet av folkeavstemningen er et signal om at de setter sitt folkestyre h\u00f8yt. <\/p>\n<p>   <img decoding=\"async\" width=\"2048\" height=\"1365\" fetchpriority=\"low\"  loading=\"lazy\"  src=\"https:\/\/www.europesays.com\/no\/wp-content\/uploads\/2026\/08\/Einar+Frogner+Foto+Eivind+Formoe.jpg\" alt=\"\" class=\"brick-c-cFOWSL\" style=\"--brick-image-ratio: 2048 \/ 1365;\"\/><\/p>\n<p>      \u00a0Nei til EUs leder Einar Frogner gratulerer islendingene\u00a0 og mener\u00a0resultatet av folkeavstemningen er et signal om at de setter sitt folkestyre h\u00f8yt.\u00a0<br \/>\n      Foto: Eivind Formoe, Nei til EU\n    <\/p>\n<p>\u2013 Dette er ikke tiden for \u00e5 juble i Norge, men jeg vil gratulere det islandske folk med sitt nei til nye medlemskapsforhandlinger med EU. Dette er en seier for folkestyret, sier Frogner i en pressemelding.<\/p>\n<p>  <a href=\"https:\/\/www.nationen.no\/5-148-963361\" class=\"related-teaser has-image article--c-MkAkR\" rel=\"nofollow noopener\" target=\"_blank\"><\/p>\n<p>    <img decoding=\"async\" width=\"155\"  loading=\"lazy\"  src=\"https:\/\/www.europesays.com\/no\/wp-content\/uploads\/2026\/08\/IMG_4914+%281%29.jpeg\" alt=\"\" class=\"brick-c-cFOWSL\" style=\"\"\/><\/p>\n<p>\n            Les ogs\u00e5<\/p>\n<p>            EU-thriller p\u00e5 Island: Dette sier de siste tallene\n        <\/p>\n<p>  <\/a><\/p>\n<p>\u2013 Norge og Island deler mange av de samme interessene opp mot EU, s\u00e6rlig n\u00e5r det gjelder fiskeressurser. Islendingene sikrer n\u00e5 kontroll over sine naturressurser og et levende folkestyre, fortsetter Frogner.<\/p>\n<p>Nei til EU har v\u00e6rt representert i Reykjav\u00edk ved styremedlem Helle Hagenau, som fulgte folkeavstemningen l\u00f8rdag. <\/p>\n<p>    Vil du se neste video?<\/p>\n<p>    <a href=\"https:\/\/www.nationen.no\/sigurbj-rg-er-eu-skeptisk-bonde-veldig-bekymret\/v\/80-148-14853\" class=\"recommend-poster\" data-adp-clicklabel=\"video-recommend\" data-adp-clickvalue=\"poster\" rel=\"nofollow noopener\" target=\"_blank\"><br \/>\n      <img decoding=\"async\" width=\"200\" height=\"200\" loading=\"lazy\" src=\"https:\/\/www.europesays.com\/no\/wp-content\/uploads\/2026\/08\/v-i-af9e442b-a7d2-4b0d-a994-cfc160167948-1.jpg\" alt=\"\" class=\"brick-c-cFOWSL\" style=\"--brick-image-ratio: 200 \/ 200;\"\/><\/p>\n<p>Sigurbj\u00f6rg er EU-skeptisk bonde: \u2013 Veldig bekymret0:52<\/p>\n<p>    <\/a><\/p>\n<p>        Sigurbj\u00f6rg Ottesen har b\u00e5de melkekyr av den gamle islandske rasen og sau. Hun er redd for hva et ja til forhandlinger og et medlemskap vil si for b\u00f8ndene p\u00e5 Island.<br \/>\n        Ja-siden advarer <\/p>\n<p>Ja til EU-folk i Norge advarer mot \u00e5 la Islands nei sette punktum for EU-debatten i Norge.<\/p>\n<p>\u2013 Islands valg endrer ikke den geopolitiske realiteten og truslene Norge st\u00e5r overfor. Vi m\u00e5 innse at vi m\u00e5 ta debatten selv p\u00e5 egne premisser, etter eget \u00f8nske. Islands nei m\u00e5 ikke bli en sovepute for norsk EU-debatt, sier EU-kjenner og MDG-politiker Paal Frisvold til NTB.<\/p>\n<p>  <a href=\"https:\/\/www.nationen.no\/5-148-963291\" class=\"related-teaser has-image article--c-MkAkR\" rel=\"nofollow noopener\" target=\"_blank\"><\/p>\n<p>    <img decoding=\"async\" width=\"155\"  loading=\"lazy\"  src=\"https:\/\/www.europesays.com\/no\/wp-content\/uploads\/2026\/08\/1788108744_566_IMG_4528.jpeg\" alt=\"\" class=\"brick-c-cFOWSL\" style=\"\"\/><\/p>\n<p>\n            Les ogs\u00e5<\/p>\n<p>            Eks-bonde tror EU kan redde Island fra Trump: \u2013 Bare venter p\u00e5 det\n        <\/p>\n<p>  <\/a><\/p>\n<p>Han var selv p\u00e5 Island under folkeavstemningen.<\/p>\n<p>Leder for tankesmia Civita, Kristin Clemet, ogs\u00e5 hun soveren EU-tilhenger, sier til NTB at Islands nei vil bety at ingenting blir forandret.<\/p>\n<p>\u2013 Utfallet vil uansett ikke ber\u00f8re Norges forhold til EU, sier Clemet til nyhetsbyr\u00e5et.<\/p>\n","protected":false},"excerpt":{"rendered":"L\u00f8rdag ble det avholdt folkeavstemning p\u00e5 Island om landet skulle gjenoppta medlemsskapsforhandlinger med EU. Flertallet av det islandske&hellip;\n","protected":false},"author":2,"featured_media":338272,"comment_status":"","ping_status":"","sticky":false,"template":"","format":"standard","meta":{"footnotes":"","_share_on_mastodon":"0"},"categories":[10],"tags":[36,20,21,279,13640,24,25,15,7452,22,23,13639,13,30,28,29,14,16,41,1510,26,27],"class_list":["post-338271","post","type-post","status-publish","format-standard","has-post-thumbnail","category-norge","tag-art","tag-breaking-news","tag-breakingnews","tag-eu","tag-europabevegelsen","tag-featured-news","tag-featurednews","tag-headlines","tag-island","tag-latest-news","tag-latestnews","tag-nei-til-eu","tag-news","tag-no","tag-norge","tag-norway","tag-nyheter","tag-overskrifter","tag-politikk","tag-story","tag-top-stories","tag-topstories"],"share_on_mastodon":{"url":"https:\/\/pubeurope.com\/@no\/117185501860880589","error":""},"_links":{"self":[{"href":"https:\/\/www.europesays.com\/no\/wp-json\/wp\/v2\/posts\/338271","targetHints":{"allow":["GET"]}}],"collection":[{"href":"https:\/\/www.europesays.com\/no\/wp-json\/wp\/v2\/posts"}],"about":[{"href":"https:\/\/www.europesays.com\/no\/wp-json\/wp\/v2\/types\/post"}],"author":[{"embeddable":true,"href":"https:\/\/www.europesays.com\/no\/wp-json\/wp\/v2\/users\/2"}],"replies":[{"embeddable":true,"href":"https:\/\/www.europesays.com\/no\/wp-json\/wp\/v2\/comments?post=338271"}],"version-history":[{"count":0,"href":"https:\/\/www.europesays.com\/no\/wp-json\/wp\/v2\/posts\/338271\/revisions"}],"wp:featuredmedia":[{"embeddable":true,"href":"https:\/\/www.europesays.com\/no\/wp-json\/wp\/v2\/media\/338272"}],"wp:attachment":[{"href":"https:\/\/www.europesays.com\/no\/wp-json\/wp\/v2\/media?parent=338271"}],"wp:term":[{"taxonomy":"category","embeddable":true,"href":"https:\/\/www.europesays.com\/no\/wp-json\/wp\/v2\/categories?post=338271"},{"taxonomy":"post_tag","embeddable":true,"href":"https:\/\/www.europesays.com\/no\/wp-json\/wp\/v2\/tags?post=338271"}],"curies":[{"name":"wp","href":"https:\/\/api.w.org\/{rel}","templated":true}]}}