{"id":338291,"date":"2026-08-30T17:26:17","date_gmt":"2026-08-30T17:26:17","guid":{"rendered":"https:\/\/www.europesays.com\/no\/338291\/"},"modified":"2026-08-30T17:26:17","modified_gmt":"2026-08-30T17:26:17","slug":"kong-haralds-gravferd-blir-onsdag-9-september","status":"publish","type":"post","link":"https:\/\/www.europesays.com\/no\/338291\/","title":{"rendered":"Kong Haralds gravferd blir onsdag 9. september"},"content":{"rendered":"\n<p class=\"_lead_145nj_2 _lead_6fko5_53 layout-component text-serif-m layout-normal text-serif-l layout-component layout-wide layout-padded _wide_17hqh_1 layout-padded\">Seremonien finner sted i Oslo domkirke klokken 13.<\/p>\n<p><img alt=\" Foto: Javad Parsa \/ NTB\" class=\"_image_jw3bv_65 layout-component layout-wide\" data-fullscreen- data-track-element-type=\"Article image fullscreen\" data-track-name=\"ImageFullscreen\" fetchpriority=\"high\" decoding=\"sync\" loading=\"eager\" height=\"4944\" itemprop=\"image\"  src=\"https:\/\/www.europesays.com\/no\/wp-content\/uploads\/2026\/08\/71f55558-e3f8-3ecf-926c-8e9343a07e46.jpeg\"  style=\"object-position:0% 0%\" width=\"7416\"\/> Foto: Javad Parsa \/ NTB Oppdatert s\u00f8ndag 30. august kl. 19:20    <\/p>\n<ul class=\"_list_145nj_3 _list_64s2r_85 _unordered_145nj_106 text-sans-m\">\n<li class=\"_item_145nj_30\">Kong Haralds gravferd finner sted i Oslo domkirke klokken 13.<\/li>\n<li class=\"_item_145nj_30\">Preses Olav Fykse Tveit leder seremonien, med flere kirkelige medvirkende.<\/li>\n<li class=\"_item_145nj_30\">H\u00f8ytst\u00e5ende gjester fra hele verden er ventet.<\/li>\n<\/ul>\n<p>Vis mer <\/p>\n<p class=\"_paragraph_145nj_4 _paragraph_6fko5_10 layout-component text-serif-m layout-normal text-serif-m layout-padded\">Gravferden ledes av preses i Den norske kirke, Olav Fykse Tveit. Oslos biskop, Sunniva Gylver, domkantor Marcus Andr\u00e9 Berg, Oslo domkor og flere vil medvirke.<\/p>\n<p class=\"_paragraph_145nj_4 _paragraph_6fko5_10 layout-component text-serif-m layout-normal text-serif-m layout-padded\">Gravferdsseremonien vil f\u00f8lge Den norske kirkes gravferdsliturgigravferdsliturgiDet betyr at gravferden gjennomf\u00f8res etter Den norske kirkes faste opplegg for begravelser, med blant annet b\u00f8nner, salmer, bibeltekster og tale..<\/p>\n<p class=\"_paragraph_145nj_4 _paragraph_6fko5_10 layout-component text-serif-m layout-normal text-serif-m layout-padded\">Kongens b\u00e5re vil bli fraktet fra Slottet til Oslo Domkirke, hvor selve gravferds\u00adseremonien vil finne sted. Etter seremonien vil prosesjonen fortsette til Akershus slottskirke, hvor det vil bli holdt en privat minnestund. <\/p>\n<p class=\"_paragraph_145nj_4 _paragraph_6fko5_10 layout-component text-serif-m layout-normal text-serif-m layout-padded\"><strong class=\"_strong_145nj_25\">H\u00f8ytst\u00e5ende gjester fra hele verden er ventet \u00e5 delta. <\/strong><\/p>\n<p class=\"_paragraph_145nj_4 _paragraph_6fko5_10 layout-component text-serif-m layout-normal text-serif-m layout-padded\">Allerede har det danske kongeparet <a href=\"https:\/\/www.vg.no\/nyheter\/i\/0pkPj0\/kong-haralds-gravferd-9-september\" data-track-element-type=\"Link\" data-track-id=\"link:0pkPj0\" class=\"_link_145nj_39\" rel=\"nofollow noopener\" target=\"_blank\">meldt at de kommer<\/a>.<\/p>\n<p class=\"_paragraph_145nj_4 _paragraph_6fko5_10 layout-component text-serif-m layout-normal text-serif-m layout-padded\">Kongens gravferd er n\u00f8ye planlagt, men f\u00e5 av detaljene er forel\u00f8pig offentliggjort.  <\/p>\n<p class=\"_paragraph_145nj_4 _paragraph_6fko5_10 layout-component text-serif-m layout-normal text-serif-m layout-padded\">Det vi vet er at den trolig vil f\u00f8lge tradisjonene fra gravferdene til <a href=\"https:\/\/www.vg.no\/tag\/kong-harald?utm_source=vg-article&amp;utm_medium=auto-tagger&amp;utm_campaign=8pvnRd\" class=\"_link_145nj_39\" rel=\"nofollow noopener\" target=\"_blank\">kong Haralds<\/a> far kong Olav V og hans farfar kong Haakon VII.<\/p>\n<p class=\"_paragraph_145nj_4 _paragraph_6fko5_10 layout-component text-serif-m layout-normal text-serif-m layout-padded\"><strong class=\"_strong_145nj_25\">Slottskapellet \u00e5pner tirsdag 1. september klokken 14 for publikum som \u00f8nsker \u00e5 ta et siste farvel med Kong Harald. <\/strong><\/p>\n<p class=\"_paragraph_145nj_4 _paragraph_6fko5_10 layout-component text-serif-m layout-normal text-serif-m layout-padded\">Det vil v\u00e6re mulig \u00e5 g\u00e5 forbi b\u00e5ren fram til klokken 18 dagen f\u00f8r gravferden.<\/p>\n<p><img alt=\"1991: Kong Olavs begravelse.  Foto: Lise \u00c5serud \/ NTB\" class=\"_image_jw3bv_65 layout-component layout-normal\" data-fullscreen- data-track-element-type=\"Article image fullscreen\" data-track-name=\"ImageFullscreen\" decoding=\"async\" loading=\"lazy\" height=\"3306\" itemprop=\"image\"  src=\"https:\/\/www.europesays.com\/no\/wp-content\/uploads\/2026\/08\/1788110774_645_73606a41-84be-31dd-82f5-9462ef0237a6.jpeg\"  style=\"object-position:0% 0%\" width=\"4937\"\/>1991: Kong Olavs begravelse.  Foto: Lise \u00c5serud \/ NTB<\/p>\n<p class=\"_paragraph_145nj_4 _paragraph_6fko5_10 layout-component text-serif-m layout-normal text-serif-m layout-padded\">Kong Haralds kiste vil trolig ogs\u00e5 fraktes fra Slottet til Oslo domkirke gjennom Karl Johans gate. Bak kisten kommer familien hans, og andre h\u00f8ytst\u00e5ende gjester til \u00e5 f\u00f8lge bak. <\/p>\n<p>Ny sarkofag<\/p>\n<p class=\"_paragraph_145nj_4 _paragraph_6fko5_10 layout-component text-serif-m layout-normal text-serif-m layout-padded\">F\u00f8rst vil det v\u00e6re en gravferdsseremoni i Oslo domkirke, f\u00f8r kisten fraktes til Akershus festning. <\/p>\n<p><img alt=\"Den hvite sarkofagen er kong Haakon VII og dronning Maud. Den m\u00f8rkegr\u00f8nne til h\u00f8yre er kong Olav V og kronprinsesse M\u00e4rtha.  Foto: Heiko Junge \/ NTB\" class=\"_image_jw3bv_65 layout-component layout-normal\" data-fullscreen- data-track-element-type=\"Article image fullscreen\" data-track-name=\"ImageFullscreen\" decoding=\"async\" loading=\"lazy\" height=\"5760\" itemprop=\"image\"  src=\"https:\/\/www.europesays.com\/no\/wp-content\/uploads\/2026\/08\/aa81958a-4200-3234-8487-574b03aed3ce.jpeg\"  style=\"object-position:0% 0%\" width=\"8640\"\/>Den hvite sarkofagen er kong Haakon VII og dronning Maud. Den m\u00f8rkegr\u00f8nne til h\u00f8yre er kong Olav V og kronprinsesse M\u00e4rtha.  Foto: Heiko Junge \/ NTB<\/p>\n<p class=\"_paragraph_145nj_4 _paragraph_6fko5_10 layout-component text-serif-m layout-normal text-serif-m layout-padded\">Der vil kong Haralds kiste bli plassert i en sarkofag i det kongelige mauseleoum. <\/p>\n<p class=\"_paragraph_145nj_4 _paragraph_6fko5_10 layout-component text-serif-m layout-normal text-serif-m layout-padded\">Kong Harald skal gravlegges i en ny dobbeltsarkofag laget for ham og dronning Sonja.<\/p>\n<p>Enormt sikkerhetsopplegg <\/p>\n<p class=\"_paragraph_145nj_4 _paragraph_6fko5_10 layout-component text-serif-m layout-normal text-serif-m layout-padded\">Da kong Olav ble gravlagt, omtalte VG det som \u00abnorgeshistoriens st\u00f8rste sikkerhetsopplegg\u00bb.<\/p>\n<p class=\"_paragraph_145nj_4 _paragraph_6fko5_10 layout-component text-serif-m layout-normal text-serif-m layout-padded\">Statsoverhoder og kongelige fra hele 103 nasjoner deltok. 1500 sivile og uniformerte polititjenestepersoner var p\u00e5 vakt, skriver bransjebladet <a href=\"https:\/\/www.politiforum.no\/kong-olavs-begravelse-norgeshistoriens-storste-sikkerhetsoppbud-1\/257378\" class=\"_link_145nj_39\" rel=\"nofollow noopener\" target=\"_blank\">Politiforum<\/a>. <\/p>\n<p class=\"_paragraph_145nj_4 _paragraph_6fko5_10 layout-component text-serif-m layout-normal text-serif-m layout-padded\">Ogs\u00e5 denne gangen vil det komme gjester fra hele verden. <\/p>\n<ul class=\"_list_145nj_3 _list_6fko5_9 _unordered_145nj_106 layout-component text-serif-m layout-normal text-serif-m layout-padded\">\n<li class=\"_item_145nj_30\"><strong class=\"_strong_145nj_25\">Les ogs\u00e5: <a href=\"https:\/\/www.vg.no\/rampelys\/i\/6qK2be\/disse-kan-dukke-opp-i-kong-haralds-begravelse\" data-track-element-type=\"Link\" data-track-id=\"link:6qK2be\" class=\"_link_145nj_39\" rel=\"nofollow noopener\" target=\"_blank\">Disse kan dukke opp i kong Haralds gravferd <\/a><\/strong><\/li>\n<\/ul>\n<p>    <img decoding=\"async\" alt=\"Tips oss illustrasjon\" src=\"https:\/\/www.europesays.com\/no\/wp-content\/uploads\/2026\/08\/1788110777_839_pssst-small.webp\"\/>    <\/p>\n<p class=\"title-serif-s\">Har du tips?<\/p>\n<p class=\"text-sans-m\">Send oss informasjon, bilder eller video.<\/p>\n<p>  <a href=\"https:\/\/www.vg.no\/tips-oss\" rel=\"nofollow noopener\" target=\"_blank\"> Tips oss <\/a>      <\/p>\n","protected":false},"excerpt":{"rendered":"Seremonien finner sted i Oslo domkirke klokken 13. Foto: Javad Parsa \/ NTB Oppdatert s\u00f8ndag 30. august kl.&hellip;\n","protected":false},"author":2,"featured_media":338292,"comment_status":"","ping_status":"","sticky":false,"template":"","format":"standard","meta":{"footnotes":"","_share_on_mastodon":"0"},"categories":[10],"tags":[31,20,21,24,25,15,26105,22,23,13,30,28,29,14,16,26,27],"class_list":["post-338291","post","type-post","status-publish","format-standard","has-post-thumbnail","category-norge","tag-breaking","tag-breaking-news","tag-breakingnews","tag-featured-news","tag-featurednews","tag-headlines","tag-kong-harald-5","tag-latest-news","tag-latestnews","tag-news","tag-no","tag-norge","tag-norway","tag-nyheter","tag-overskrifter","tag-top-stories","tag-topstories"],"share_on_mastodon":{"url":"https:\/\/pubeurope.com\/@no\/117185635662487026","error":""},"_links":{"self":[{"href":"https:\/\/www.europesays.com\/no\/wp-json\/wp\/v2\/posts\/338291","targetHints":{"allow":["GET"]}}],"collection":[{"href":"https:\/\/www.europesays.com\/no\/wp-json\/wp\/v2\/posts"}],"about":[{"href":"https:\/\/www.europesays.com\/no\/wp-json\/wp\/v2\/types\/post"}],"author":[{"embeddable":true,"href":"https:\/\/www.europesays.com\/no\/wp-json\/wp\/v2\/users\/2"}],"replies":[{"embeddable":true,"href":"https:\/\/www.europesays.com\/no\/wp-json\/wp\/v2\/comments?post=338291"}],"version-history":[{"count":0,"href":"https:\/\/www.europesays.com\/no\/wp-json\/wp\/v2\/posts\/338291\/revisions"}],"wp:featuredmedia":[{"embeddable":true,"href":"https:\/\/www.europesays.com\/no\/wp-json\/wp\/v2\/media\/338292"}],"wp:attachment":[{"href":"https:\/\/www.europesays.com\/no\/wp-json\/wp\/v2\/media?parent=338291"}],"wp:term":[{"taxonomy":"category","embeddable":true,"href":"https:\/\/www.europesays.com\/no\/wp-json\/wp\/v2\/categories?post=338291"},{"taxonomy":"post_tag","embeddable":true,"href":"https:\/\/www.europesays.com\/no\/wp-json\/wp\/v2\/tags?post=338291"}],"curies":[{"name":"wp","href":"https:\/\/api.w.org\/{rel}","templated":true}]}}