{"id":338297,"date":"2026-08-30T17:32:13","date_gmt":"2026-08-30T17:32:13","guid":{"rendered":"https:\/\/www.europesays.com\/no\/338297\/"},"modified":"2026-08-30T17:32:13","modified_gmt":"2026-08-30T17:32:13","slug":"kong-frederik-og-dronning-mary-kommer-i-kong-haralds-gravferd","status":"publish","type":"post","link":"https:\/\/www.europesays.com\/no\/338297\/","title":{"rendered":"Kong Frederik og dronning Mary kommer i kong Haralds gravferd"},"content":{"rendered":"\n<p class=\"_lead_145nj_2 _lead_6fko5_53 layout-component text-serif-m layout-normal text-serif-l layout-component layout-wide layout-padded _wide_17hqh_1 layout-padded\">Det opplyser det danske kongehuset.<\/p>\n<p><img alt=\" Foto: Ole Berg-Rusten \/ NTB\" class=\"_image_jw3bv_65 layout-component layout-wide\" data-fullscreen- data-track-element-type=\"Article image fullscreen\" data-track-name=\"ImageFullscreen\" fetchpriority=\"high\" decoding=\"sync\" loading=\"eager\" height=\"5330\" itemprop=\"image\"  src=\"https:\/\/www.europesays.com\/no\/wp-content\/uploads\/2026\/08\/68e7a6ad-e07e-353f-bd69-08c8b7f67dbd.jpeg\"  style=\"object-position:0% 0%\" width=\"7522\"\/> Foto: Ole Berg-Rusten \/ NTB<\/p>\n<ul aria-hidden=\"true\" class=\"_images_ntbth_112\">\n<li><a class=\"_link_ntbth_117\" href=\"https:\/\/www.vg.no\/forfatter\/anders-ihle-tovan\" style=\"z-index:1\" title=\"Anders Ihle Tovan\" rel=\"nofollow noopener\" target=\"_blank\"><img alt=\"Bilde av Anders Ihle Tovan\" class=\"_image_ntbth_93\" fetchpriority=\"low\" loading=\"lazy\" decoding=\"async\" itemprop=\"image\"  src=\"https:\/\/www.europesays.com\/no\/wp-content\/uploads\/2026\/08\/1788111133_261_0350a8a3-c2b8-4c34-b37b-ad43b021a76e.jpeg\"  width=\"480\"\/><\/a><\/li>\n<\/ul>\n<p> Oppdatert s\u00f8ndag 30. august kl. 19:24     <\/p>\n<p class=\"_paragraph_145nj_4 _paragraph_6fko5_10 layout-component text-serif-m layout-normal text-serif-m layout-padded\"><a href=\"https:\/\/www.vg.no\/tag\/kong-harald?utm_source=vg-article&amp;utm_medium=auto-tagger&amp;utm_campaign=0pkPj0\" class=\"_link_145nj_39\" rel=\"nofollow noopener\" target=\"_blank\">Kong Haralds<\/a> gravferd finner sted i Oslo domkirke onsdag 9. september klokken 13.<\/p>\n<p class=\"_paragraph_145nj_4 _paragraph_6fko5_10 layout-component text-serif-m layout-normal text-serif-m layout-padded\"><strong class=\"_strong_145nj_25\">Som f\u00f8lge av gravferden utsetter kongeparet statsbes\u00f8ket til Belgia, som skulle ha funnet sted fra 8. til 10. september.<\/strong><\/p>\n<p class=\"_paragraph_145nj_4 _paragraph_6fko5_10 layout-component text-serif-m layout-normal text-serif-m layout-padded\">Om flere medlemmer av den danske kongefamilien deltar, blir kunngjort senere.<\/p>\n<p class=\"_paragraph_145nj_4 _paragraph_6fko5_10 layout-component text-serif-m layout-normal text-serif-m layout-padded\">Gravferden ledes av preses i Den norske kirke, Olav Fykse Tveit. Oslos biskop, Sunniva Gylver, domkantor Marcus Andr\u00e9 Berg, Oslo domkor og flere vil medvirke.<\/p>\n<p><img alt=\"Foto: Annemor Larsen \/ VG\" class=\"_image_jw3bv_65 layout-component layout-normal\" data-fullscreen- data-track-element-type=\"Article image fullscreen\" data-track-name=\"ImageFullscreen\" decoding=\"async\" loading=\"lazy\" height=\"5301\" itemprop=\"image\"  src=\"https:\/\/www.europesays.com\/no\/wp-content\/uploads\/2026\/08\/89689625-94d6-3aef-9010-c6c74f2a31d0.jpeg\"  style=\"object-position:0% 0%\" width=\"7947\"\/>Foto: Annemor Larsen \/ VG<\/p>\n<p class=\"_paragraph_145nj_4 _paragraph_6fko5_10 layout-component text-serif-m layout-normal text-serif-m layout-padded\"><strong class=\"_strong_145nj_25\">H\u00f8ytst\u00e5ende gjester fra hele verden er ventet \u00e5 delta.<\/strong><\/p>\n<p class=\"_paragraph_145nj_4 _paragraph_6fko5_10 layout-component text-serif-m layout-normal text-serif-m layout-padded\">Den er n\u00f8ye planlagt, men f\u00e5 av detaljene er forel\u00f8pig offentliggjort.<\/p>\n<p class=\"_paragraph_145nj_4 _paragraph_6fko5_10 layout-component text-serif-m layout-normal text-serif-m layout-padded\">Det vi vet er at den trolig vil f\u00f8lge tradisjonene fra gravferdene til\u00a0<a href=\"https:\/\/www.vg.no\/tag\/kong-harald?utm_source=vg-article&amp;utm_medium=auto-tagger&amp;utm_campaign=8pvnRd\" class=\"_link_145nj_39\" rel=\"nofollow noopener\" target=\"_blank\">kong Haralds<\/a>\u00a0far kong Olav V og hans farfar kong Haakon VII.<\/p>\n<p class=\"_paragraph_145nj_4 _paragraph_6fko5_10 layout-component text-serif-m layout-normal text-serif-m layout-padded\"><strong class=\"_strong_145nj_25\">Slottskapellet \u00e5pner tirsdag 1. september klokken 14 for publikum som \u00f8nsker \u00e5 ta et siste farvel med Kong Harald.<\/strong><\/p>\n<p class=\"_paragraph_145nj_4 _paragraph_6fko5_10 layout-component text-serif-m layout-normal text-serif-m layout-padded\">Det vil v\u00e6re mulig \u00e5 g\u00e5 forbi b\u00e5ren fram til klokken 18 dagen f\u00f8r gravferden.<\/p>\n","protected":false},"excerpt":{"rendered":"Det opplyser det danske kongehuset. Foto: Ole Berg-Rusten \/ NTB Oppdatert s\u00f8ndag 30. august kl. 19:24 Kong Haralds&hellip;\n","protected":false},"author":2,"featured_media":338298,"comment_status":"","ping_status":"","sticky":false,"template":"","format":"standard","meta":{"footnotes":"","_share_on_mastodon":"0"},"categories":[12],"tags":[20,21,2651,24,25,15,26105,22,23,13,30,28,29,14,10248,16,26,27,42,43,44,45],"class_list":["post-338297","post","type-post","status-publish","format-standard","has-post-thumbnail","category-verden","tag-breaking-news","tag-breakingnews","tag-dronning","tag-featured-news","tag-featurednews","tag-headlines","tag-kong-harald-5","tag-latest-news","tag-latestnews","tag-news","tag-no","tag-norge","tag-norway","tag-nyheter","tag-oslo-domkirke","tag-overskrifter","tag-top-stories","tag-topstories","tag-verden","tag-world","tag-world-news","tag-worldnews"],"share_on_mastodon":{"url":"https:\/\/pubeurope.com\/@no\/117185659157716936","error":""},"_links":{"self":[{"href":"https:\/\/www.europesays.com\/no\/wp-json\/wp\/v2\/posts\/338297","targetHints":{"allow":["GET"]}}],"collection":[{"href":"https:\/\/www.europesays.com\/no\/wp-json\/wp\/v2\/posts"}],"about":[{"href":"https:\/\/www.europesays.com\/no\/wp-json\/wp\/v2\/types\/post"}],"author":[{"embeddable":true,"href":"https:\/\/www.europesays.com\/no\/wp-json\/wp\/v2\/users\/2"}],"replies":[{"embeddable":true,"href":"https:\/\/www.europesays.com\/no\/wp-json\/wp\/v2\/comments?post=338297"}],"version-history":[{"count":0,"href":"https:\/\/www.europesays.com\/no\/wp-json\/wp\/v2\/posts\/338297\/revisions"}],"wp:featuredmedia":[{"embeddable":true,"href":"https:\/\/www.europesays.com\/no\/wp-json\/wp\/v2\/media\/338298"}],"wp:attachment":[{"href":"https:\/\/www.europesays.com\/no\/wp-json\/wp\/v2\/media?parent=338297"}],"wp:term":[{"taxonomy":"category","embeddable":true,"href":"https:\/\/www.europesays.com\/no\/wp-json\/wp\/v2\/categories?post=338297"},{"taxonomy":"post_tag","embeddable":true,"href":"https:\/\/www.europesays.com\/no\/wp-json\/wp\/v2\/tags?post=338297"}],"curies":[{"name":"wp","href":"https:\/\/api.w.org\/{rel}","templated":true}]}}