{"id":338299,"date":"2026-08-30T17:33:14","date_gmt":"2026-08-30T17:33:14","guid":{"rendered":"https:\/\/www.europesays.com\/no\/338299\/"},"modified":"2026-08-30T17:33:14","modified_gmt":"2026-08-30T17:33:14","slug":"veitrafikksentralen-bomlafjordtunnelen-bomlafjordtunnelen-er-apen-igjen","status":"publish","type":"post","link":"https:\/\/www.europesays.com\/no\/338299\/","title":{"rendered":"Veitrafikksentralen, B\u00f8mlafjordtunnelen | B\u00f8mlafjordtunnelen er \u00e5pen igjen"},"content":{"rendered":"\n<p><b>SISTE: Tunnelen er igjen \u00e5pen for trafikk<\/b><\/p>\n<p>B\u00f8mlafjordtunnelen ble like f\u00f8r klokken 17.30 s\u00f8ndag stengt grunnet r\u00f8ykutvikling fra et kj\u00f8ret\u00f8y.\u00a0<\/p>\n<p><b>\u2013 Bilen st\u00e5r i en havarilomme p\u00e5 vei opp mot Stord-siden. Fra det vi kan se var det ikke snakk om mye r\u00f8yk, forteller trafikkoperat\u00f8r ved Vegtrafikksentralen Monica \u00d8kseng\u00e5rd.<\/b><\/p>\n<p>Hun forteller videre til Haugesunds Avis at politiet akkurat skal ha ankommet stedet.\u00a0<\/p>\n<p>\u00d8kseng\u00e5rd kunne p\u00e5 dette tidspunktet ikke gi noe estimat for n\u00e5r tunnelen ville \u00e5pne igjen.<\/p>\n<p>Klokken 17.40 opplyste operasjonsleder i S\u00f8r-Vest politidistrikt, H\u00e5kon Lokna, f\u00f8lgende:<\/p>\n<p><b>\u2013 Politi og brannvesen er ved B\u00f8mlafjordtunnelen i forbindelse med bilstans, varmgang i motor. Bilberger er varslet og tunnelen er forel\u00f8pig stengt.<\/b><\/p>\n<p>Like f\u00f8r klokken 18 bekrefter operasjonsleder Lokna at tunnelen igjen er \u00e5pen.<\/p>\n<p><b>\u2013 N\u00f8detatene har avsluttet p\u00e5 stedet, tunnelen er \u00e5pnet med redusert fremkommelighet i p\u00e5vente av bilberging.<\/b><\/p>\n<p>Saken oppdateres.<\/p>\n","protected":false},"excerpt":{"rendered":"SISTE: Tunnelen er igjen \u00e5pen for trafikk B\u00f8mlafjordtunnelen ble like f\u00f8r klokken 17.30 s\u00f8ndag stengt grunnet r\u00f8ykutvikling fra&hellip;\n","protected":false},"author":2,"featured_media":338300,"comment_status":"","ping_status":"","sticky":false,"template":"","format":"standard","meta":{"footnotes":"","_share_on_mastodon":"0"},"categories":[10],"tags":[36,25389,20,21,15463,24,25,15,22,23,13,30,28,29,14,16,1510,2160,26,27,26132],"class_list":["post-338299","post","type-post","status-publish","format-standard","has-post-thumbnail","category-norge","tag-art","tag-bomlafjordtunnelen","tag-breaking-news","tag-breakingnews","tag-e-39","tag-featured-news","tag-featurednews","tag-headlines","tag-latest-news","tag-latestnews","tag-news","tag-no","tag-norge","tag-norway","tag-nyheter","tag-overskrifter","tag-story","tag-sveio","tag-top-stories","tag-topstories","tag-veitrafikksentralen"],"share_on_mastodon":{"url":"https:\/\/pubeurope.com\/@no\/117185662633740112","error":""},"_links":{"self":[{"href":"https:\/\/www.europesays.com\/no\/wp-json\/wp\/v2\/posts\/338299","targetHints":{"allow":["GET"]}}],"collection":[{"href":"https:\/\/www.europesays.com\/no\/wp-json\/wp\/v2\/posts"}],"about":[{"href":"https:\/\/www.europesays.com\/no\/wp-json\/wp\/v2\/types\/post"}],"author":[{"embeddable":true,"href":"https:\/\/www.europesays.com\/no\/wp-json\/wp\/v2\/users\/2"}],"replies":[{"embeddable":true,"href":"https:\/\/www.europesays.com\/no\/wp-json\/wp\/v2\/comments?post=338299"}],"version-history":[{"count":0,"href":"https:\/\/www.europesays.com\/no\/wp-json\/wp\/v2\/posts\/338299\/revisions"}],"wp:featuredmedia":[{"embeddable":true,"href":"https:\/\/www.europesays.com\/no\/wp-json\/wp\/v2\/media\/338300"}],"wp:attachment":[{"href":"https:\/\/www.europesays.com\/no\/wp-json\/wp\/v2\/media?parent=338299"}],"wp:term":[{"taxonomy":"category","embeddable":true,"href":"https:\/\/www.europesays.com\/no\/wp-json\/wp\/v2\/categories?post=338299"},{"taxonomy":"post_tag","embeddable":true,"href":"https:\/\/www.europesays.com\/no\/wp-json\/wp\/v2\/tags?post=338299"}],"curies":[{"name":"wp","href":"https:\/\/api.w.org\/{rel}","templated":true}]}}