{"id":338325,"date":"2026-08-30T18:03:16","date_gmt":"2026-08-30T18:03:16","guid":{"rendered":"https:\/\/www.europesays.com\/no\/338325\/"},"modified":"2026-08-30T18:03:16","modified_gmt":"2026-08-30T18:03:16","slug":"kong-harald-rindal-kong-harald-manglet-bare-rindal-og-tre-andre-kommuner-ekspertene-haper-sonja-eller-haakon-fullforer","status":"publish","type":"post","link":"https:\/\/www.europesays.com\/no\/338325\/","title":{"rendered":"Kong Harald, Rindal | Kong Harald manglet bare Rindal og tre andre kommuner \u2013 ekspertene h\u00e5per Sonja eller Haakon fullf\u00f8rer"},"content":{"rendered":"\n<p>Fredag morgen kom nyheten om at kong Harald hadde <a href=\"https:\/\/www.tk.no\/et-samlet-land-i-sorg-folk-tenner-lys-og-sender-hilsener-les-de-her\/s\/80-51-7725\" rel=\"Follow nofollow noopener\" target=\"_blank\">sovnet stille inn<\/a> etter en periode med sykdom.\u00a0<\/p>\n<p>Tidligere i sommer ble et bes\u00f8k til Rindal p\u00e5 Nordm\u00f8re og til H\u00f8ylandet i Tr\u00f8ndelag i begynnelsen av september kunngjort. Samme dag som kong Harald ble innlagt p\u00e5 Rikshospitalet, 17. august, hadde Kongehuset kunngjort at kongeparet skulle reise til Siljan og Nissedal i Telemark i oktober. De to turene ville s\u00f8rget for at kongeparet kunne krysse av alle landets kommuner som offisielt bes\u00f8kt. I forbindelse med kongens bortgang ble bes\u00f8kene og <a href=\"https:\/\/www.tk.no\/dronningbesoket-det-er-kongen-som-star-i-fokus-na\/s\/80-51-6870\" rel=\"Follow nofollow noopener\" target=\"_blank\">alt offisielt program avlyst<\/a>.<\/p>\n<p>Kongehusekspert Trond Nor\u00e9n Isaksen p\u00e5peker at det p\u00e5 kongeparets kommuneliste er medregnet bes\u00f8k tilbake til 1958, fra \u00e5ret Harald ble myndig, og f\u00f8r han hadde truffet Sonja.<\/p>\n<p>\u2013 I og med at de telte fra et tidspunkt da han enn\u00e5 var alene, b\u00f8r man vel kunne fortsette n\u00e5r hun er alene, sier han til NTB.<\/p>\n<p>\u2013 Derfor h\u00e5per jeg at <a href=\"https:\/\/www.tk.no\/nyheter\/dronning-sonjas-nye-liv-eksperter-slar-tilbake-mot-ryktene\/s\/80-95-38849\" rel=\"Follow nofollow noopener\" target=\"_blank\">dronning Sonja<\/a>, n\u00e5r s\u00f8rgeperioden er over, reiser til Rindal, H\u00f8ylandet, Siljan og Nissedal. Jeg er sikker p\u00e5 at hun kommer til \u00e5 bli tatt imot med \u00e5pne armer, sier Nor\u00e9n Isaksen.<\/p>\n<p>            Kong Haralds bes\u00f8k p\u00e5 Nordm\u00f8re<\/p>\n<li><b>4. august 1963 \u2013 Grip:<\/b> Hans aller f\u00f8rste bes\u00f8k til regionen. Kronprins Harald reiste sammen med sin far, Kong Olav, til det som den gang var Norges minste kommune.<\/li>\n<li><b>6.\u20137. mai 1969 \u2013 Sunndal:<\/b> Kronprins Harald bes\u00f8kte Sunndals\u00f8ra for \u00e5 foreta den offisielle \u00e5pningen av \u00c5rdal og Sunndal Verk (ASV) sitt nye, store aluminiumsanlegg (SU III).<\/li>\n<li><b>30. juni 1970 \u2013 Kristiansund:<\/b> Kronprins Harald foretok den offisielle \u00e5pningen av Kristiansund lufthavn.<\/li>\n<li><b>8. januar 1992 \u2013 Kristiansund, Aver\u00f8y, Eide:<\/b> I gummist\u00f8vler og boblejakke reiste kong Harald rundt i omr\u00e5dene som ble hardest rammet av Nytt\u00e5rsorkanen. <\/li>\n<li><b>29. juni 1992 \u2013 Kristiansund:<\/b> Kongeparet deltok under feiringen av Kristiansunds 250-\u00e5rsjubileum.<\/li>\n<li><b>15. oktober 1992 \u2013 Kristiansund:<\/b> Kong Harald og Dronning Sonja tok med det danske regentparet, Dronning Margrethe II og Prins Henrik, til byen som en del av det offisielle statsbes\u00f8ket fra Danmark.<\/li>\n<li><b>5. september 2002 \u2013 Sm\u00f8la:<\/b> Kong Harald sto for den offisielle \u00e5pningen av f\u00f8rste byggetrinn av Sm\u00f8la vindpark.<\/li>\n<li><b>16. september 2002 \u2013 Aver\u00f8y:<\/b> Kongen reiste til R\u00f8eggen p\u00e5 Aver\u00f8y for \u00e5 avduke Irma-monumentet \u00abStille rom\u00bb, til minne om det tragiske krigsforliset i 1944.<\/li>\n<li><b>12. juni 2003 \u2013 Eide:<\/b> Kongeparet avsluttet en fylkesreise i M\u00f8re og Romsdal med et offisielt bes\u00f8k i Eide. <\/li>\n<li><b>20. juni 2006 \u2013 Kristiansund:<\/b> En samlet kongefamilie kom med Kongeskipet i anledning Kroningsjubileet. Kongen \u00e5pnet Storkaia og Arnulf \u00d8verlands gate.<\/li>\n<li><b>21. mai 2014 \u2013 Aure, Tingvoll:<\/b> F\u00f8rste dag av den store fylkesturen p\u00e5 Nordm\u00f8re, med stopp i Aure og Tingvoll. <\/li>\n<li><b>22. mai 2014 \u2013 Gjemnes, Surnadal, Halsa:<\/b> Andre dag av fylkesturen, med stopp i Gjemnes, i Surnadal, i Halsa.<\/li>\n<p>  Mener kong Haakon kan fullf\u00f8re<\/p>\n<p>Kongehusekspert Ole-J\u00f8rgen Schulsrud-Hansen mener det kan v\u00e6re en symbolsk kontinuitet dersom kong Haakon \u2013 som sine f\u00f8rste offsielle bes\u00f8k \u2013 reiser til nettopp de fire kommunene kong Harald ikke fikk bes\u00f8kt.<\/p>\n<p>\u2013 Det vil vise bruddet i at vi har f\u00e5tt en ny konge, men at kongen som symbol fortsatt er det samme. Det vil kunne bli en veldig fin overgang til den nye kongegjerningen \u2013 at kong Haakon fullf\u00f8rer det kong Harald begynte, sier han til NTB.<\/p>\n<p>Han p\u00e5peker samtidig at \u00abkommunejakten\u00bb ble opphausset i pressen:<\/p>\n<p>\u2013 Kongen har sagt at \u00abkommunene er dere i pressen som er opptatt av, ikke jeg. Jeg vil bare ut og bes\u00f8ke\u00bb. Antallet var det vi som hang oss opp i. Og det viser jo litt hvorfor han reiste \u00f3g.<\/p>\n<p>\u2013 Det var ikke et avkrysningsprosjekt, men p\u00e5 et vis mer som en livslang signingsreise gjennom hele landet, sier Schulsrud-Hansen.<\/p>\n<p>\u2013 Ul\u00f8selig del av hans etterm\u00e6le<\/p>\n<p>Aftenpostens kommentator Harald Stanghelle mener kong Haralds omfattende reisevirksomhet blir en ul\u00f8selig del av hans etterm\u00e6le.<\/p>\n<p>\u2013 Reisene p\u00e5 kryss og tvers, nord, syd, \u00f8st og vest \u2013 husk p\u00e5 at han har reist landet rundt ti\u00e5r etter ti\u00e5r, sier han til NTB.<\/p>\n<p>Stanghelle fikk selv v\u00e6re med om bord i kongeskipet p\u00e5 fylkestur i 2019 i forbindelse med samtaleboken han skrev om kongen. Da fikk han se p\u00e5 n\u00e6rt hold hvor mye disse bes\u00f8kene betydde for kongeparet.<\/p>\n<p>\u2013 Det var s\u00e5 \u00e5penbart at de hadde stor glede av det. Og det var akkurat som om lokalsamfunnene rettet ryggen ved kongelig bes\u00f8k. De ble stimulert til \u00e5 hente frem det s\u00e6rpreget de var mest stolt av. Det var som om de s\u00e5 seg selv gjennom kongens blikk, sier Stanghelle.<\/p>\n<p>Kong Harald systematiserte reisene<\/p>\n<p>Selv om det \u00e5 reise rundt i sitt eget land alltid har v\u00e6rt en viktig del av kongsgjerningen, endret dette seg under kong Harald, forklarer Stanghelle.<\/p>\n<p>\u2013 Han og dronning Sonja begynte \u00e5 gj\u00f8re det mye mer systematisk, og det gjorde at de ogs\u00e5 rakk over veldig, veldig mye.<\/p>\n<p>Han p\u00e5peker at det ved forrige tronskifte faktisk var snakk om \u00e5 droppe de faste fylkesturene.<\/p>\n<p>\u2013 Da sa kong Harald at det siste som skal endres p\u00e5, er fylkesturene. S\u00e5pass viktig var de for ham og dronningen.<\/p>\n<p>\u2013 Han har v\u00e6rt her<\/p>\n<p>Statsminister Jonas Gahr St\u00f8re (Ap) sier kongens reiser har v\u00e6rt viktig for \u00e5 binde v\u00e5rt langstrakte land sammen:<\/p>\n<p>\u2013 Nesten uansett hvor du reiser, s\u00e5 vil folk si at \u00abhan har v\u00e6rt her, han s\u00e5 oss\u00bb. Jeg tror han m\u00f8tte det samme n\u00e6rv\u00e6ret b\u00e5de i store byer og sm\u00e5 kommuner, sier St\u00f8re til NTB.<\/p>\n<p>\u2013 P\u00e5 den m\u00e5ten bandt han jo landet v\u00e5rt sammen. Og det \u00e5 v\u00e6re i alle deler av Norge er jo noe annet enn \u00e5 v\u00e6re i alle deler av andre land, fordi v\u00e5rt land er langt, vi har mye v\u00e6r, og vi har ganske ulike hverdager. Og da ble han et slags bindingsnettverk i det med reisene sine, og jeg vil ogs\u00e5 trekke frem dronningen som reiste ved hans side.<\/p>\n<p>Nor\u00e9n Isaksen trekker frem en liten kuri\u00f8s historie om kongeparets reiser:<\/p>\n<p>\u2013 Jens Stoltenberg sa en gang da han var statsminister at hvis han fortalte kongeparet om et lite sted han hadde bes\u00f8kt, hadde de som regel allerede v\u00e6rt der og dronning Sonja korrigerte gjerne uttalen av stedsnavnet, sier Isaksen.<\/p>\n<p><b>Les ogs\u00e5: <\/b><\/p>\n<p><a class=\"simple-relation related-teaser article--c-eBQpMJ\" href=\"https:\/\/www.tk.no\/reagerer-med-sorg-og-respekt-det-fikset-han-pa-en-aldeles-utmerket-mate\/s\/80-51-7644\" rel=\"nofollow noopener\" target=\"_blank\">Reagerer med sorg og respekt: \u2013 Det fikset han p\u00e5 en aldeles utmerket m\u00e5te<\/a><\/p>\n<p><a class=\"simple-relation related-teaser article--c-eBQpMJ\" href=\"https:\/\/www.tk.no\/minnes-en-raus-konge-han-lo-godt-av-spoken\/s\/80-51-7614\" rel=\"nofollow noopener\" target=\"_blank\">Minnes en raus konge: \u2013 Han lo godt av sp\u00f8ken<\/a><\/p>\n<p><a class=\"simple-relation related-teaser article--c-eBQpMJ\" href=\"https:\/\/www.tk.no\/neergaard-minnes-kong-harald-han-har-vart-sammen-med-oss-nar-vi-har-trengt-ham\/s\/80-51-7557\" rel=\"nofollow noopener\" target=\"_blank\">Neergaard minnes kong Harald: \u2013 Han har v\u00e6rt sammen med oss n\u00e5r vi har trengt ham<\/a><\/p>\n<p><a class=\"brick-c-hOTghF\" href=\"#skip-\">Hopp over karusellen.<\/a><\/p>\n<p data-static=\"\" class=\"brick-c-fgNmNC\" id=\"carousel-title-\">Innholdskarusell med 20 artikler.<\/p>\n<ul data-static=\"\" aria-label=\"Navigasjon for innholdskarusell\" class=\"carousel-nav\">\n<li>\n<\/li>\n<li>\n<\/li>\n<\/ul>\n","protected":false},"excerpt":{"rendered":"Fredag morgen kom nyheten om at kong Harald hadde sovnet stille inn etter en periode med sykdom.\u00a0 Tidligere&hellip;\n","protected":false},"author":2,"featured_media":338326,"comment_status":"","ping_status":"","sticky":false,"template":"","format":"standard","meta":{"footnotes":"","_share_on_mastodon":"0"},"categories":[10],"tags":[36,20,21,1560,24,25,15,2590,22,23,13,30,28,29,14,16,3802,1510,26,27],"class_list":["post-338325","post","type-post","status-publish","format-standard","has-post-thumbnail","category-norge","tag-art","tag-breaking-news","tag-breakingnews","tag-dronning-sonja","tag-featured-news","tag-featurednews","tag-headlines","tag-kong-harald","tag-latest-news","tag-latestnews","tag-news","tag-no","tag-norge","tag-norway","tag-nyheter","tag-overskrifter","tag-rindal","tag-story","tag-top-stories","tag-topstories"],"share_on_mastodon":{"url":"https:\/\/pubeurope.com\/@no\/117185780578571386","error":""},"_links":{"self":[{"href":"https:\/\/www.europesays.com\/no\/wp-json\/wp\/v2\/posts\/338325","targetHints":{"allow":["GET"]}}],"collection":[{"href":"https:\/\/www.europesays.com\/no\/wp-json\/wp\/v2\/posts"}],"about":[{"href":"https:\/\/www.europesays.com\/no\/wp-json\/wp\/v2\/types\/post"}],"author":[{"embeddable":true,"href":"https:\/\/www.europesays.com\/no\/wp-json\/wp\/v2\/users\/2"}],"replies":[{"embeddable":true,"href":"https:\/\/www.europesays.com\/no\/wp-json\/wp\/v2\/comments?post=338325"}],"version-history":[{"count":0,"href":"https:\/\/www.europesays.com\/no\/wp-json\/wp\/v2\/posts\/338325\/revisions"}],"wp:featuredmedia":[{"embeddable":true,"href":"https:\/\/www.europesays.com\/no\/wp-json\/wp\/v2\/media\/338326"}],"wp:attachment":[{"href":"https:\/\/www.europesays.com\/no\/wp-json\/wp\/v2\/media?parent=338325"}],"wp:term":[{"taxonomy":"category","embeddable":true,"href":"https:\/\/www.europesays.com\/no\/wp-json\/wp\/v2\/categories?post=338325"},{"taxonomy":"post_tag","embeddable":true,"href":"https:\/\/www.europesays.com\/no\/wp-json\/wp\/v2\/tags?post=338325"}],"curies":[{"name":"wp","href":"https:\/\/api.w.org\/{rel}","templated":true}]}}