{"id":338333,"date":"2026-08-30T18:12:21","date_gmt":"2026-08-30T18:12:21","guid":{"rendered":"https:\/\/www.europesays.com\/no\/338333\/"},"modified":"2026-08-30T18:12:21","modified_gmt":"2026-08-30T18:12:21","slug":"slukket-brann-i-blomsterhavet-prisverdig","status":"publish","type":"post","link":"https:\/\/www.europesays.com\/no\/338333\/","title":{"rendered":"Slukket brann i blomsterhavet: &#8211; Prisverdig"},"content":{"rendered":"<p class=\"subtitle t30\" style=\"\">En kvinne grep inn da blomsterhavet tok fyr. Hverdagshelten hylles av b\u00e5de publikum og politiet.<\/p>\n<p>\n    TOK FYR: S\u00f8ndag tok det fyr i blomsterhavet p\u00e5 Slottsplassen. Foto: Sissel Bj\u00f8rge\n  <\/p>\n<p>Tusenvis har de siste dagene tatt turen til Slottsplassen for \u00e5 legge ned blomster, lys og tegninger, og minnes Kong Harald.<\/p>\n<p>Blant dem er Sissel Bj\u00f8rge, som s\u00f8ndag var p\u00e5 Slottsplassen sammen med niesene Victoria og Elise.\u00a0\u00a0<\/p>\n<p>Plutselig s\u00e5 de r\u00f8yk stige opp fra blomsterhavet.<\/p>\n<p>&#8211; Det begynte \u00e5 ryke veldig, og man blir jo litt bekymret fordi det ligger s\u00e5 mye blomster og tegninger tett p\u00e5, sier hun til Dagbladet.<\/p>\n<p>Bj\u00f8rge forteller at folkemengden f\u00f8rst sto litt r\u00e5dville og s\u00e5 p\u00e5, f\u00f8r en kvinne raskt steg fram og fikk slukket brannen med en vannflaske.<\/p>\n<p>        <img loading=\"lazy\" decoding=\"async\" src=\"https:\/\/www.europesays.com\/no\/wp-content\/uploads\/2026\/08\/85085576.webp\" width=\"667\" height=\"381\" alt=\"\" class=\"\" style=\"--aspect-ratio-image: 1.75; \"\/><\/p>\n<p>\n        BLOMSTERHAV: Blomster, flagg og personlige hilsener pryder Slottsplassen til minne om Kong Harald. Foto: Hans Arne Vedlog \/ Dagbladet\n    <\/p>\n<p>Bj\u00f8rge vet ikke hvem kvinnen er, men beskriver henne som en hverdagshelt.<\/p>\n<p>&#8211; Hun fikk god applaus fra alle rundt, forteller hun.<\/p>\n<p>&#8211; Prisverdig<\/p>\n<p><a href=\"https:\/\/www.ao.no\/her-stopper-garden-og-politiet-ulmebrann-i-blomsterhavet-noe-vi-er-obs-pa\/s\/30-128-21248\" rel=\"nofollow noopener\" target=\"_blank\">Avisa Oslo<\/a> skriver at det ogs\u00e5 skal ha oppst\u00e5tt en annen liten brann i blomsterhavet s\u00f8ndag.<\/p>\n<p>If\u00f8lge avisa varslet vitner p\u00e5 stedet politiet, som raskt kom til med vannflasker og fikk slukket brannen.<\/p>\n<p>        Stortingspresident Masud Gharahkhani forteller om det sterke m\u00f8tet han hadde med Norges nye konge. Reporter: Omar Bouignane. Video: Sanne Holt. <\/p>\n<p>Politiets innsatsleder p\u00e5 stedet, Tomm Berger, forteller til Dagbladet at han er kjent med de sm\u00e5 brannene.\u00a0<\/p>\n<p>&#8211; N\u00e5r man tenner lys s\u00e5 tett p\u00e5 blomster, tegninger og flagg er det potensiale for at det kan ta fyr, sier han.\u00a0<\/p>\n<p>B\u00e5de politibetjenter og gardister er p\u00e5 stedet for \u00e5 f\u00f8lge med p\u00e5 situasjonen og passe p\u00e5.<\/p>\n<p>        <img loading=\"lazy\" decoding=\"async\" src=\"https:\/\/www.europesays.com\/no\/wp-content\/uploads\/2026\/08\/85085602.webp\" width=\"688\" height=\"393\" alt=\"\" class=\"\" style=\"--aspect-ratio-image: 1.75; \"\/><\/p>\n<p>\n        PERSONLIG HILSEN: Slottsplassen er full av tegninger og personlige hilsener til Kong Harald. Foto: Lars Eivind Bones \/ Dagbladet\n    <\/p>\n<p>&#8211; Folk er generelt veldig flinke, men det kan oppst\u00e5 uhell, sier Berger.<\/p>\n<p class=\"italic m-italic\" data-lab-italic=\"italic\">&#8211; Hva tenker du om denne hverdagshelten som slukket brannen?<\/p>\n<p>&#8211; Det at folk tar slikt initiativ, uten \u00e5 sette seg selv i fare, er prisverdig.<\/p>\n<p>&#8211; V\u00e6r bevisste<\/p>\n<p>Tim Angell, vaktleder ved 110-sentralen i Oslo, forteller at de ikke har f\u00e5tt melding om de konkrete hendelsene.\u00a0<\/p>\n<p>Han har likevel en sterk oppfordring til de som setter ned lys p\u00e5 Slottsplassen.\u00a0<\/p>\n<p>    <a itemprop=\"url\" href=\"https:\/\/www.dagbladet.no\/nyheter\/tusenvis-strommer-til-slottsplassen\/85084459\" rel=\"nofollow noopener\" target=\"_blank\"><\/p>\n<p>        <img loading=\"lazy\" decoding=\"async\" src=\"https:\/\/www.europesays.com\/no\/wp-content\/uploads\/2026\/08\/85084506.webp\" width=\"147\" height=\"98\" alt=\"\" class=\"lazyload\" style=\"--aspect-ratio-image: 1.50; \"\/><\/p>\n<p>        Tusenvis str\u00f8mmer til Slottsplassen<\/p>\n<p>    <\/a><\/p>\n<p>&#8211; Papir og blomster brenner lett hvis det er t\u00f8rt, s\u00e5 det er fint hvis folk er bevisste og ikke plasserer lysene tett p\u00e5 blomster, tegninger og flagg, sier han og fortsetter:<\/p>\n<p>&#8211; Da kan vi unng\u00e5 \u00e5 \u00f8delegge alle tingene som er lagt ned p\u00e5 Slottsplassen.<\/p>\n","protected":false},"excerpt":{"rendered":"En kvinne grep inn da blomsterhavet tok fyr. Hverdagshelten hylles av b\u00e5de publikum og politiet. TOK FYR: S\u00f8ndag&hellip;\n","protected":false},"author":2,"featured_media":338334,"comment_status":"","ping_status":"","sticky":false,"template":"","format":"standard","meta":{"footnotes":"","_share_on_mastodon":"0"},"categories":[5],"tags":[20,21,24,25,15,19,2539,26069,22,23,17,18,13,30,28,29,14,16,26,27],"class_list":["post-338333","post","type-post","status-publish","format-standard","has-post-thumbnail","category-overskrifter","tag-breaking-news","tag-breakingnews","tag-featured-news","tag-featurednews","tag-headlines","tag-hovedoppslag","tag-innenriks","tag-kong-harald-dod","tag-latest-news","tag-latestnews","tag-main-news","tag-mainnews","tag-news","tag-no","tag-norge","tag-norway","tag-nyheter","tag-overskrifter","tag-top-stories","tag-topstories"],"share_on_mastodon":{"url":"https:\/\/pubeurope.com\/@no\/117185816507155823","error":""},"_links":{"self":[{"href":"https:\/\/www.europesays.com\/no\/wp-json\/wp\/v2\/posts\/338333","targetHints":{"allow":["GET"]}}],"collection":[{"href":"https:\/\/www.europesays.com\/no\/wp-json\/wp\/v2\/posts"}],"about":[{"href":"https:\/\/www.europesays.com\/no\/wp-json\/wp\/v2\/types\/post"}],"author":[{"embeddable":true,"href":"https:\/\/www.europesays.com\/no\/wp-json\/wp\/v2\/users\/2"}],"replies":[{"embeddable":true,"href":"https:\/\/www.europesays.com\/no\/wp-json\/wp\/v2\/comments?post=338333"}],"version-history":[{"count":0,"href":"https:\/\/www.europesays.com\/no\/wp-json\/wp\/v2\/posts\/338333\/revisions"}],"wp:featuredmedia":[{"embeddable":true,"href":"https:\/\/www.europesays.com\/no\/wp-json\/wp\/v2\/media\/338334"}],"wp:attachment":[{"href":"https:\/\/www.europesays.com\/no\/wp-json\/wp\/v2\/media?parent=338333"}],"wp:term":[{"taxonomy":"category","embeddable":true,"href":"https:\/\/www.europesays.com\/no\/wp-json\/wp\/v2\/categories?post=338333"},{"taxonomy":"post_tag","embeddable":true,"href":"https:\/\/www.europesays.com\/no\/wp-json\/wp\/v2\/tags?post=338333"}],"curies":[{"name":"wp","href":"https:\/\/api.w.org\/{rel}","templated":true}]}}