{"id":338343,"date":"2026-08-30T18:26:51","date_gmt":"2026-08-30T18:26:51","guid":{"rendered":"https:\/\/www.europesays.com\/no\/338343\/"},"modified":"2026-08-30T18:26:51","modified_gmt":"2026-08-30T18:26:51","slug":"kong-harald-asker-kirke-fikk-ikke-plass-i-kong-haralds-sorgegudstjeneste-2","status":"publish","type":"post","link":"https:\/\/www.europesays.com\/no\/338343\/","title":{"rendered":"Kong Harald, Asker kirke | Fikk ikke plass i Kong Haralds s\u00f8rgegudstjeneste"},"content":{"rendered":"<p> (<a href=\"https:\/\/www.nettavisen.no\" rel=\"nofollow noopener\" target=\"_blank\">Nettavisen<\/a>) <\/p>\n<p>(<a rel=\"Follow nofollow noopener\" href=\"https:\/\/www.budstikka.no\/det-var-egentlig-som-forventet-at-asker-folk-ville-stille-opp\/s\/5-55-2355220\" target=\"_blank\">Budstikka<\/a>): Ekteparet Astrid Befring Hovda og Alv Jon Hovda fra Risenga kom til Asker kirke i 10-tiden s\u00f8ndag.\u00a0<\/p>\n<p>F\u00f8r de kom frem, h\u00e5pet de \u00e5 komme p\u00e5 innsiden av Asker kirke for \u00e5 overv\u00e6re s\u00f8rgegudstjenesten med kongefamilien til stede.\u00a0<\/p>\n<p>Men med hundrevis av mennesker i lang k\u00f8, ble ikke ekteparet fra Risenga blant de rundt 400 som fikk plass.\u00a0<\/p>\n<p>\u2013 Allerede da vi kom litt over klokken 10 var det lang k\u00f8. Vi skj\u00f8nte allerede da at vi ikke kom til \u00e5 f\u00e5 plass, sier Astrid Befring Hovda.\u00a0<\/p>\n<p>   <img decoding=\"async\" width=\"5184\" height=\"3456\" fetchpriority=\"low\"  loading=\"lazy\"  src=\"https:\/\/www.europesays.com\/no\/wp-content\/uploads\/2026\/08\/1788114408_189__75J4422.jpg\" alt=\"\" class=\"brick-c-cFOWSL\" style=\"--brick-image-ratio: 5184 \/ 3456;\"\/><\/p>\n<p>      K\u00f8en utenfor Asker kirke var lang s\u00f8ndag formiddag.<br \/>\n      Foto: KNUT BJERKE\n    <\/p>\n<p>  Deres fjerde konge<\/p>\n<p>Hun ansl\u00e5r at det var over 1000 mennesker som hadde samlet seg utenfor kirken og nedover Kirkeveien.\u00a0<\/p>\n<p>\u2013 Vi ville komme for \u00e5 hedre kongen. Vi har begge opplevd kong Haakon VII, s\u00e5 dette er den fjerde kongen v\u00e5r. Kong Haakon VIII har vi stor tro p\u00e5, mener ekteparet.\u00a0<\/p>\n<p>    Vil du se neste video?<\/p>\n<p>    <a href=\"https:\/\/www.tk.no\/tett-pa-gaupa\/v\/80-51-5194\" class=\"recommend-poster\" data-adp-clicklabel=\"video-recommend\" data-adp-clickvalue=\"poster\" rel=\"nofollow noopener\" target=\"_blank\"><br \/>\n      <img decoding=\"async\" width=\"200\" height=\"200\" loading=\"lazy\" src=\"https:\/\/www.europesays.com\/no\/wp-content\/uploads\/2026\/08\/v-i-f645f709-905b-4084-9d4f-d523f8d31c35-1_2.jpg\" alt=\"\" class=\"brick-c-cFOWSL\" style=\"--brick-image-ratio: 200 \/ 200;\"\/><\/p>\n<p>Tett p\u00e5 gaupa0:47<\/p>\n<p>    <\/a><\/p>\n<p>        Prost \u00d8yvind Stabrun forteller om s\u00f8rgegudstjenesten i Asker kirke.<\/p>\n<p>De peker p\u00e5 at de synes det er fint \u00e5 vise sin st\u00f8tte til den nye kongen og dronningen, samt dronning Sonja.\u00a0<\/p>\n<p>\u2013 Jeg tenker ogs\u00e5 p\u00e5 prinsesse Astrid, som jo var f\u00f8rstedame i mange \u00e5r. Hun synes jeg ogs\u00e5 er en veldig fin person, sier Astrid Befring Hovda.<\/p>\n<p><b>Les ogs\u00e5: <a class=\"simple-relation related-teaser article--c-eBQpMJ\" href=\"https:\/\/www.tk.no\/nyheter\/store-med-beskjed-om-kongens-begravelse\/s\/80-95-41519\" rel=\"nofollow noopener\" target=\"_blank\">St\u00f8re med beskjed om kongens begravelse<\/a><\/b><\/p>\n<p>Venter utenfor<\/p>\n<p>Siden de ikke fikk oppleve s\u00f8rgegudstjenesten fra innsiden, velger de \u00e5 bli v\u00e6rende utenfor kirken.\u00a0<\/p>\n<p>\u2013 Det er et utrolig oppm\u00f8te her, men det er egentlig som forventet at Asker-folk ville stille opp, mener Befring Hovda.\u00a0<\/p>\n<p>    Vil du se neste video?<\/p>\n<p>    <a href=\"https:\/\/www.tk.no\/tett-pa-gaupa\/v\/80-51-5194\" class=\"recommend-poster\" data-adp-clicklabel=\"video-recommend\" data-adp-clickvalue=\"poster\" rel=\"nofollow noopener\" target=\"_blank\"><br \/>\n      <img decoding=\"async\" width=\"200\" height=\"200\" loading=\"lazy\" src=\"https:\/\/www.europesays.com\/no\/wp-content\/uploads\/2026\/08\/v-i-f645f709-905b-4084-9d4f-d523f8d31c35-1_2.jpg\" alt=\"\" class=\"brick-c-cFOWSL\" style=\"--brick-image-ratio: 200 \/ 200;\"\/><\/p>\n<p>Tett p\u00e5 gaupa0:47<\/p>\n<p>    <\/a><\/p>\n<p>        ASKER KIRKE (Nettavisen): Hans Majestet Kong Haakon, Hennes Kongelige H\u00f8yhet Kronprinsesse Ingrid Alexandra, Dronning Sonja og Prins Sverre Magnus har ankommet Asker Kirke.<\/p>\n<p>\u2013 N\u00e5 vil vi vente utenfor her og se at kongefamilien kj\u00f8rer bort igjen, s\u00e5 vil vi bli med p\u00e5 kirkekaffen etterp\u00e5, forteller ekteparet.\u00a0<\/p>\n<p><b>Les ogs\u00e5: <a class=\"simple-relation related-teaser article--c-eBQpMJ\" href=\"https:\/\/www.tk.no\/nyheter\/kongehuseksperter-personlig-konge-som-kommer-til-a-lytte-til-folk\/s\/80-95-41279\" rel=\"nofollow noopener\" target=\"_blank\">Kongehuseksperter: Personlig konge som kommer til \u00e5 lytte til folk<\/a><\/b><\/p>\n<p>Aller f\u00f8rst i k\u00f8en s\u00f8ndag morgen, hadde Vincent Jebsen fra Nes\u00f8ya tatt plass.\u00a0<\/p>\n<p>   <img decoding=\"async\" width=\"5472\" height=\"3072\" fetchpriority=\"low\"  loading=\"lazy\"  src=\"https:\/\/www.europesays.com\/no\/wp-content\/uploads\/2026\/08\/1788114409_611_DI3A8390__1_.jpg\" alt=\"\" class=\"brick-c-cFOWSL\" style=\"--brick-image-ratio: 5472 \/ 3072;\"\/><\/p>\n<p>      Vincent Jebsen var aller f\u00f8rst i k\u00f8en utenfor Asker kirke s\u00f8ndag morgen.<br \/>\n      Foto: MORTEN \u00d8VERBYE\n    <\/p>\n<p>\u2013 Jeg er her for \u00e5 minnes og hedre kong Haralds livsverk. Han var et fantastisk menneske og konge \u2013 et forbilde for alle, favnet og inkluderte alle, sa 82-\u00e5ringen til Budstikka tidligere s\u00f8ndag.<\/p>\n<p>Kongefamilien, bortsett fra dronning Mette-Marit, ankom Asker kirke like f\u00f8r klokken 11, da s\u00f8rgegudstjenesten startet.\u00a0<\/p>\n<p>   <img decoding=\"async\" width=\"5184\" height=\"3456\" fetchpriority=\"low\"  loading=\"lazy\"  src=\"https:\/\/www.europesays.com\/no\/wp-content\/uploads\/2026\/08\/1788114411_55__75J4452.jpg\" alt=\"\" class=\"brick-c-cFOWSL\" style=\"--brick-image-ratio: 5184 \/ 3456;\"\/><\/p>\n<p>      Kong Haakon hilser p\u00e5 sogneprest Ida Buen Hanevold.<br \/>\n      Foto: KNUT BJERKE\n    <\/p>\n","protected":false},"excerpt":{"rendered":"(Nettavisen) (Budstikka): Ekteparet Astrid Befring Hovda og Alv Jon Hovda fra Risenga kom til Asker kirke i 10-tiden&hellip;\n","protected":false},"author":2,"featured_media":338344,"comment_status":"","ping_status":"","sticky":false,"template":"","format":"standard","meta":{"footnotes":"","_share_on_mastodon":"0"},"categories":[10],"tags":[36,12833,20,21,24,25,15,26072,2590,1803,22,23,13,30,28,29,14,16,26133,1510,26,27],"class_list":["post-338343","post","type-post","status-publish","format-standard","has-post-thumbnail","category-norge","tag-art","tag-asker-kirke","tag-breaking-news","tag-breakingnews","tag-featured-news","tag-featurednews","tag-headlines","tag-kong-haakon","tag-kong-harald","tag-kongehuset","tag-latest-news","tag-latestnews","tag-news","tag-no","tag-norge","tag-norway","tag-nyheter","tag-overskrifter","tag-sorgegudstjeneste","tag-story","tag-top-stories","tag-topstories"],"share_on_mastodon":{"url":"https:\/\/pubeurope.com\/@no\/117185875218363723","error":""},"_links":{"self":[{"href":"https:\/\/www.europesays.com\/no\/wp-json\/wp\/v2\/posts\/338343","targetHints":{"allow":["GET"]}}],"collection":[{"href":"https:\/\/www.europesays.com\/no\/wp-json\/wp\/v2\/posts"}],"about":[{"href":"https:\/\/www.europesays.com\/no\/wp-json\/wp\/v2\/types\/post"}],"author":[{"embeddable":true,"href":"https:\/\/www.europesays.com\/no\/wp-json\/wp\/v2\/users\/2"}],"replies":[{"embeddable":true,"href":"https:\/\/www.europesays.com\/no\/wp-json\/wp\/v2\/comments?post=338343"}],"version-history":[{"count":0,"href":"https:\/\/www.europesays.com\/no\/wp-json\/wp\/v2\/posts\/338343\/revisions"}],"wp:featuredmedia":[{"embeddable":true,"href":"https:\/\/www.europesays.com\/no\/wp-json\/wp\/v2\/media\/338344"}],"wp:attachment":[{"href":"https:\/\/www.europesays.com\/no\/wp-json\/wp\/v2\/media?parent=338343"}],"wp:term":[{"taxonomy":"category","embeddable":true,"href":"https:\/\/www.europesays.com\/no\/wp-json\/wp\/v2\/categories?post=338343"},{"taxonomy":"post_tag","embeddable":true,"href":"https:\/\/www.europesays.com\/no\/wp-json\/wp\/v2\/tags?post=338343"}],"curies":[{"name":"wp","href":"https:\/\/api.w.org\/{rel}","templated":true}]}}