{"id":338349,"date":"2026-08-30T18:30:17","date_gmt":"2026-08-30T18:30:17","guid":{"rendered":"https:\/\/www.europesays.com\/no\/338349\/"},"modified":"2026-08-30T18:30:17","modified_gmt":"2026-08-30T18:30:17","slug":"112-000-kroner-i-timen","status":"publish","type":"post","link":"https:\/\/www.europesays.com\/no\/338349\/","title":{"rendered":"112 000 kroner i timen"},"content":{"rendered":"<p class=\"kicker \" style=\"\">Vill prislapp:<\/p>\n<p class=\"subtitle \" style=\"\">Prins Harry og Meghan har forlatt USA etter seks \u00e5r. Turen hjem til Storbritannia ble alt annet enn billig.<\/p>\n<p>\n    TILBAKE I STORBRITANNIA: Prins Harry og hertuginne Meghan, her under et bes\u00f8k p\u00e5 Bondi Beach i Australia 17. april 2026. N\u00e5 har paret og barna forlatt USA og reist til Storbritannia. Foto: Jonathan Brady \/ Pool \/ AP \/ NTB\n  <\/p>\n<p>    Kort fortalt<\/p>\n<p lang=\"nb-NO\">Harry og Meghan landet i Birmingham onsdag.<\/p>\n<p lang=\"nb-NO\">Privatflyet kostet rundt 1,12 millioner kroner.<\/p>\n<p lang=\"nb-NO\">Valget skyldtes blant annet plass til hundene.<\/p>\n<p lang=\"nb-NO\">Familien flytter tilbake, men ikke som arbeidende kongelige.<\/p>\n<p class=\"italic ai-disclaimer\" data-lab-italic=\"italic\">Sammendraget er laget av ChatGPT og godkjent av B\u00f8rsen.<\/p>\n<p>      Vis mer<br \/>\n      Vis mindre<\/p>\n<p>Onsdag landet prins Harry (41), hertuginne Meghan (45) og barna Archie (7) og Lilibet (5) p\u00e5 Birmingham Airport.<\/p>\n<p>Familien hadde da fl\u00f8yet fra California til Storbritannia i et chartret privatfly, melder flere britiske og internasjonale medier.<\/p>\n<p>    <a itemprop=\"url\" href=\"https:\/\/www.dagbladet.no\/kjendis\/har-ankommet\/85064085\" rel=\"nofollow noopener\" target=\"_blank\"><\/p>\n<p>        <img loading=\"lazy\" decoding=\"async\" src=\"https:\/\/www.europesays.com\/no\/wp-content\/uploads\/2026\/08\/1788114613_617_85054646.webp\" width=\"180\" height=\"81\" alt=\"\" class=\"lazyload\" style=\"--aspect-ratio-image: 2.22; \"\/><\/p>\n<p>        Har ankommet<\/p>\n<p>    <\/a><\/p>\n<p>Flydata viser at et privatfly fra Van Nuys i California landet i Birmingham klokka 11.56 lokal tid, if\u00f8lge <a href=\"https:\/\/apnews.com\/article\/1876835913eb08c0b2d82f8e41e0cfe5\" rel=\"nofollow noopener\" target=\"_blank\">AP<\/a>.<\/p>\n<p>Men den rundt ti timer lange reisen hadde en solid prislapp.<\/p>\n<p>        TRUMPS FLY: Kai Trump, barnebarnet til Donald Trump, gir i sin nyeste vlog p\u00e5 Youtube en omvisning i familiens privatfly. Video: @kaitrump \/ Youtube \/ Instagram. Reporter: Simone H. S\u00f8nstr\u00f8d\/Dagbladet TV<\/p>\n<p>Over \u00e9n million\t<\/p>\n<p>If\u00f8lge det amerikanske tabloidnettstedet\u00a0<a href=\"https:\/\/pagesix.com\/2026\/08\/26\/royal-family\/the-staggering-cost-meghan-markle-and-prince-harry-paid-to-fly-on-luxurious-private-jet-to-uk\/\" rel=\"nofollow noopener\" target=\"_blank\">Page Six<\/a> chartret Harry og Meghan et fly gjennom det amerikanske privatflyselskapet Planet 9.<\/p>\n<p class=\"font-weight-normal m-font-weight-normal\" data-lab-font_weight=\"font-weight-normal\">Mediet ansl\u00e5r prisen til rundt 12 000 dollar per flytime. Med rundt ti timer i lufta gir det en flyregning p\u00e5 omtrent 120 000 dollar.<\/p>\n<p>Med torsdagens dollarkurs tilsvarer det rundt 1,12 millioner norske kroner.<\/p>\n<p>Ogs\u00e5 <a href=\"https:\/\/www.instyle.com\/meghan-markle-prince-harry-six-figure-private-jet-uk-12069173\" rel=\"nofollow noopener\" target=\"_blank\">InStyle<\/a> omtaler prislappen p\u00e5 120 000 dollar.<\/p>\n<p> Det blir cirka 112 000 kroner i timen. <\/p>\n<p>    <a itemprop=\"url\" href=\"https:\/\/www.dagbladet.no\/kjendis\/ikke-meningen-at-de-far-tilbake-godene\/85044602\" rel=\"nofollow noopener\" target=\"_blank\"><\/p>\n<p>        <img loading=\"lazy\" decoding=\"async\" src=\"https:\/\/www.europesays.com\/no\/wp-content\/uploads\/2026\/08\/1788114613_896_85046115.webp\" width=\"180\" height=\"81\" alt=\"\" class=\"lazyload\" style=\"--aspect-ratio-image: 2.22; \"\/><\/p>\n<p>        &#8211; Ikke meningen at de f\u00e5r tilbake godene<\/p>\n<p>    <\/a><\/p>\n<p>Fem senger og to bad\t<\/p>\n<p>Det var heller ikke et hvilket som helst fly familien tok over Atlanterhavet.<\/p>\n<p>Britiske medier oppgir at de reiste med et Bombardier Global Express XRS, et stort privatfly bygget for langdistanseflygninger.<\/p>\n<p><a href=\"https:\/\/www.flyplanet9.com\/fleet\/global-xrs-n300sc\/\" rel=\"nofollow noopener\" target=\"_blank\">Planet 9s egne spesifikasjoner<\/a> viser hvor romslig denne flytypen kan v\u00e6re.<\/p>\n<p>        <img loading=\"lazy\" decoding=\"async\" src=\"https:\/\/www.europesays.com\/no\/wp-content\/uploads\/2026\/08\/85070255.webp\" width=\"688\" height=\"393\" alt=\"\" class=\"\" style=\"--aspect-ratio-image: 1.75; \"\/><\/p>\n<p>\n        LUKSUSFLY: Et Bombardier Global Express XRS privatfly gj\u00f8r seg klar for avgang fra Luton Airport i Storbritannia i november 2017. Det er samme flytype som prins Harry og Meghan skal ha brukt p\u00e5 reisen fra USA til Storbritannia. Foto: Gary Dawson \/ REX \/ NTB\n    <\/p>\n<p>Flyet har plass til 13 passasjerer i kabinen, fem senger med soveplass til seks personer og to toaletter. Bagasjerommet rommer mellom 12 og 15 mellomstore kofferter.<\/p>\n<p>Flyet kan holde seg i lufta i opptil tolv timer og har en rekkevidde p\u00e5 n\u00e6r 10 800 kilometer. Det aktuelle eksemplaret som Page Six omtaler, skal ha blitt pusset opp i 2023.<\/p>\n<p>Med andre ord var det nok plass til b\u00e5de kongefamilie og firbeinte passasjerer.<\/p>\n<p>    <a itemprop=\"url\" href=\"https:\/\/www.dagbladet.no\/kjendis\/flytter-trump-far-skylda\/85038235\" rel=\"nofollow noopener\" target=\"_blank\"><\/p>\n<p>        <img loading=\"lazy\" decoding=\"async\" src=\"https:\/\/www.europesays.com\/no\/wp-content\/uploads\/2026\/08\/1788114615_405_85040885.webp\" width=\"180\" height=\"81\" alt=\"\" class=\"lazyload\" style=\"--aspect-ratio-image: 2.22; \"\/><\/p>\n<p>        Flytter: Trump f\u00e5r skylda<\/p>\n<p>    <\/a><\/p>\n<p>Hundene fikk bli med\t<\/p>\n<p>If\u00f8lge Page Six var nettopp hundene en av \u00e5rsakene til at Harry og Meghan valgte privatfly.<\/p>\n<p>Familien har labradoren Pula og beaglen Mia, og begge skal ha blitt med p\u00e5 reisen til Storbritannia.<\/p>\n<p>Det stemmer ogs\u00e5 med opplysningene i B.T., som skriver at de to hundene fikk plass om bord.<\/p>\n<p>Familiens h\u00f8ner fikk derimot ingen millionreise.<\/p>\n<p>People har tidligere omtalt at h\u00f8nseflokken blir igjen ved familiens hjem i Montecito i California.<\/p>\n<p>    <a itemprop=\"url\" href=\"https:\/\/www.dagbladet.no\/kjendis\/far-beskjed-trekk-dere-tilbake\/85022858\" rel=\"nofollow noopener\" target=\"_blank\"><\/p>\n<p>        <img loading=\"lazy\" decoding=\"async\" src=\"https:\/\/www.europesays.com\/no\/wp-content\/uploads\/2026\/08\/1788114615_93_85023138.webp\" width=\"180\" height=\"81\" alt=\"\" class=\"lazyload\" style=\"--aspect-ratio-image: 2.22; \"\/><\/p>\n<p>        F\u00e5r beskjed: Trekk dere tilbake<\/p>\n<p>    <\/a><\/p>\n<p>Beholder luksushjemmet\t<\/p>\n<p>Flyturen markerer en historisk snuoperasjon for Harry og Meghan.<\/p>\n<p>For seks \u00e5r siden forlot de Storbritannia og trakk seg som arbeidende medlemmer av kongefamilien. Etter et kort opphold i Canada slo de seg ned i California.<\/p>\n<p>N\u00e5 vender de tilbake med barna.<\/p>\n<p>        <img loading=\"lazy\" decoding=\"async\" src=\"https:\/\/www.europesays.com\/no\/wp-content\/uploads\/2026\/08\/85044703.webp\" width=\"686\" height=\"392\" alt=\"\" class=\"\" style=\"--aspect-ratio-image: 1.75; \"\/><\/p>\n<p>\n        LUKSUSHJEM: Prins Harry og hertuginne Meghan kj\u00f8pte denne villaen i Montecito i California i 2020. Prislappen var rundt 130 millioner kroner. Foto: Google Maps\n    <\/p>\n<p><a href=\"https:\/\/people.com\/prince-harry-meghan-markle-moving-back-uk-with-prince-archie-princess-lilibet-exclusive-12061632\" rel=\"nofollow noopener\" target=\"_blank\">People<\/a> meldte 19. august at familien flytter til Storbritannia for en lengre periode, og at Archie og Lilibet skal begynne p\u00e5 skole der i september.<\/p>\n<p>Det betyr likevel ikke at paret har solgt seg ut av USA.<\/p>\n<p>If\u00f8lge People skal Harry og Meghan etablere en privat, ikke-kongelig base i Storbritannia, men beholde boligene sine i b\u00e5de California og Portugal.<\/p>\n<p>Hvor de skal bo i Storbritannia, er ikke offentlig kjent.<\/p>\n<p>        <img loading=\"lazy\" decoding=\"async\" src=\"https:\/\/www.europesays.com\/no\/wp-content\/uploads\/2026\/08\/1788114617_304_85046130.webp\" width=\"686\" height=\"522\" alt=\"\" class=\"\" style=\"--aspect-ratio-image: 1.31; \"\/><\/p>\n<p>\n        KASTER GLANS: Prins Harry og hertuginne Meghan under Intrepid Museums \u00e5rlige Salute to Freedom-galla i New York 10. november 2021. Foto: Theo Wargo \/ Getty Images \/ AFP \/ NTB\n    <\/p>\n<p>Ikke tilbake som kongelige\t<\/p>\n<p>Returen betyr heller ikke at Harry og Meghan igjen blir arbeidende kongelige.<\/p>\n<p>ITV News opplyser at statusen deres ikke endres. De fortsetter som private, ikke-arbeidende medlemmer av kongefamilien.<\/p>\n<p>Da familien landet i Birmingham onsdag, var det heller ingen offentlig finansiert politieskorte som ventet.<\/p>\n<p>En talsperson for Harry og Meghan ville ikke kommentere detaljene rundt reisen og viste til familiens sikkerhet og privatliv, if\u00f8lge britiske PA.<\/p>\n","protected":false},"excerpt":{"rendered":"Vill prislapp: Prins Harry og Meghan har forlatt USA etter seks \u00e5r. Turen hjem til Storbritannia ble alt&hellip;\n","protected":false},"author":2,"featured_media":338350,"comment_status":"","ping_status":"","sticky":false,"template":"","format":"standard","meta":{"footnotes":"","_share_on_mastodon":"0"},"categories":[58],"tags":[71,8173,30,28,29,14,75,72],"class_list":["post-338349","post","type-post","status-publish","format-standard","has-post-thumbnail","category-underholdning","tag-entertainment","tag-meghan-markle","tag-no","tag-norge","tag-norway","tag-nyheter","tag-prins-harry","tag-underholdning"],"share_on_mastodon":{"url":"https:\/\/pubeurope.com\/@no\/117185886944260414","error":""},"_links":{"self":[{"href":"https:\/\/www.europesays.com\/no\/wp-json\/wp\/v2\/posts\/338349","targetHints":{"allow":["GET"]}}],"collection":[{"href":"https:\/\/www.europesays.com\/no\/wp-json\/wp\/v2\/posts"}],"about":[{"href":"https:\/\/www.europesays.com\/no\/wp-json\/wp\/v2\/types\/post"}],"author":[{"embeddable":true,"href":"https:\/\/www.europesays.com\/no\/wp-json\/wp\/v2\/users\/2"}],"replies":[{"embeddable":true,"href":"https:\/\/www.europesays.com\/no\/wp-json\/wp\/v2\/comments?post=338349"}],"version-history":[{"count":0,"href":"https:\/\/www.europesays.com\/no\/wp-json\/wp\/v2\/posts\/338349\/revisions"}],"wp:featuredmedia":[{"embeddable":true,"href":"https:\/\/www.europesays.com\/no\/wp-json\/wp\/v2\/media\/338350"}],"wp:attachment":[{"href":"https:\/\/www.europesays.com\/no\/wp-json\/wp\/v2\/media?parent=338349"}],"wp:term":[{"taxonomy":"category","embeddable":true,"href":"https:\/\/www.europesays.com\/no\/wp-json\/wp\/v2\/categories?post=338349"},{"taxonomy":"post_tag","embeddable":true,"href":"https:\/\/www.europesays.com\/no\/wp-json\/wp\/v2\/tags?post=338349"}],"curies":[{"name":"wp","href":"https:\/\/api.w.org\/{rel}","templated":true}]}}