{"id":338363,"date":"2026-08-30T18:42:07","date_gmt":"2026-08-30T18:42:07","guid":{"rendered":"https:\/\/www.europesays.com\/no\/338363\/"},"modified":"2026-08-30T18:42:07","modified_gmt":"2026-08-30T18:42:07","slug":"kong-harald-kongelig-kong-harald-valgte-kjaerligheten-kunne-avviklet-monarkiet","status":"publish","type":"post","link":"https:\/\/www.europesays.com\/no\/338363\/","title":{"rendered":"Kong Harald, Kongelig | Kong Harald valgte kj\u00e6rligheten: Kunne avviklet monarkiet"},"content":{"rendered":"<p> (<a href=\"https:\/\/www.nettavisen.no\" rel=\"nofollow noopener\" target=\"_blank\">Nettavisen<\/a>) <\/p>\n<p>Etter ni \u00e5r kunne dav\u00e6rende kronprins Harald si ja til sin Sonja Haraldsen i Oslo domkirke 29. august 1968.<\/p>\n<p>Harald og Sonjas ni \u00e5r lange ventetid var et resultat av en langvarig kamp mellom kronprinsen og hans far, kong Olav. For mens det den gang var forventet at kongelige tronarvinger skulle gifte seg med medlemmer av andre europeiske kongehus eller adel, ville kronprinsen heller gifte seg med en av folket.<\/p>\n<p>N\u00e6rmere bestemt kj\u00e6resten gjennom flere \u00e5r, Sonja Haraldsen.<\/p>\n<p>   <img decoding=\"async\" width=\"1600\" height=\"900\" fetchpriority=\"low\"  loading=\"lazy\"  src=\"https:\/\/www.europesays.com\/no\/wp-content\/uploads\/2026\/08\/Design uten navn (7).jpg\" alt=\"\" class=\"brick-c-cFOWSL\" style=\"--brick-image-ratio: 1600 \/ 900;\"\/><\/p>\n<p>      SJARMERTE KRONPRINSEN: Sonja Haraldsen fra Vinderen.<br \/>\n      Foto: \u00d8rnlund \/ De kongelige samlinger \/ G. Sj\u00f8wall\n    <\/p>\n<p>L\u00f8rdag 29. august skulle markere Harald og Sonjas 58. bryllupsdag. Men tidlig fredag morgen, mindre enn et d\u00f8gn f\u00f8r bryllupsdagen, kom beskjeden som sendte hele Norge i sorg.<\/p>\n<p>Kong Harald, 89 \u00e5r gammel, hadde sovnet stille inn p\u00e5 Rikshospitalet. D\u00f8dsfallet kom etter en periode med sykdom.\u00a0<\/p>\n<p>Dagen f\u00f8r hadde Slottet varslet at kong Haralds helse hadde forverret seg, og beskrev helsetilstanden som sv\u00e6rt alvorlig. Sonja ble ved Haralds side gjennom fredagen, men dro hjem til Bygd\u00f8 kongsg\u00e5rd sent samme kveld. Det var der, i boligen som i snart 20 \u00e5r hadde v\u00e6rt kongeparets sommerhjem, at hun skal ha mottatt beskjeden om at hun hadde mistet ektemannen sin.<\/p>\n<p>Sonja eller ingenting<\/p>\n<p>Kongen og dronningen fortalte selv om kampen for kj\u00e6rligheten i Harald Stanghelles bok \u00abKongen forteller\u00bb fra 2020. Da sa kong Harald at han stilte et ultimatum til faren.<\/p>\n<p>For hvis han ikke fikk sin Sonja, var eneste utvei \u00e5 leve ugift.<\/p>\n<p>\u00abJeg hadde gjort det klart at alternativet var \u00e5 forbli ugift. Det var det som gjorde at det ble fart i saken. Jeg tror det kunne f\u00f8rt til en avvikling av monarkiet\u00bb, var blant det kongen sa i boken.<\/p>\n<p>Dronningen sa p\u00e5 sin side at ventetiden frem til forlovelsen ble offentliggjort i 1968 var alt annet enn lett.<\/p>\n<p>\u00abDet \u00e5 kjenne seg u\u00f8nsket er ikke noen god f\u00f8lelse. Det var veldig vanskelig. All kritikken som kom var ikke enkel. Jeg tenkte vel slik at hvis jeg lar alt dette g\u00e5 inn p\u00e5 meg, s\u00e5 ville jeg \u00f8delegge meg selv\u00bb, uttalte dronning Sonja om de lange \u00e5rene.<\/p>\n<p>    Vil du se neste video?<\/p>\n<p>    <a href=\"https:\/\/www.dt.no\/her-far-ballinciaga-hele-ypsilon-med-pa-godset-allsang\/v\/5-57-2914346\" class=\"recommend-poster\" data-adp-clicklabel=\"video-recommend\" data-adp-clickvalue=\"poster\" rel=\"nofollow noopener\" target=\"_blank\"><br \/>\n      <img decoding=\"async\" width=\"200\" height=\"200\" loading=\"lazy\" src=\"https:\/\/www.europesays.com\/no\/wp-content\/uploads\/2026\/08\/Skjermbilde+2026-08-25+155912.png\" alt=\"\" class=\"brick-c-cFOWSL\" style=\"--brick-image-ratio: 200 \/ 200;\"\/><\/p>\n<p>Her f\u00e5r Ballinciaga \u00abhele\u00bb Ypsilon med p\u00e5 Godset-allsang0:29<\/p>\n<p>    <\/a><\/p>\n<p>M\u00f8ttes i hemmelighet<\/p>\n<p>Det var p\u00e5 en fest hos en kamerat i 1959 at Norges fremtidige konge m\u00f8tte det som skulle bli hans kone.<\/p>\n<p>Senere samme \u00e5r f\u00e5r det norske folk det f\u00f8rste glimtet av kronprinsens nye fl\u00f8rt, da de to ble avbildet sammen p\u00e5 krigsskolen. Ryktene om den mystiske kvinnen begynte \u00e5 g\u00e5, men det ble aldri bekreftet at det var noe mer mellom dem.<\/p>\n<p>   <img decoding=\"async\" width=\"1600\" height=\"900\" fetchpriority=\"low\"  loading=\"lazy\"  src=\"https:\/\/www.europesays.com\/no\/wp-content\/uploads\/2026\/08\/Design uten navn (4).jpg\" alt=\"\" class=\"brick-c-cFOWSL\" style=\"--brick-image-ratio: 1600 \/ 900;\"\/><\/p>\n<p>      DET F\u00d8RSTE BILDET: Kronprins Harald (i midten) og Sonja Haraldsen (til h\u00f8yre) avbildet sammen p\u00e5 Krigsskolen i 1959.<br \/>\n      Foto: Bj\u00f8rn Glorvigen (NTB)\n    <\/p>\n<p>Et halvt \u00e5r etter det f\u00f8rste m\u00f8tet, inviterer kong Olav s\u00f8nnens venner til middag for \u00e5 feire kronprinsens 23-\u00e5rsdag. Men han vet ikke at s\u00f8nnens kj\u00e6reste befinner seg blant vennegjengen.<\/p>\n<p>Likevel skal kong Olav ha luktet lunta, og satte en stopper for Sonja Haraldsens invitasjoner. I stedet m\u00e5tte de m\u00f8tes i skjul.<\/p>\n<p>H\u00f8sten 1960 reiser kronprins Harald til England for \u00e5 studere, og paret blir enige om \u00e5 vente p\u00e5 hverandre. Men innen de begge er 24 \u00e5r gamle, avslutter de forholdet. Videre f\u00f8lger det mye p\u00e5 og av \u2013 men de ender alltid opp med \u00e5 velge hverandre.\u00a0<\/p>\n<p>   <img decoding=\"async\" width=\"1600\" height=\"900\" fetchpriority=\"low\"  loading=\"lazy\"  src=\"https:\/\/www.europesays.com\/no\/wp-content\/uploads\/2026\/08\/Design uten navn (6).jpg\" alt=\"\" class=\"brick-c-cFOWSL\" style=\"--brick-image-ratio: 1600 \/ 900;\"\/><\/p>\n<p>      FAR OG S\u00d8NN: Kong Olav og kronprins Harald avbildet utenfor Oxford i 1960, der kronprinsen studerte.<br \/>\n      Foto: NTB\n    <\/p>\n<p>  \u2013 Hadde d\u00e5rlig samvittighet<\/p>\n<p>Da Sonja Haraldsen ikke lenger ble invitert til Slottet, m\u00f8ttes paret andre steder. Hjemme hos venner og hjemme hos Sonjas mor p\u00e5 Vinderen i Oslo. Forholdet snakket de kun om med noen n\u00f8ye utvalgte, inkludert Sonjas mor. Men ikke kong Olav.<\/p>\n<p>Kong Harald sa til <a rel=\"Follow nofollow noopener\" href=\"https:\/\/www.nrk.no\/norge\/xl\/kongeparets-kamp-for-kjaerligheten-1.12692073\" target=\"_blank\">NRK<\/a> i 2015 at det var utfordrende:<\/p>\n<p>\u2013 Jeg hadde jo veldig blandede f\u00f8lelser. Jeg var glad i Sonja Haraldsen, men hadde ogs\u00e5 d\u00e5rlig samvittighet overfor min far og Norge. Jeg gjorde liksom noe galt. Jeg hadde d\u00e5rlig samvittighet for \u00e5 gj\u00f8re noe jeg ikke burde gj\u00f8re, uttalte han da.<\/p>\n<p>    Vil du se neste video?<\/p>\n<p>    <a href=\"https:\/\/www.dt.no\/her-far-ballinciaga-hele-ypsilon-med-pa-godset-allsang\/v\/5-57-2914346\" class=\"recommend-poster\" data-adp-clicklabel=\"video-recommend\" data-adp-clickvalue=\"poster\" rel=\"nofollow noopener\" target=\"_blank\"><br \/>\n      <img decoding=\"async\" width=\"200\" height=\"200\" loading=\"lazy\" src=\"https:\/\/www.europesays.com\/no\/wp-content\/uploads\/2026\/08\/Skjermbilde+2026-08-25+155912.png\" alt=\"\" class=\"brick-c-cFOWSL\" style=\"--brick-image-ratio: 200 \/ 200;\"\/><\/p>\n<p>Her f\u00e5r Ballinciaga \u00abhele\u00bb Ypsilon med p\u00e5 Godset-allsang0:29<\/p>\n<p>    <\/a><\/p>\n<p>Monarkiets fremtid i fare?<\/p>\n<p>F\u00f8rst fem \u00e5r etter at de m\u00f8ttes, ble forholdet offentlig kjent. Aviser over hele landet omtalte kronprinsens valg av kj\u00e6reste, og diskusjonen om monarkiets fremtid ble for alvor en realitet.<\/p>\n<p>Kong Olav s\u00e5 seg til slutt n\u00f8dt til \u00e5 sende ut en pressemelding om at s\u00f8nnen ikke hadde til hensikt \u00e5 gifte seg borgerlig.\u00a0<\/p>\n<p>\u2013 Da var det definitivt. Det var et slag i ansiktet, det, innr\u00f8mmet kong Harald til NRK i 2015.<\/p>\n<p>   <img decoding=\"async\" width=\"2248\" height=\"1484\" fetchpriority=\"low\"  loading=\"lazy\"  src=\"https:\/\/www.europesays.com\/no\/wp-content\/uploads\/2026\/08\/NTB_EYId_s8NV7Y.jpg\" alt=\"\" class=\"brick-c-cFOWSL\" style=\"--brick-image-ratio: 2248 \/ 1484;\"\/><\/p>\n<p>      TRADISJON: Historisk har kongelige giftet seg med andre kongelige eller adel. Her er kong Haakon VII, prins Harald og kronprins Olav i 1952.<br \/>\n      Foto: NTB\n    <\/p>\n<p>  Kongen snur<\/p>\n<p>Da kronprinsen fylte 30 \u00e5r 21. februar 1967, ble det feiret med middag p\u00e5 Slottet. Kj\u00e6resten gjennom \u00e5tte \u00e5r var ikke invitert.<\/p>\n<p>Men fem m\u00e5neder senere, da Sonja Haraldsen fylte 30 \u00e5r, ble hun invitert til selskap p\u00e5 kongeskipet. Samtidig uttalte kong Olav at \u00abderes \u00f8nsker m\u00e5 etterkommes, hvis det lar seg gj\u00f8re\u00bb.\u00a0<\/p>\n<p>Da hadde kronprinsen tatt mot til seg og sagt til faren at det er Sonja eller ingen andre.<\/p>\n<p>Kongen gikk deretter til de parlamentariske lederne og ba om r\u00e5d, men f\u00f8rst i 1968 fikk kronprinsen svaret han hadde \u00f8nsket seg: Han fikk gifte seg med kvinnen han selv valgte, sin Sonja.<\/p>\n<p>Fikk endelig sitt ja<\/p>\n<p>19. mars 1968 gikk stortingspresident Bernt Ingvaldsen opp p\u00e5 Stortingets talerstol.<\/p>\n<p>\u2013 Jeg har herved den glede \u00e5 kunne meddele Dem, herr president, og Norges storting, at jeg, etter ved statsministeren \u00e5 ha s\u00f8kt r\u00e5d hos regjeringsmedlemmene, hos Dem, herr president, og de politiske gruppers parlamentariske ledere, herved gir mitt samtykke til at min kj\u00e6re s\u00f8nn, kronprins Harald, i dag inng\u00e5r forlovelse med fr\u00f8ken Sonja Haraldsen, datter av avd\u00f8de Karl August Haraldsen og gjenlevende hustru Dagny Haraldsen, f\u00f8dt Ulrichsen, sa han p\u00e5 vegne av kongen.<\/p>\n<p>   <img decoding=\"async\" width=\"1600\" height=\"900\" fetchpriority=\"low\"  loading=\"lazy\"  src=\"https:\/\/www.europesays.com\/no\/wp-content\/uploads\/2026\/08\/Design uten navn (5).jpg\" alt=\"\" class=\"brick-c-cFOWSL\" style=\"--brick-image-ratio: 1600 \/ 900;\"\/><\/p>\n<p>      ENDELIG: I 1968 ble forlovelsen kunngjort.<br \/>\n      Foto: NTB\n    <\/p>\n<p>Flagget ble heiset til topps p\u00e5 alle offentlige bygninger, og klokken to kom det nyforlovede paret ut p\u00e5 Slottsbalkongen.<\/p>\n<p>P\u00e5 en pressekonferanse p\u00e5 Slottet noen dager senere, la ikke paret skjul p\u00e5 at veien dit hadde v\u00e6rt lang.<\/p>\n<p>\u2013 \u00c5rene har av og til virket h\u00e5pl\u00f8se, sa Harald, f\u00f8r Sonja la til:<\/p>\n<p>\u2013 N\u00e5 har vi ventet lenge nok.<\/p>\n<p>   <img decoding=\"async\" width=\"1968\" height=\"1314\" fetchpriority=\"low\"  loading=\"lazy\"  src=\"https:\/\/www.europesays.com\/no\/wp-content\/uploads\/2026\/08\/NTB_WWyKXUqIdA4.jpg\" alt=\"\" class=\"brick-c-cFOWSL\" style=\"--brick-image-ratio: 1968 \/ 1314;\"\/><\/p>\n<p>      SAMMEN FOR ALLTID: Sonja Haraldsen og kronprins Harald under pressekonferansen etter forlovelsen.<br \/>\n      Foto: NTB\n    <\/p>\n<p>29. august samme \u00e5r fant vielsen sted i en stappfull Oslo domkirke. Om lag 850 gjester var invitert, og det var kong Olav som f\u00f8rte bruden opp til alters for \u00e5 f\u00e5 mannen hun dr\u00f8mte om.<\/p>\n<p>   <img decoding=\"async\" width=\"2500\" height=\"1673\" fetchpriority=\"low\"  loading=\"lazy\"  src=\"https:\/\/www.europesays.com\/no\/wp-content\/uploads\/2026\/08\/NTB_8HZ7NJUmP0Q.jpg\" alt=\"\" class=\"brick-c-cFOWSL\" style=\"--brick-image-ratio: 2500 \/ 1673;\"\/><\/p>\n<p>MANN OG KONE: Kronprins Harald fikk endelig sin Sonja i Oslo Domkirke i 1968.<br \/>\n      Foto: Vidar Knai (NTB)\n    <\/p>\n","protected":false},"excerpt":{"rendered":"(Nettavisen) Etter ni \u00e5r kunne dav\u00e6rende kronprins Harald si ja til sin Sonja Haraldsen i Oslo domkirke 29.&hellip;\n","protected":false},"author":2,"featured_media":338364,"comment_status":"","ping_status":"","sticky":false,"template":"","format":"standard","meta":{"footnotes":"","_share_on_mastodon":"0"},"categories":[10],"tags":[36,20,21,1839,24,25,15,2590,76,22,23,13,30,28,29,14,16,26068,26,27],"class_list":["post-338363","post","type-post","status-publish","format-standard","has-post-thumbnail","category-norge","tag-art","tag-breaking-news","tag-breakingnews","tag-feature","tag-featured-news","tag-featurednews","tag-headlines","tag-kong-harald","tag-kongelig","tag-latest-news","tag-latestnews","tag-news","tag-no","tag-norge","tag-norway","tag-nyheter","tag-overskrifter","tag-stopp-ads","tag-top-stories","tag-topstories"],"share_on_mastodon":{"url":"","error":""},"_links":{"self":[{"href":"https:\/\/www.europesays.com\/no\/wp-json\/wp\/v2\/posts\/338363","targetHints":{"allow":["GET"]}}],"collection":[{"href":"https:\/\/www.europesays.com\/no\/wp-json\/wp\/v2\/posts"}],"about":[{"href":"https:\/\/www.europesays.com\/no\/wp-json\/wp\/v2\/types\/post"}],"author":[{"embeddable":true,"href":"https:\/\/www.europesays.com\/no\/wp-json\/wp\/v2\/users\/2"}],"replies":[{"embeddable":true,"href":"https:\/\/www.europesays.com\/no\/wp-json\/wp\/v2\/comments?post=338363"}],"version-history":[{"count":0,"href":"https:\/\/www.europesays.com\/no\/wp-json\/wp\/v2\/posts\/338363\/revisions"}],"wp:featuredmedia":[{"embeddable":true,"href":"https:\/\/www.europesays.com\/no\/wp-json\/wp\/v2\/media\/338364"}],"wp:attachment":[{"href":"https:\/\/www.europesays.com\/no\/wp-json\/wp\/v2\/media?parent=338363"}],"wp:term":[{"taxonomy":"category","embeddable":true,"href":"https:\/\/www.europesays.com\/no\/wp-json\/wp\/v2\/categories?post=338363"},{"taxonomy":"post_tag","embeddable":true,"href":"https:\/\/www.europesays.com\/no\/wp-json\/wp\/v2\/tags?post=338363"}],"curies":[{"name":"wp","href":"https:\/\/api.w.org\/{rel}","templated":true}]}}