{"id":338369,"date":"2026-08-30T18:45:28","date_gmt":"2026-08-30T18:45:28","guid":{"rendered":"https:\/\/www.europesays.com\/no\/338369\/"},"modified":"2026-08-30T18:45:28","modified_gmt":"2026-08-30T18:45:28","slug":"emilie-nereng-avslorer-ble-vraket-2","status":"publish","type":"post","link":"https:\/\/www.europesays.com\/no\/338369\/","title":{"rendered":"Emilie Nereng avsl\u00f8rer: Ble vraket:"},"content":{"rendered":"<p class=\"kicker \" style=\"\">Ble vraket:\u00a0<\/p>\n<p class=\"subtitle \" style=\"\">Emilie Nereng har virkelig hatt et knakende comeback p\u00e5 skjermen. Likevel er det ikke alltid at det g\u00e5r veien for TV-profilen.\u00a0<\/p>\n<p>\n    R\u00d8PER: Emilie Nereng r\u00f8per overfor Se og H\u00f8r at hun ble tilbudt pr\u00f8vespilling p\u00e5 det hun omtaler som \u00abdr\u00f8mmerollen\u00bb &#8211; men kort tid etterp\u00e5 fikk hun en nedsl\u00e5ende beskjed. Foto: Lise \u00c5serud \/ NTB\n  <\/p>\n<p>\u00a0&#8211; Jeg syntes selv at jeg gjorde en s\u00e5 god jobb &#8211; ogs\u00e5 fikk jeg ikke rollen!?<\/p>\n<p>Det utbryter en sm\u00f8rblid Emilie Nereng til Se og H\u00f8r, etterfulgt av en trillende latterkule.\u00a0<\/p>\n<p class=\"font-weight-bold m-font-weight-bold\" data-lab-font_weight=\"font-weight-bold\">Det er tirsdag formiddag, og 30-\u00e5ringen har troppet opp p\u00e5 Shutter Bar p\u00e5 S\u00f8renga i Oslo, i anledning et pressetreff for \u00e5rets sesong av \u00abBloggerne\u00bb.\u00a0<\/p>\n<p>Utenfor skinner sola om kapp med blide turister, som g\u00e5r i tog i retning Munch-museet, for siste rest av norsk sommer.\u00a0<\/p>\n<p>&#8211; V\u00e6rt mye\t<\/p>\n<p>Inne i det svale lokalet, blant designerm\u00f8bler og pastellfarger, sitter Nereng i denimkjole og beige boots. Smilende og fremoverlent forteller hun om sesongen som snart g\u00e5r av stabelen, og ikke minst om den hektiske tiden som har v\u00e6rt.\u00a0<\/p>\n<p>&#8211; Det har v\u00e6rt veldig hyggelig \u00e5 f\u00e5 v\u00e6re med p\u00e5 \u00abBloggerne\u00bb igjen! Det var mange store hendelser for meg i den perioden, s\u00e5 det var enkelt \u00e5 fylle programmet med innhold, begynner hun.<\/p>\n<p>    <a itemprop=\"url\" href=\"https:\/\/www.seher.no\/kjendis\/ny-sesong-uteblir\/84681742\" rel=\"nofollow noopener\" target=\"_blank\"><\/p>\n<p>        <img loading=\"lazy\" decoding=\"async\" src=\"https:\/\/www.europesays.com\/no\/wp-content\/uploads\/2026\/08\/1788115524_620_84681708.webp\" width=\"180\" height=\"81\" alt=\"\" class=\"lazyload\" style=\"--aspect-ratio-image: 2.22; \"\/><\/p>\n<p>        Ny sesong: Uteblir<\/p>\n<p>    <\/a><\/p>\n<p class=\"font-weight-bold m-font-weight-bold\" data-lab-font_weight=\"font-weight-bold\">TV-profilen, som beskriver seg selv som en \u00abbusy bee\u00bb, forteller at planen for h\u00f8sten er at den ikke skal bli like hektisk som i fjor.<\/p>\n<p>&#8211; Jeg skal pr\u00f8ve \u00e5 roe litt ned, for det har v\u00e6rt litt mye i det siste, sier hun og trekker p\u00e5 smileb\u00e5ndet.\u00a0<\/p>\n<p>        <img loading=\"lazy\" decoding=\"async\" src=\"https:\/\/www.europesays.com\/no\/wp-content\/uploads\/2026\/08\/1788115525_201_84975645.webp\" width=\"688\" height=\"393\" alt=\"\" class=\"\" style=\"--aspect-ratio-image: 1.75; \"\/><\/p>\n<p>\n        NY RUNDE: TV 2 inviterte til pressedag for \u00abBloggerne\u00bb med bl.a. de to nykommerne Helle Staff (t.v.), og Malene Elfrid Ingebrigtsen, samt ringrevene Emilie \u00abVoe\u00bb Nereng, \u00d8yunn Krogh og Fetisha Williams. Foto: Lise \u00c5serud \/ NTB\n    <\/p>\n<p>Blodig og forsl\u00e5tt\u00a0\t<\/p>\n<p>Det er nemlig mange baller i lufta hos Nereng, som har hatt en fremragende karriere fra hun var tretten \u00e5r til i dag.\u00a0<\/p>\n<p class=\"font-weight-bold m-font-weight-bold\" data-lab-font_weight=\"font-weight-bold\">Hun har nemlig g\u00e5tt fra \u00e5 v\u00e6re \u00abhele\u00bb Norges \u00abVoe\u00bb i 2009, da Blogg.no var p\u00e5 topp, til \u00e5 bli en av landets fremste matinfluensere &#8211; for s\u00e5 \u00e5 briljere i TV-programmer som blant andre \u00abFarmen kjendis\u00bb, \u00abSkal vi danse\u00bb, \u00ab71 grader nord &#8211; kjendis\u00bb og \u00abHotellet\u00bb.\u00a0<\/p>\n<p class=\"font-weight-normal m-font-weight-normal\" data-lab-font_weight=\"font-weight-normal\">Etter dette imponerte hun dessuten stort i NRK-programmet \u00abHelt Ramme Sporter\u00bb, hvor hun kom b\u00e5de <a href=\"https:\/\/www.seher.no\/kjendis\/etter-lopet-matte-ha-rullestol\/82521824\" rel=\"nofollow noopener\" target=\"_blank\">blodig og forsl\u00e5tt hjem<\/a> etter et vinmaraton i M\u00e9doc i Frankrike, som bydde p\u00e5 42 km l\u00f8ping og 23 glass r\u00f8dvin.<\/p>\n<p>        <img loading=\"lazy\" decoding=\"async\" src=\"https:\/\/www.europesays.com\/no\/wp-content\/uploads\/2026\/08\/1788115525_901_84975696.webp\" width=\"688\" height=\"393\" alt=\"\" class=\"\" style=\"--aspect-ratio-image: 1.75; \"\/><\/p>\n<p>\n        M\u00c5TTE HA RULLESTOL: Emilie Nereng har tidligere uttalt at hun trengte rullestol dagen etter vinmaratonet for \u00e5 \u00abkeep up\u00bb med de andre p\u00e5 vei til flyplassen. Foto: Skjermdump fra NRK \/ \u00abHelt ramme sporter\u00bb\n    <\/p>\n<p>&#8211; Jeg lever jo bare \u00e9n gang. F\u00e5r jeg muligheten til \u00e5 gj\u00f8re morsomme ting, takker jeg som regel ja, sier hun til Se og H\u00f8r og ler.\u00a0<\/p>\n<p>&#8211; Var en dr\u00f8mmerolle\t<\/p>\n<p>Og morsomme ting blir det mer enn nok av. Som en av Norges st\u00f8rste influensere, dukker det nemlig opp tilbud om det meste.<\/p>\n<p class=\"font-weight-bold m-font-weight-bold\" data-lab-font_weight=\"font-weight-bold\"> Derfor var det ekstra spennende da det i fjor dukket opp en henvendelse litt utenom det vanlige for dama fra H\u00f8nefoss.<\/p>\n<p>        MISFORN\u00d8YD: \u00c9n av \u00abBloggerne\u00bb-profilene hadde en h\u00f8ne \u00e5 plukke med TV 2 under pressevisningen. Video: Karolina Grace\/Nora Skavhaug\/R\u00f8d L\u00f8per, \u00abBloggerne\u00bb\/TV 2. <\/p>\n<p>Nereng r\u00f8per nemlig overfor Se og H\u00f8r at hun for ett \u00e5rs tid siden fikk tilbud om \u00e5 pr\u00f8vespille for en rolle i den ferske sesongen av TV 2-suksessen \u00abEvig singel\u00bb.\u00a0<\/p>\n<p>        <img loading=\"lazy\" decoding=\"async\" src=\"https:\/\/www.europesays.com\/no\/wp-content\/uploads\/2026\/08\/1788115526_49_84975644.webp\" width=\"688\" height=\"393\" alt=\"\" class=\"\" style=\"--aspect-ratio-image: 1.75; \"\/><\/p>\n<p>\n        Oslo 20260804. TV 2 inviterer til pressedag for \u00abBloggerne\u00bb med  bl.a. Emilie Voe Nereng.Foto: Lise \u00c5serud  \/ NTB\n    <\/p>\n<p class=\"font-weight-bold m-font-weight-bold\" data-lab-font_weight=\"font-weight-bold\"> &#8211; Det var en dr\u00f8mmerolle, og jeg s\u00e5 for meg at det ville v\u00e6rt superg\u00f8y \u00e5 spille den, smiler hun.<\/p>\n<p>Dette var rollen\t<\/p>\n<p>30-\u00e5ringen kaster det gylne h\u00e5ret over skulderen, og forteller at det hele var en prosess litt ulik det hun tidligere har v\u00e6rt vant til.\u00a0<\/p>\n<p class=\"font-weight-bold m-font-weight-bold\" data-lab-font_weight=\"font-weight-bold\">&#8211; I den posisjonen jeg er i, er jeg heldig som ofte f\u00e5r tilbud om TV-programmer direkte uten pr\u00f8vespilling. S\u00e5 det \u00e5 m\u00e5tte stille p\u00e5 lik linje med alle andre, bli tatt med ned i en kjeller og pr\u00f8vespille foran et h\u00e5ndholdt kamera, det var veldig jordn\u00e6rt og kult, forteller hun:<\/p>\n<p>    <a itemprop=\"url\" href=\"https:\/\/www.seher.no\/kjendis\/kan-fole-pa-haploshet\/83462102\" rel=\"nofollow noopener\" target=\"_blank\"><\/p>\n<p>        <img loading=\"lazy\" decoding=\"async\" src=\"https:\/\/www.europesays.com\/no\/wp-content\/uploads\/2026\/08\/83461711.webp\" width=\"180\" height=\"81\" alt=\"\" class=\"lazyload\" style=\"--aspect-ratio-image: 2.22; \"\/><\/p>\n<p>        &#8211; Kan f\u00f8le p\u00e5 h\u00e5pl\u00f8shet<\/p>\n<p>    <\/a><\/p>\n<p>&#8211; Jeg gikk skikkelig ut av komfortsonen min!<\/p>\n<p class=\"italic m-italic\" data-lab-italic=\"italic\">&#8211; Kan du si hva slags rolle dette var?<\/p>\n<p>&#8211; Tja &#8230; jeg kan vel det n\u00e5? Jeg gj\u00f8r det, jeg. Det var rollen som jenta som flytter inn i hybelleiligheten til Trond Fausa Aurv\u00e5gs karakter, \u00abKennet\u00bb. Ei s\u00f8t jente som har som m\u00e5l \u00e5 sjarmere og utnytte ham, sier Nereng og ler.\u00a0<\/p>\n<p>        <img loading=\"lazy\" decoding=\"async\" src=\"https:\/\/www.europesays.com\/no\/wp-content\/uploads\/2026\/08\/1788115528_537_84975760.webp\" width=\"688\" height=\"393\" alt=\"\" class=\"\" style=\"--aspect-ratio-image: 1.75; \"\/><\/p>\n<p>\n        HUN FIKK ROLLEN: Det var til slutt Siri Black Ndiaye som endte opp som \u00abKennets\u00bb leietaker. Emilie Nereng ber\u00f8mmer skuespillerinnen, og sier at serien ble veldig bra. Foto: Skjermdump fra TV 2 Play\n    <\/p>\n<p>\u00a0&#8211; H\u00e6!?\t<\/p>\n<p>Til tross for at TV-profilen f\u00f8lte seg forn\u00f8yd med pr\u00f8vespillingen, holdt det ikke hele veien.\u00a0<\/p>\n<p class=\"font-weight-bold m-font-weight-bold\" data-lab-font_weight=\"font-weight-bold\">Og d\u00e9t kom som en skuffelse:<\/p>\n<p>&#8211; Det hadde v\u00e6rt s\u00e5 morsom rolle, s\u00e5 da meldingen kom om at \u00abdet blir dessverre ikke deg\u00bb, var jeg s\u00e5nn: \u00abH\u00e6!? Jeg var jo s\u00e5 flink!\u00bb. Men hun som fikk den er en megababe og kjempeflink, s\u00e5 det g\u00e5r helt fint, sier hun og humrer.<\/p>\n<p>        BEFRIENDE: Skuespiller Trond Fausa Aurv\u00e5g r\u00f8per hva han har til felles med \u00abEvig singel\u00bb-Kennet. Video: Sanne Holt\/ Lone Gunnerud\/ R\u00f8d L\u00f8per, \u00abEvig singel\u00bb\/ TV 2<\/p>\n<p class=\"font-weight-normal m-font-weight-normal\" data-lab-font_weight=\"font-weight-normal\">Videre sier hun at hun tar vrakingen pent.\u00a0<\/p>\n<p class=\"font-weight-bold m-font-weight-bold\" data-lab-font_weight=\"font-weight-bold\">&#8211; TV 2 hadde sikkert en god grunn, haha. Men det er utrolig s\u00e5rbart \u00e5 g\u00e5 p\u00e5 audition, sier hun og retter seg opp i ryggen.<\/p>\n<p>&#8211; Jeg er jo ingen skuespiller, s\u00e5 jeg er nok uansett best p\u00e5 \u00e5 spille roller som ligger tett opptil hvem jeg er som person. Men det var en veldig fin erfaring, og det var utrolig kult \u00e5 bli spurt.<\/p>\n<p>    <a itemprop=\"url\" href=\"https:\/\/www.seher.no\/kjendis\/jeg-vil-gjore-noe-annet\/84980007\" rel=\"nofollow noopener\" target=\"_blank\"><\/p>\n<p>        <img loading=\"lazy\" decoding=\"async\" src=\"https:\/\/www.europesays.com\/no\/wp-content\/uploads\/2026\/08\/1788115528_906_84975645.webp\" width=\"180\" height=\"81\" alt=\"\" class=\"lazyload\" style=\"--aspect-ratio-image: 2.22; \"\/><\/p>\n<p>        &#8211; Jeg vil gj\u00f8re noe annet<\/p>\n<p>    <\/a><\/p>\n<p>Pressesjef i TV 2, Jan-Petter Dahl, sier til Se og H\u00f8r at Nereng gjorde en kjempejobb og at hun leverte knallsterkt.<\/p>\n<p>&#8211; Denne gangen falt valget p\u00e5 en annen profil til rollen som leieboeren \u00abAstri\u00bb i Evig singel 3, men samtidig melder produksjonsselskapet Seefood at de gjerne samarbeider med Emilie i en annen sammenheng, sier han avslutningsvis.\u00a0<\/p>\n","protected":false},"excerpt":{"rendered":"Ble vraket:\u00a0 Emilie Nereng har virkelig hatt et knakende comeback p\u00e5 skjermen. Likevel er det ikke alltid at&hellip;\n","protected":false},"author":2,"featured_media":338370,"comment_status":"","ping_status":"","sticky":false,"template":"","format":"standard","meta":{"footnotes":"","_share_on_mastodon":"0"},"categories":[58],"tags":[4641,12364,8976,71,1012,9467,4997,8990,20116,8212,479,2543,30,28,29,2587,207,208,72],"class_list":["post-338369","post","type-post","status-publish","format-standard","has-post-thumbnail","category-underholdning","tag-71-grader-nord-norges-toffeste-kjendis","tag-bloggerne","tag-emilie-nereng","tag-entertainment","tag-evig-singel","tag-farmen-kjendis","tag-fetisha-williams","tag-helle-staff","tag-helvetesuka","tag-hotellet","tag-kjendis","tag-kjendisdesken","tag-no","tag-norge","tag-norway","tag-reality","tag-tv","tag-tv-2","tag-underholdning"],"share_on_mastodon":{"url":"https:\/\/pubeurope.com\/@no\/117185946122379638","error":""},"_links":{"self":[{"href":"https:\/\/www.europesays.com\/no\/wp-json\/wp\/v2\/posts\/338369","targetHints":{"allow":["GET"]}}],"collection":[{"href":"https:\/\/www.europesays.com\/no\/wp-json\/wp\/v2\/posts"}],"about":[{"href":"https:\/\/www.europesays.com\/no\/wp-json\/wp\/v2\/types\/post"}],"author":[{"embeddable":true,"href":"https:\/\/www.europesays.com\/no\/wp-json\/wp\/v2\/users\/2"}],"replies":[{"embeddable":true,"href":"https:\/\/www.europesays.com\/no\/wp-json\/wp\/v2\/comments?post=338369"}],"version-history":[{"count":0,"href":"https:\/\/www.europesays.com\/no\/wp-json\/wp\/v2\/posts\/338369\/revisions"}],"wp:featuredmedia":[{"embeddable":true,"href":"https:\/\/www.europesays.com\/no\/wp-json\/wp\/v2\/media\/338370"}],"wp:attachment":[{"href":"https:\/\/www.europesays.com\/no\/wp-json\/wp\/v2\/media?parent=338369"}],"wp:term":[{"taxonomy":"category","embeddable":true,"href":"https:\/\/www.europesays.com\/no\/wp-json\/wp\/v2\/categories?post=338369"},{"taxonomy":"post_tag","embeddable":true,"href":"https:\/\/www.europesays.com\/no\/wp-json\/wp\/v2\/tags?post=338369"}],"curies":[{"name":"wp","href":"https:\/\/api.w.org\/{rel}","templated":true}]}}