{"id":338373,"date":"2026-08-30T18:55:14","date_gmt":"2026-08-30T18:55:14","guid":{"rendered":"https:\/\/www.europesays.com\/no\/338373\/"},"modified":"2026-08-30T18:55:14","modified_gmt":"2026-08-30T18:55:14","slug":"kong-harald-kong-haakon-kongefamilien-pa-plass-til-sorgegudstjeneste-i-asker-kirke-2","status":"publish","type":"post","link":"https:\/\/www.europesays.com\/no\/338373\/","title":{"rendered":"Kong Harald, Kong Haakon | Kongefamilien p\u00e5 plass til s\u00f8rgegudstjeneste i Asker kirke"},"content":{"rendered":"<p> (<a href=\"https:\/\/www.nettavisen.no\" rel=\"nofollow noopener\" target=\"_blank\">Nettavisen<\/a>) <\/p>\n<p>ASKER KIRKE (Nettavisen): S\u00f8ndag formiddag str\u00f8mmet folk til Asker kirke og Oslo domkirke for s\u00f8rgegudstjeneste for kong Harald.\u00a0<\/p>\n<p>Klokken 10.56 ankom kong Haakon, kronprinsesse Ingrid Alexandra, prins Sverre Magnus og dronning Sonja kirken i Asker.\u00a0<\/p>\n<p>Dronning Mette-Marit var ikke med, som f\u00f8lge av at hun fortsatt er i rekonvalens etter lungeoperasjonen tidligere i \u00e5r.\u00a0<\/p>\n<p>Dronning-klem<\/p>\n<p>Samtlige elleve domkirker i Norge avholder s\u00f8rgegudstjenester, samt en rekke lokalkirker, klokken 11.00. Med unntak av Nidarosdomen,som holder sin gudstjeneste 17.00.\u00a0<\/p>\n<p><b>Les ogs\u00e5: <a class=\"simple-relation related-teaser article--c-eBQpMJ\" href=\"https:\/\/www.helg.no\/nyheter\/kongehuseksperter-personlig-konge-som-kommer-til-a-lytte-til-folk\/s\/80-95-41279\" rel=\"nofollow noopener\" target=\"_blank\">Kongehuseksperter: Personlig konge som kommer til \u00e5 lytte til folk<\/a><\/b><\/p>\n<p>Kong Haakon og kronprinsesse Ingrid Alexandra h\u00e5ndhilste p\u00e5 presten, mens dronning Sonja mottok en varm klem fra gudstjenestens prest.\u00a0<\/p>\n<p>   <img decoding=\"async\" width=\"4032\" height=\"3024\" fetchpriority=\"low\"  loading=\"lazy\"  src=\"https:\/\/www.europesays.com\/no\/wp-content\/uploads\/2026\/08\/1788116109_177_IMG_7066.jpg\" alt=\"\" class=\"brick-c-cFOWSL\" style=\"--brick-image-ratio: 4032 \/ 3024;\"\/><\/p>\n<p>      Dronning Sonja ga en klem til presten.<br \/>\n      Foto: Hanne Drange Jensen (Nettavisen)\n    <\/p>\n<p>\u2013 En familie har mistet sin far, bestefar, ektefelle og svigerfar. V\u00e5re tanker er n\u00e5 hos dem i deres sorg. Landet v\u00e5rt har mistet en folkekj\u00e6r konge, sa prost \u00d8yvind Stabrun da han innledet gudstjenesten i Asker kirke, som er kongefefamiliens lokale kirke for Skaugum.<\/p>\n<p>    Vil du se neste video?<\/p>\n<p>    <a href=\"https:\/\/www.helg.no\/ikke-helt-sikker-pa-hendelsesforlopet\/v\/80-24-7102\" class=\"recommend-poster\" data-adp-clicklabel=\"video-recommend\" data-adp-clickvalue=\"poster\" rel=\"nofollow noopener\" target=\"_blank\"><br \/>\n      <img decoding=\"async\" width=\"200\" height=\"200\" loading=\"lazy\" src=\"https:\/\/www.europesays.com\/no\/wp-content\/uploads\/2026\/08\/1788116109_496_Kopi av Kopi av Kopi av Kopi av Kopi av Kopi av Kopi av Kopi av Kopi av 15.4 (11).png\" alt=\"\" class=\"brick-c-cFOWSL\" style=\"--brick-image-ratio: 200 \/ 200;\"\/><\/p>\n<p>\u2013 Ikke helt sikker p\u00e5 hendelsesforl\u00f8pet0:40<\/p>\n<p>    <\/a><\/p>\n<p>        Prost \u00d8yvind Stabrun forteller om s\u00f8rgegudstjenesten i Asker kirke.<\/p>\n<p>Bilder fra kirken viser et tydelig preget dronning Sonja i gudstjenesten, som er f\u00f8rste gang hun har vist seg offentlig siden d\u00f8dsfallet.\u00a0<\/p>\n<p>\u2013 N\u00e5 n\u00e5r v\u00e5r kj\u00e6re Kong Harald er d\u00f8d, er vi der for dere, v\u00e5r kj\u00e6re kong Haakon og dronning Mette Marit og dronning Sonja og hele deres familie. Vi s\u00f8rger med dere, sa Stabrun i sin preken.<\/p>\n<p>   <img decoding=\"async\" width=\"8640\" height=\"5760\" fetchpriority=\"low\"  loading=\"lazy\"  src=\"https:\/\/www.europesays.com\/no\/wp-content\/uploads\/2026\/08\/1788116111_176_cueres_scp-mangler_navn_Kb98mH9s_24.jpg\" alt=\"\" class=\"brick-c-cFOWSL\" style=\"--brick-image-ratio: 8640 \/ 5760;\"\/><\/p>\n<p>      FULLSATT: Kongefamilien var p\u00e5 f\u00f8rste rad i en fullsatt Asker kirke.<br \/>\n      Foto: Cornelius Poppe (NTB)\n    <\/p>\n<p>\u2013 Vi vet alle hvor forferdelig vondt det er n\u00e5r noen vi er s\u00e5 uendelig glade i d\u00f8r. Kong Harald var en trygghet for oss alle, fra regjering og storting til den enkelte en av oss, i en tid hvor mye oppleves som ustabilt og uforutsigbart.<\/p>\n<p>Hyllet kong Harald<\/p>\n<p>Sokneprest Ida Buen Hanevold trakk i inngangsordet fram hvordan kong Harald gjennom reiser over hele landet, i sine taler og sitt \u00absamlende n\u00e6rv\u00e6r\u00bb har v\u00e6rt med \u00e5 forme Norge.<\/p>\n<p>\u2013 Med raushet og visdom favnet han hvem vi er som nordmenn og hva Norge er som land, sa hun.<\/p>\n<p>    Vil du se neste video?<\/p>\n<p>    <a href=\"https:\/\/www.helg.no\/ikke-helt-sikker-pa-hendelsesforlopet\/v\/80-24-7102\" class=\"recommend-poster\" data-adp-clicklabel=\"video-recommend\" data-adp-clickvalue=\"poster\" rel=\"nofollow noopener\" target=\"_blank\"><br \/>\n      <img decoding=\"async\" width=\"200\" height=\"200\" loading=\"lazy\" src=\"https:\/\/www.europesays.com\/no\/wp-content\/uploads\/2026\/08\/1788116109_496_Kopi av Kopi av Kopi av Kopi av Kopi av Kopi av Kopi av Kopi av Kopi av 15.4 (11).png\" alt=\"\" class=\"brick-c-cFOWSL\" style=\"--brick-image-ratio: 200 \/ 200;\"\/><\/p>\n<p>\u2013 Ikke helt sikker p\u00e5 hendelsesforl\u00f8pet0:40<\/p>\n<p>    <\/a><\/p>\n<p>        Dronning Sonja og Prins Sverre Magnus gikk arm i arm ut av Asker kirke.<\/p>\n<p>Som en del av forb\u00f8nnen reiste menigheten seg og sang Kongesangen, som menigheten for f\u00f8rste gang sang for v\u00e5r nye konge.<\/p>\n<p>Det ble ogs\u00e5 bedt en b\u00f8nn for den nye kongefamilien.<\/p>\n<p>\u2013 Vi ber om visdom og styrke for den kongelige familie, for hans majestet kong Haakon VIII og hennes majestet Dronning Mette-Marit og dronning Sonja, sa prosten.<\/p>\n<p>   <img decoding=\"async\" width=\"4032\" height=\"3024\" fetchpriority=\"low\"  loading=\"lazy\"  src=\"https:\/\/www.europesays.com\/no\/wp-content\/uploads\/2026\/08\/1788116112_346_IMG_7115.jpg\" alt=\"\" class=\"brick-c-cFOWSL\" style=\"--brick-image-ratio: 4032 \/ 3024;\"\/><\/p>\n<p>      Kongefamilien forlot Asker kirke like over klokken 12.00.<br \/>\n      Foto: Hanne Drange Jensen (Nettavisen)\n    <\/p>\n<p>\u2013 V\u00e6r n\u00e6r med din fred i dagene som kommer og i oppgavene som venter. Du har skapt oss til fellesskap, hjelp oss \u00e5 ta vare p\u00e5 hverandre.<\/p>\n<p>\u2013 Gode gud<\/p>\n<p>Menigheten ba ogs\u00e5 for kraft og klokskap til regjeringen, Stortinget og andre med lederansvar:<\/p>\n<p>\u2013 Gi at vi alle arbeider for rettferdighet og fred, og hjelp oss \u00e5 vise respekt for hverandre, sa soknepresten.<\/p>\n<p>Prosten rettet ogs\u00e5 b\u00f8nnen direkte til kong Haakon og dronning Mette-Marit:<\/p>\n<p>\u2013 Gode Gud, vi ber for kongen og Dronningen. Send din \u00e5nd til tr\u00f8st og h\u00e5p. Vi ber om din velsignelse over deres liv og gjerning.<\/p>\n<p>Gudstjenesten startet klokka 11. Like f\u00f8r d\u00f8rene til kirken \u00e5pnet klokken 10 stod det en lang k\u00f8 med s\u00f8rgende. Kirken har plass til 400, og rundt 200 stod fortsatt i k\u00f8 da det var fullt.<\/p>\n<p>\u2013 Hele nasjonen er i sorg n\u00e5, og da kan det v\u00e6re godt \u00e5 komme sammen i kirkene. Ogs\u00e5 i Asker inviterer vi lokalbefolkningen til s\u00f8rgegudstjeneste i Asker kirke, og vi \u00f8nsker kongefamilien varmt velkommen, sa sokneprest Ida Buen Hanevold i forkant av gudstjenesten.<\/p>\n<p>Lange k\u00f8er<\/p>\n<p>Allerede grytidlig s\u00f8ndag morgen hadde folk samlet seg utenfor kirkene. Vincent Jebsen (82) var f\u00f8rst ut i Asker og satt parat p\u00e5 sin klappstol.\u00a0<\/p>\n<p>\u2013 Det er f\u00f8rst og fremst for \u00e5 v\u00e6re med p\u00e5 \u00e5 hedre kong Harald for den fantastiske innsatsen han har lagt ned for Norge i over 35 \u00e5r. Det st\u00e5r stor respekt av forbildet han har v\u00e6rt for samfunnet, og hvordan han har favnet hele befolkningen, uttalte han til Nettavisen like etter klokken 08.30.\u00a0<\/p>\n<p>    Vil du se neste video?<\/p>\n<p>    <a href=\"https:\/\/www.helg.no\/ikke-helt-sikker-pa-hendelsesforlopet\/v\/80-24-7102\" class=\"recommend-poster\" data-adp-clicklabel=\"video-recommend\" data-adp-clickvalue=\"poster\" rel=\"nofollow noopener\" target=\"_blank\"><br \/>\n      <img decoding=\"async\" width=\"200\" height=\"200\" loading=\"lazy\" src=\"https:\/\/www.europesays.com\/no\/wp-content\/uploads\/2026\/08\/1788116109_496_Kopi av Kopi av Kopi av Kopi av Kopi av Kopi av Kopi av Kopi av Kopi av 15.4 (11).png\" alt=\"\" class=\"brick-c-cFOWSL\" style=\"--brick-image-ratio: 200 \/ 200;\"\/><\/p>\n<p>\u2013 Ikke helt sikker p\u00e5 hendelsesforl\u00f8pet0:40<\/p>\n<p>    <\/a><\/p>\n<p>        ASKER KIRKE (Nettavisen): Hans Majestet Kong Haakon, Hennes Kongelige H\u00f8yhet Kronprinsesse Ingrid Alexandra, Dronning Sonja og Prins Sverre Magnus har ankommet Asker Kirke.<\/p>\n<p>Klokken 10.00 \u00e5pnet kirkene d\u00f8rene for de oppm\u00f8tte. If\u00f8lge pressetalsperson i Oslo politidistrikt Tomm Berger ble kirken full rett etter at d\u00f8rene ble \u00e5pnet.<\/p>\n<p><b>Les ogs\u00e5: <a class=\"simple-relation related-teaser article--c-eBQpMJ\" href=\"https:\/\/www.helg.no\/nyheter\/500-star-utenfor-asker-kirke-folk-har-statt-lenge\/s\/80-95-41366\" rel=\"nofollow noopener\" target=\"_blank\">500 st\u00e5r utenfor Asker kirke: \u2013 Folk har st\u00e5tt lenge<\/a><\/b><\/p>\n<p>\u2013 Vi legger til rette for at de kommer s\u00e5 tett som mulig p\u00e5, s\u00e5 ogs\u00e5 de f\u00e5r vist sin respekt og deltatt, sier Berger til Nettavisen.<\/p>\n<p>   <img decoding=\"async\" width=\"4306\" height=\"2871\" fetchpriority=\"low\"  loading=\"lazy\"  src=\"https:\/\/www.europesays.com\/no\/wp-content\/uploads\/2026\/08\/1788116114_978_cueres_scp-mangler_navn_Oyugi3TjLZw.jpg\" alt=\"\" class=\"brick-c-cFOWSL\" style=\"--brick-image-ratio: 4306 \/ 2871;\"\/><\/p>\n<p>      ANKOM: Kongefamilien ankom kirken like f\u00f8r 11.00.<br \/>\n      Foto: Javad Parsa (NTB)\n    <\/p>\n<p>Politiet opplyser til Nettavisen at 500 personer ikke fikk plass i kirken. Flere er blitt st\u00e5ende utenfor kirken.<\/p>\n<p>    Vil du se neste video?<\/p>\n<p>    <a href=\"https:\/\/www.helg.no\/ikke-helt-sikker-pa-hendelsesforlopet\/v\/80-24-7102\" class=\"recommend-poster\" data-adp-clicklabel=\"video-recommend\" data-adp-clickvalue=\"poster\" rel=\"nofollow noopener\" target=\"_blank\"><br \/>\n      <img decoding=\"async\" width=\"200\" height=\"200\" loading=\"lazy\" src=\"https:\/\/www.europesays.com\/no\/wp-content\/uploads\/2026\/08\/1788116109_496_Kopi av Kopi av Kopi av Kopi av Kopi av Kopi av Kopi av Kopi av Kopi av 15.4 (11).png\" alt=\"\" class=\"brick-c-cFOWSL\" style=\"--brick-image-ratio: 200 \/ 200;\"\/><\/p>\n<p>\u2013 Ikke helt sikker p\u00e5 hendelsesforl\u00f8pet0:40<\/p>\n<p>    <\/a><\/p>\n<p>        Vincent Jebsen er p\u00e5 plass foran Asker kirke.<br \/>\n        Samfunnstoppene samles i Oslo<\/p>\n<p>I Oslo domkirke vil blant andre statsminister Jonas Gahr St\u00f8re, stortingspresident Masud Gharahkhani og en rekke andre samfunnstopper v\u00e6re til stede under gudstjenesten klokken 11.00.<\/p>\n<p>\u2013 Vi har kommet til disse hellige rommene i hundrevis av \u00e5r for \u00e5 dele de st\u00f8rste gleder, de st\u00f8rste sorger og de store merkedagene. Velkommen skal du v\u00e6re, skriver biskopen i Oslo, Sunniva Gylver, p\u00e5 sosiale medier.<\/p>\n","protected":false},"excerpt":{"rendered":"(Nettavisen) ASKER KIRKE (Nettavisen): S\u00f8ndag formiddag str\u00f8mmet folk til Asker kirke og Oslo domkirke for s\u00f8rgegudstjeneste for kong&hellip;\n","protected":false},"author":2,"featured_media":338374,"comment_status":"","ping_status":"","sticky":false,"template":"","format":"standard","meta":{"footnotes":"","_share_on_mastodon":"0"},"categories":[5],"tags":[36,996,20,21,24,25,15,19,26072,2590,1803,22,23,17,18,13,30,28,29,14,16,26133,26103,1510,26,27],"class_list":["post-338373","post","type-post","status-publish","format-standard","has-post-thumbnail","category-overskrifter","tag-art","tag-asker","tag-breaking-news","tag-breakingnews","tag-featured-news","tag-featurednews","tag-headlines","tag-hovedoppslag","tag-kong-haakon","tag-kong-harald","tag-kongehuset","tag-latest-news","tag-latestnews","tag-main-news","tag-mainnews","tag-news","tag-no","tag-norge","tag-norway","tag-nyheter","tag-overskrifter","tag-sorgegudstjeneste","tag-stop-ads","tag-story","tag-top-stories","tag-topstories"],"share_on_mastodon":{"url":"https:\/\/pubeurope.com\/@no\/117185985792667747","error":""},"_links":{"self":[{"href":"https:\/\/www.europesays.com\/no\/wp-json\/wp\/v2\/posts\/338373","targetHints":{"allow":["GET"]}}],"collection":[{"href":"https:\/\/www.europesays.com\/no\/wp-json\/wp\/v2\/posts"}],"about":[{"href":"https:\/\/www.europesays.com\/no\/wp-json\/wp\/v2\/types\/post"}],"author":[{"embeddable":true,"href":"https:\/\/www.europesays.com\/no\/wp-json\/wp\/v2\/users\/2"}],"replies":[{"embeddable":true,"href":"https:\/\/www.europesays.com\/no\/wp-json\/wp\/v2\/comments?post=338373"}],"version-history":[{"count":0,"href":"https:\/\/www.europesays.com\/no\/wp-json\/wp\/v2\/posts\/338373\/revisions"}],"wp:featuredmedia":[{"embeddable":true,"href":"https:\/\/www.europesays.com\/no\/wp-json\/wp\/v2\/media\/338374"}],"wp:attachment":[{"href":"https:\/\/www.europesays.com\/no\/wp-json\/wp\/v2\/media?parent=338373"}],"wp:term":[{"taxonomy":"category","embeddable":true,"href":"https:\/\/www.europesays.com\/no\/wp-json\/wp\/v2\/categories?post=338373"},{"taxonomy":"post_tag","embeddable":true,"href":"https:\/\/www.europesays.com\/no\/wp-json\/wp\/v2\/tags?post=338373"}],"curies":[{"name":"wp","href":"https:\/\/api.w.org\/{rel}","templated":true}]}}