{"id":338387,"date":"2026-08-30T19:09:19","date_gmt":"2026-08-30T19:09:19","guid":{"rendered":"https:\/\/www.europesays.com\/no\/338387\/"},"modified":"2026-08-30T19:09:19","modified_gmt":"2026-08-30T19:09:19","slug":"islendingene-sa-nei-til-eu-vedum-jubler-barth-eide-advarer","status":"publish","type":"post","link":"https:\/\/www.europesays.com\/no\/338387\/","title":{"rendered":"Islendingene sa nei til EU: Vedum jubler \u2013 Barth Eide advarer"},"content":{"rendered":"\n<p class=\"_lead_145nj_2 _lead_6fko5_53 layout-component text-serif-m layout-normal text-serif-l layout-component layout-wide layout-padded _wide_17hqh_1 layout-padded\">For bare to m\u00e5neder siden ville et klart flertall av Islands unge gjenoppta EU-s\u00f8knaden. S\u00e5 snudde det.<\/p>\n<p><img alt=\"Islandske ungdommer p\u00e5 nei-sidens valgvake l\u00f8rdag kveld. Foto: Marco Di Marco \/ AP \/ NTB\" class=\"_image_jw3bv_65 layout-component layout-wide\" data-fullscreen- data-track-element-type=\"Article image fullscreen\" data-track-name=\"ImageFullscreen\" fetchpriority=\"high\" decoding=\"sync\" loading=\"eager\" height=\"4886\" itemprop=\"image\"  src=\"https:\/\/www.europesays.com\/no\/wp-content\/uploads\/2026\/08\/24191dfd-38e4-3337-ba9b-1f8800c2d69d.jpeg\"  style=\"object-position:0% 0%\" width=\"7329\"\/>Islandske ungdommer p\u00e5 nei-sidens valgvake l\u00f8rdag kveld. Foto: Marco Di Marco \/ AP \/ NTB<\/p>\n<ul aria-hidden=\"true\" class=\"_images_ntbth_112\">\n<li><a class=\"_link_ntbth_117\" href=\"https:\/\/www.vg.no\/forfatter\/kaja-skraamm\" style=\"z-index:2\" title=\"Kaja Skr\u00e5mm\" rel=\"nofollow noopener\" target=\"_blank\"><img alt=\"Bilde av Kaja Skr\u00e5mm\" class=\"_image_ntbth_93\" fetchpriority=\"low\" loading=\"lazy\" decoding=\"async\" itemprop=\"image\"  src=\"https:\/\/www.europesays.com\/no\/wp-content\/uploads\/2026\/08\/1788116956_369_c7fa1893-0a39-3827-8063-4714676952c8.jpeg\"  width=\"480\"\/><\/a><\/li>\n<li><a class=\"_link_ntbth_117\" href=\"https:\/\/www.vg.no\/forfatter\/ntb\" style=\"z-index:1\" title=\"NTB\" rel=\"nofollow noopener\" target=\"_blank\"><img alt=\"Bilde av NTB\" class=\"_image_ntbth_93\" fetchpriority=\"low\" loading=\"lazy\" decoding=\"async\" itemprop=\"image\"  src=\"https:\/\/www.europesays.com\/no\/wp-content\/uploads\/2026\/08\/1788116956_639_c33980b0-5d07-4027-84a1-813f90a7c8d6.jpeg\"  width=\"480\"\/><\/a><\/li>\n<\/ul>\n<p> Oppdatert s\u00f8ndag 30. august kl. 20:31    <\/p>\n<ul class=\"_list_145nj_3 _list_64s2r_85 _unordered_145nj_106 text-sans-m\">\n<li class=\"_item_145nj_30\">Nei-siden p\u00e5 Island vant folkeavstemningen om EU-forhandlinger med 52,8 prosent.<\/li>\n<li class=\"_item_145nj_30\">SP-leder Trygve Slagsvold Vedum jubler over utfallet.<\/li>\n<li class=\"_item_145nj_30\">Unge islendinger endret mening f\u00f8r avstemningen, p\u00e5virket av sosiale medier.<\/li>\n<li class=\"_item_145nj_30\">Utenriksminister Espen Barth Eide ser fram til fortsatt samarbeid med Island gjennom E\u00d8S.<\/li>\n<\/ul>\n<p>Vis mer <\/p>\n<p class=\"_paragraph_145nj_4 _paragraph_6fko5_10 layout-component text-serif-m layout-normal text-serif-m layout-padded\">Nei-siden p\u00e5 <a href=\"https:\/\/www.vg.no\/tag\/island?utm_source=vg-article&amp;utm_medium=auto-tagger&amp;utm_campaign=d4pyAO\" class=\"_link_145nj_39\" rel=\"nofollow noopener\" target=\"_blank\">Island<\/a> vant fram i helgens folke\u00adavstemning, og et flertall p\u00e5 52,8 prosent sa nei til at landet skulle g\u00e5 inn i forhandlinger med EU om et mulig medlemskap.<\/p>\n<p class=\"_paragraph_145nj_4 _paragraph_6fko5_10 layout-component text-serif-m layout-normal text-serif-m layout-padded\">Utfallet blir m\u00f8tt med jubel av Senterpartileder Trygve Slagsvold Vedum.<\/p>\n<p class=\"_paragraph_145nj_4 _paragraph_6fko5_10 layout-component text-serif-m layout-normal text-serif-m layout-padded\">\u2013 Jeg vil gratulere islendingene med et klokt valg. \u00c5 si nei til \u00e5 g\u00e5 inn i medlem\u00adskaps\u00adforhandlinger med EU handler om \u00e5 ta vare p\u00e5 sitt folkestyre og retten til \u00e5 styre eget land, sier han i en pressemelding.<\/p>\n<p><img decoding=\"async\" alt=\"Bilde av Trygve Slagsvold Vedum\" class=\"_image_148z4_25\" height=\"33\" itemprop=\"image\" loading=\"lazy\"  src=\"https:\/\/www.europesays.com\/no\/wp-content\/uploads\/2026\/08\/6b02d9ca-699e-377c-87e8-f36da368d3c3.jpeg\"  width=\"40\"\/><strong class=\"_name_148z4_34 title-serif-xs\">Trygve Slagsvold Vedum<\/strong><\/p>\n<p class=\"_paragraph_145nj_4 _paragraph_6fko5_10 layout-component text-serif-m layout-normal text-serif-m layout-padded\">Han mener at Islands nei er en p\u00e5minnelse om at de nordiske landene kan samarbeide tett med Europa uten \u00e5 avgi suverenitet gjennom EU-medlemskap.<\/p>\n<p class=\"_paragraph_145nj_4 _paragraph_6fko5_10 layout-component text-serif-m layout-normal text-serif-m layout-padded\">\u2013 Islands beslutning understreker det vi i Norge allerede gj\u00f8r, \u00e5 st\u00e5 opp for egne interesser og samtidig s\u00f8ke samarbeid med resten av Europa og verden, sier Vedum.<\/p>\n<p>Snudde blant de unge<\/p>\n<p class=\"_paragraph_145nj_4 _paragraph_6fko5_10 layout-component text-serif-m layout-normal text-serif-m layout-padded\">S\u00e6rlig interessant er utviklingen blant Islands unge.<\/p>\n<p class=\"_paragraph_145nj_4 _paragraph_6fko5_10 layout-component text-serif-m layout-normal text-serif-m layout-padded\">I en av de siste m\u00e5lingene f\u00f8r valget svarte rundt 60 prosent av de unge at de ville stemme nei. Rett f\u00f8r folkeavstemningen var bildet snudd fullstendig.<\/p>\n<p class=\"_paragraph_145nj_4 _paragraph_6fko5_10 layout-component text-serif-m layout-normal text-serif-m layout-padded\">Flere av de unge NTB har snakket med, forteller at neisiden den siste tiden har v\u00e6rt veldig aktive i sosiale medier som TikTok.<\/p>\n<p class=\"_paragraph_145nj_4 _paragraph_6fko5_10 layout-component text-serif-m layout-normal text-serif-m layout-padded\">\u2013 Det er sikkert ti ganger s\u00e5 mye som for ja-siden. N\u00e5 har det blitt kult \u00e5 si nei, sier Edda og Asdis.<\/p>\n<p><img alt=\"Edda og Asdis mener det er blitt kult blant ungdom \u00e5 si nei til EU. Her er de p\u00e5 ja-sidens valgvake.  Foto: Bibiana Dahle Piene \/ NTB\" class=\"_image_jw3bv_65 layout-component layout-normal\" data-fullscreen- data-track-element-type=\"Article image fullscreen\" data-track-name=\"ImageFullscreen\" decoding=\"async\" loading=\"lazy\" height=\"384\" itemprop=\"image\"  src=\"https:\/\/www.europesays.com\/no\/wp-content\/uploads\/2026\/08\/b4099b62-06ba-3a62-852c-7daad9a3d3f7.jpeg\"  style=\"object-position:0% 0%\" width=\"512\"\/>Edda og Asdis mener det er blitt kult blant ungdom \u00e5 si nei til EU. Her er de p\u00e5 ja-sidens valgvake.  Foto: Bibiana Dahle Piene \/ NTBBarth Eide ser fram til fortsatt samarbeid<\/p>\n<p class=\"_paragraph_145nj_4 _paragraph_6fko5_10 layout-component text-serif-m layout-normal text-serif-m layout-padded\">P\u00e5 Island er det en vanlig oppfatning at neisiden har hatt mye mer penger \u00e5 rutte med enn ja-siden har.<\/p>\n<p class=\"_paragraph_145nj_4 _paragraph_6fko5_10 layout-component text-serif-m layout-normal text-serif-m layout-padded\">If\u00f8lge \u00f8konomiprofessor Thorvaldur Gylfason kommer pengene i stor grad fra n\u00e6ringslivet og Islands rike fiskeeiere. Rundt ti familier kontrollerer mesteparten av kvotene og har blitt styrtrike p\u00e5 fisket.<\/p>\n<p><img alt=\"\u2013 Helt siden 1918 (da Island ble selvstendig fra Danmark, jour.anm) har suverenitet og kontroll over fisken v\u00e6rt viktige argumenter, sier politikkprofessor Olafur Hardarson.  Foto: Marco Di Marco \/ AP \/ NTB\" class=\"_image_jw3bv_65 layout-component layout-normal\" data-fullscreen- data-track-element-type=\"Article image fullscreen\" data-track-name=\"ImageFullscreen\" decoding=\"async\" loading=\"lazy\" height=\"2723\" itemprop=\"image\"  src=\"https:\/\/www.europesays.com\/no\/wp-content\/uploads\/2026\/08\/7f6fd6b8-5602-3e23-8296-7b325aa391ad.jpeg\"  style=\"object-position:0% 0%\" width=\"4085\"\/>\u2013 Helt siden 1918 (da Island ble selvstendig fra Danmark, jour.anm) har suverenitet og kontroll over fisken v\u00e6rt viktige argumenter, sier politikkprofessor Olafur Hardarson.  Foto: Marco Di Marco \/ AP \/ NTB<\/p>\n<p class=\"_paragraph_145nj_4 _paragraph_6fko5_10 layout-component text-serif-m layout-normal text-serif-m layout-padded\">Utenriksminister Espen Barth Eide (Ap) sier etter folkeavstemningen at han ser fram til \u00e5 fortsette samarbeidet med Island og Liechtenstein gjennom E\u00d8S.<\/p>\n<p><img decoding=\"async\" alt=\"Bilde av Espen Barth Eide\" class=\"_image_148z4_25\" height=\"34\" itemprop=\"image\" loading=\"lazy\"  src=\"https:\/\/www.europesays.com\/no\/wp-content\/uploads\/2026\/08\/2e7d53e0-8d67-3222-9a19-964f8742b173.jpeg\"  width=\"40\"\/><strong class=\"_name_148z4_34 title-serif-xs\">Espen Barth Eide<\/strong><\/p>\n<p class=\"_paragraph_145nj_4 text-sans-m _description_148z4_39\">Utenriksminister<\/p>\n<p class=\"_paragraph_145nj_4 _paragraph_6fko5_10 layout-component text-serif-m layout-normal text-serif-m layout-padded\">Eide er selv en uttalt EU-tilhenger, men kommenterer saken som representant for regjeringen.<\/p>\n<p class=\"_paragraph_145nj_4 _paragraph_6fko5_10 layout-component text-serif-m layout-normal text-serif-m layout-padded\">\u2013 Utviklingen i EU, i m\u00f8te med en mer urolig verden, skjer n\u00e5 i rekordfart. Den skjer p\u00e5 tvers av sektorer, og i stadig st\u00f8rre grad utenfor E\u00d8S-avtalens virkeomr\u00e5de. Dette utfordrer oss og gj\u00f8r det stadig mer krevende \u00e5 v\u00e6re E\u00d8S-land, sier utenriksministeren.<\/p>\n<p>Sl\u00e5r ring om E\u00d8S<\/p>\n<p class=\"_paragraph_145nj_4 _paragraph_6fko5_10 layout-component text-serif-m layout-normal text-serif-m layout-padded\">Eide har for \u00f8vrig merket seg at b\u00e5de Islands statsminister og utenriksminister har understreket etter folkeavstemningen at E\u00d8S-avtalen er helt avgj\u00f8rende for Island, og at de vil sl\u00e5 ring om den.<\/p>\n<p class=\"_paragraph_145nj_4 _paragraph_6fko5_10 layout-component text-serif-m layout-normal text-serif-m layout-padded\">\u2013 I den islandske debatten om hvorvidt man skulle gjenoppta forhandlinger om medlemskap i EU, fremkom det tydelig at det er stor oppslutning om E\u00d8S-avtalen, b\u00e5de blant folk som stemte ja og nei i folkeavstemningen, sier Eide.<\/p>\n<p class=\"_paragraph_145nj_4 _paragraph_6fko5_10 layout-component text-serif-m layout-normal text-serif-m layout-padded\">Leder i Europabevegelsen, Trine Lise Sundnes, vil forel\u00f8pig ikke kommentere utfallet av den islandske folkeavstemningen.<\/p>\n<p class=\"_paragraph_145nj_4 _paragraph_6fko5_10 layout-component text-serif-m layout-normal text-serif-m layout-padded\">\u2013 N\u00e5 er ikke tiden for \u00e5 dr\u00f8fte hva dette betyr for norsk politikk \u2013 mine tanker er med kongefamilien og hele Norge i sorgen over kong Harald. Vi kommer gjerne tilbake til de europapolitiske sidene av saken n\u00e5r tiden er riktig, skriver hun i en e-post til NTB.<\/p>\n","protected":false},"excerpt":{"rendered":"For bare to m\u00e5neder siden ville et klart flertall av Islands unge gjenoppta EU-s\u00f8knaden. S\u00e5 snudde det. Islandske&hellip;\n","protected":false},"author":2,"featured_media":338388,"comment_status":"","ping_status":"","sticky":false,"template":"","format":"standard","meta":{"footnotes":"","_share_on_mastodon":"0"},"categories":[5],"tags":[20,21,8265,279,24,25,15,19,7452,22,23,17,18,13,30,28,29,14,16,26,27],"class_list":["post-338387","post","type-post","status-publish","format-standard","has-post-thumbnail","category-overskrifter","tag-breaking-news","tag-breakingnews","tag-eos","tag-eu","tag-featured-news","tag-featurednews","tag-headlines","tag-hovedoppslag","tag-island","tag-latest-news","tag-latestnews","tag-main-news","tag-mainnews","tag-news","tag-no","tag-norge","tag-norway","tag-nyheter","tag-overskrifter","tag-top-stories","tag-topstories"],"share_on_mastodon":{"url":"https:\/\/pubeurope.com\/@no\/117186040279652264","error":""},"_links":{"self":[{"href":"https:\/\/www.europesays.com\/no\/wp-json\/wp\/v2\/posts\/338387","targetHints":{"allow":["GET"]}}],"collection":[{"href":"https:\/\/www.europesays.com\/no\/wp-json\/wp\/v2\/posts"}],"about":[{"href":"https:\/\/www.europesays.com\/no\/wp-json\/wp\/v2\/types\/post"}],"author":[{"embeddable":true,"href":"https:\/\/www.europesays.com\/no\/wp-json\/wp\/v2\/users\/2"}],"replies":[{"embeddable":true,"href":"https:\/\/www.europesays.com\/no\/wp-json\/wp\/v2\/comments?post=338387"}],"version-history":[{"count":0,"href":"https:\/\/www.europesays.com\/no\/wp-json\/wp\/v2\/posts\/338387\/revisions"}],"wp:featuredmedia":[{"embeddable":true,"href":"https:\/\/www.europesays.com\/no\/wp-json\/wp\/v2\/media\/338388"}],"wp:attachment":[{"href":"https:\/\/www.europesays.com\/no\/wp-json\/wp\/v2\/media?parent=338387"}],"wp:term":[{"taxonomy":"category","embeddable":true,"href":"https:\/\/www.europesays.com\/no\/wp-json\/wp\/v2\/categories?post=338387"},{"taxonomy":"post_tag","embeddable":true,"href":"https:\/\/www.europesays.com\/no\/wp-json\/wp\/v2\/tags?post=338387"}],"curies":[{"name":"wp","href":"https:\/\/api.w.org\/{rel}","templated":true}]}}