{"id":338399,"date":"2026-08-30T19:23:45","date_gmt":"2026-08-30T19:23:45","guid":{"rendered":"https:\/\/www.europesays.com\/no\/338399\/"},"modified":"2026-08-30T19:23:45","modified_gmt":"2026-08-30T19:23:45","slug":"mistenkt-medvirkende-etter-sverdangrepet-etterforskes-ogsa-for-egne-drapsplaner","status":"publish","type":"post","link":"https:\/\/www.europesays.com\/no\/338399\/","title":{"rendered":"Mistenkt medvirkende etter sverdangrepet etterforskes ogs\u00e5 for egne drapsplaner"},"content":{"rendered":"<p><strong>En ten\u00e5ring som er mistenkt for \u00e5 ha medvirket til drap etter skoleangrepet i Fagersta i Sverige, etterforskes ogs\u00e5 for \u00e5 ha hatt egne planer om \u00e5 beg\u00e5 drap. Det bekrefter svensk politi overfor Sveriges Radio, if\u00f8lge <a href=\"https:\/\/www.aftenposten.no\/verden\/i\/Wv3EOk\/svensk-politi-mistenkt-medhjelper-i-skoleangrep-etterforskes-for-egne-drapsplaner\" rel=\"nofollow noopener\" target=\"_blank\">Aftenposten<\/a>.<\/strong><\/p>\n<p>Ten\u00e5ringen ble p\u00e5grepet torsdag og nekter straffskyld. Politiet etterforsker dermed om vedkommende b\u00e5de kan ha v\u00e6rt involvert i angrepet og samtidig hatt egne planer om drap.<\/p>\n<p><strong>Hyllet massemordere<\/strong><\/p>\n<p><a href=\"https:\/\/inyheter.no\/22\/08\/2026\/flere-skadet-i-sverdangrep-pa-svensk-skole\/\" rel=\"nofollow noopener\" target=\"_blank\">Angrepet fant sted ved Brinellskolan 21. august.<\/a> En 17 \u00e5r gammel jente ble drept, mens tre andre elever ble skadet.<\/p>\n<p>En 18 \u00e5r gammel mann ble p\u00e5grepet f\u00e5 minutter etter angrepet. Han er mistenkt for drap og drapsfors\u00f8k etter at han skal ha g\u00e5tt til angrep med et sverd.<\/p>\n<p>I forkant av hendelsen hadde 18-\u00e5ringen delt videoer i sosiale medier som hyllet flere kjente massemordere. Blant personene som ble omtalt, var Anton Lundin Pettersson, som i 2015 drepte tre personer i et rasistisk motivert sverdangrep ved skolen Kronan i Trollh\u00e4ttan.<\/p>\n<p>Ogs\u00e5 Anders Behring Breivik ble trukket frem i materialet som 18-\u00e5ringen delte.<\/p>\n<p><strong>Hadde ogs\u00e5 drapsplaner <\/strong><\/p>\n<p>Svensk politi opplyser at etterforskningen av den p\u00e5grepne ten\u00e5ringen n\u00e5 ogs\u00e5 omfatter mistanke om egne drapsplaner.<\/p>\n<p>\u2013 Ten\u00e5ringen etterforskes ogs\u00e5 for egne drapsplaner, bekrefter svensk politi overfor Sveriges Radio.<\/p>\n<p>Politiet har ikke opplyst n\u00e6rmere om hva slags planer ten\u00e5ringen skal ha hatt, eller hvordan disse eventuelt skal ha v\u00e6rt knyttet til skoleangrepet.<\/p>\n","protected":false},"excerpt":{"rendered":"En ten\u00e5ring som er mistenkt for \u00e5 ha medvirket til drap etter skoleangrepet i Fagersta i Sverige, etterforskes&hellip;\n","protected":false},"author":2,"featured_media":338400,"comment_status":"","ping_status":"","sticky":false,"template":"","format":"standard","meta":{"footnotes":"","_share_on_mastodon":"0"},"categories":[12],"tags":[20,21,24,25,15,22,23,13,30,28,29,14,16,26135,1359,26,27,42,43,44,45],"class_list":["post-338399","post","type-post","status-publish","format-standard","has-post-thumbnail","category-verden","tag-breaking-news","tag-breakingnews","tag-featured-news","tag-featurednews","tag-headlines","tag-latest-news","tag-latestnews","tag-news","tag-no","tag-norge","tag-norway","tag-nyheter","tag-overskrifter","tag-sverdangrep","tag-sverige","tag-top-stories","tag-topstories","tag-verden","tag-world","tag-world-news","tag-worldnews"],"share_on_mastodon":{"url":"https:\/\/pubeurope.com\/@no\/117186095047911911","error":""},"_links":{"self":[{"href":"https:\/\/www.europesays.com\/no\/wp-json\/wp\/v2\/posts\/338399","targetHints":{"allow":["GET"]}}],"collection":[{"href":"https:\/\/www.europesays.com\/no\/wp-json\/wp\/v2\/posts"}],"about":[{"href":"https:\/\/www.europesays.com\/no\/wp-json\/wp\/v2\/types\/post"}],"author":[{"embeddable":true,"href":"https:\/\/www.europesays.com\/no\/wp-json\/wp\/v2\/users\/2"}],"replies":[{"embeddable":true,"href":"https:\/\/www.europesays.com\/no\/wp-json\/wp\/v2\/comments?post=338399"}],"version-history":[{"count":0,"href":"https:\/\/www.europesays.com\/no\/wp-json\/wp\/v2\/posts\/338399\/revisions"}],"wp:featuredmedia":[{"embeddable":true,"href":"https:\/\/www.europesays.com\/no\/wp-json\/wp\/v2\/media\/338400"}],"wp:attachment":[{"href":"https:\/\/www.europesays.com\/no\/wp-json\/wp\/v2\/media?parent=338399"}],"wp:term":[{"taxonomy":"category","embeddable":true,"href":"https:\/\/www.europesays.com\/no\/wp-json\/wp\/v2\/categories?post=338399"},{"taxonomy":"post_tag","embeddable":true,"href":"https:\/\/www.europesays.com\/no\/wp-json\/wp\/v2\/tags?post=338399"}],"curies":[{"name":"wp","href":"https:\/\/api.w.org\/{rel}","templated":true}]}}