{"id":338461,"date":"2026-08-30T20:21:18","date_gmt":"2026-08-30T20:21:18","guid":{"rendered":"https:\/\/www.europesays.com\/no\/338461\/"},"modified":"2026-08-30T20:21:18","modified_gmt":"2026-08-30T20:21:18","slug":"minst-37-drept-etter-russisk-angrep","status":"publish","type":"post","link":"https:\/\/www.europesays.com\/no\/338461\/","title":{"rendered":"Minst 37 drept etter russisk angrep"},"content":{"rendered":"<p class=\"kicker \" style=\"\">Krigen i Ukraina:<\/p>\n<p class=\"subtitle \" style=\"\">Minst 37 personer er drept i et russisk angrep. Et ammunisjonslager skal ha eksplodert, og ukrainske myndigheter \u00e5pner etterforskning for tjenestefors\u00f8mmelse.<\/p>\n<p>\n    ENORME BRANNER: Kaotiske scener utspilte seg gjennom fredag kveld og natt til l\u00f8rdag, etter at et ammunisjonslager utenfor Kyiv ble rammet i et russisk droneangrep. 37 er bekreftet omkommet, et tall som kan stige gjennom dagen. Foto: Ukrainske myndigheter via Reuters \/ NTB\n  <\/p>\n<p>37 mennesker ble seint fredag kveld eller natt til l\u00f8rdag drept i russiske luftangrep mot landsbyen Myla i Butsja-regionen utenfor Kyiv.<\/p>\n<p>Det melder Kyiv-regionens guvern\u00f8r, Tymur Tkatsjenko, klokka 13.18. Dermed har d\u00f8dstallet steget fra de 27 som ble meldt tidligere l\u00f8rdag formiddag.<\/p>\n<p>N\u00f8detatene koordinerer n\u00e5 innsatsen p\u00e5 stedet, melder Tkatsjenko, og understreker at d\u00f8dstallet kan stige.<\/p>\n<p>42 personer skal ogs\u00e5 v\u00e6re skadd i angrepet, og flere enn 380 personer blir evakuert fra det ber\u00f8rte omr\u00e5det.\u00a0Flere titalls bygninger, inkludert 14 lagerbygninger, skal v\u00e6re \u00f8delagt i angrepet.<\/p>\n<p>    <a itemprop=\"url\" href=\"https:\/\/www.dagbladet.no\/nyheter\/blir-bare-verre-og-verre\/77550445\" rel=\"nofollow noopener\" target=\"_blank\"><\/p>\n<p>        <img loading=\"lazy\" decoding=\"async\" src=\"https:\/\/www.europesays.com\/no\/wp-content\/uploads\/2026\/08\/77550559.webp\" width=\"180\" height=\"81\" alt=\"\" class=\"lazyload\" style=\"--aspect-ratio-image: 2.22; \"\/><\/p>\n<p>        Dagbladet i Butsja: &#8211; Blir bare verre og verre<\/p>\n<p>    <\/a><\/p>\n<p>Eksplosjoner p\u00e5 stedet\t<\/p>\n<p>Det er beskrevet eksplosjoner p\u00e5 stedet etter angrepet, som f\u00f8rst ble meldt om fra Tkatsjenko ved 21-tida fredag.<\/p>\n<p>Det skal ha v\u00e6rt et ammunisjonslager som ble rammet i angrepet.<\/p>\n<p>&#8211; Et lager ble truffet, etterfulgt av en detonasjon. Dessverre har den omkringliggende infrastrukturen lidd betydelig skade &#8211; boligbygg, samt et omsorgshjem for eldre og personer med nedsatt funksjonsevne, er skadet, melder Ukrainas president Volodymyr Zelenskyj i en oppdatering p\u00e5 Facebook ved 11.30-tida.<\/p>\n<p>        <img loading=\"lazy\" decoding=\"async\" src=\"https:\/\/www.europesays.com\/no\/wp-content\/uploads\/2026\/08\/85080932.webp\" width=\"688\" height=\"386\" alt=\"\" class=\"\" style=\"--aspect-ratio-image: 1.78; \"\/><\/p>\n<p>\n        KAOTISK: En brannmann jobber i flammehavet etter eksplosjonen for\u00e5rsaket av et russisk droneangrep. Foto: Ukrainske myndigheter via Reuters \/ NTB\n    <\/p>\n<p>\u00c5pner etterforskning\t<\/p>\n<p>Zelenskyj opplyser samtidig at det n\u00e5 er \u00e5pnet etterforskning for tjenestefors\u00f8mmelse etter hendelsen.<\/p>\n<p>&#8211;\u00a0 De som tillot at dette skjedde m\u00e5 holdes ansvarlige for sine beslutninger, skriver Zelenskyj.<\/p>\n<p>&#8211; Det finnes regler. Ammunisjon kan ikke lagres i n\u00e6rheten av hjem eller andre boligomr\u00e5der. Passende konklusjoner vil absolutt bli trukket, skriver han videre.<\/p>\n<p>Det er andre dag p\u00e5 rad at Butsja-regionen rammes av et droneangrep.<\/p>\n<p>&#8211; Dette er terror mot sivile, skriver Tkatsjenko i en melding p\u00e5 Telegram.<\/p>\n<p>Kyiv-regionen har erkl\u00e6rt s\u00f8rgedag for de drepte i angrepet. Det skal flagges p\u00e5 halv stang i Kyiv-regionen, og flere underholdningstilbud begrenses, melder Tkatsjenko klokka 12.05.<\/p>\n<p>        N\u00f8yaktig ett \u00e5r etter at ni personer ble f\u00f8rt bort for \u00e5 henrettes av russiske soldater, ble de minnet av sine kj\u00e6re i Butsja. Men \u00e9n av dem overlevde. Video: Current Time TV, New York Times, AP, BBC. Reporter: H\u00e5vard T-L Knutsen. <\/p>\n<p>Rystende\t<\/p>\n<p>Butsja-regionen inkluderer ogs\u00e5 landsbyen ved samme navn rundt to mil nord for Myla.\u00a0<\/p>\n<p>Butsja ble okkupert av russiske styrker\u00a0helt innledningsvis i Russlands fullskalainvasjon 24. februar 2022.\u00a0<\/p>\n<p>Kyiv-forstaden var \u00e5sted for et av krigens mest rystende \u00f8yeblikk da russiske styrker i starten av invasjonen henrettet og brutalt drepte minst 78 sivile.\u00a0<\/p>\n<p>FN understreker at d\u00f8dstallet kan v\u00e6re langt h\u00f8yere, og ukrainske myndigheters d\u00f8dstall er p\u00e5 over 450.<\/p>\n<p>    <a itemprop=\"url\" href=\"https:\/\/www.dagbladet.no\/nyheter\/slik-skal-de-forsvare-kyiv\/75493694\" rel=\"nofollow noopener\" target=\"_blank\"><\/p>\n<p>        <img loading=\"lazy\" decoding=\"async\" src=\"https:\/\/www.europesays.com\/no\/wp-content\/uploads\/2026\/08\/75495150.webp\" width=\"180\" height=\"81\" alt=\"\" class=\"lazyload\" style=\"--aspect-ratio-image: 2.22; \"\/><\/p>\n<p>        Slik skal de forsvare Kyiv<\/p>\n<p>    <\/a><\/p>\n<p>Rystet verden\t<\/p>\n<p>Da pressen slapp inn i Butsja etter at Russland trakk seg ut av Kyiv l\u00e5 det fremdeles lik av sivile drepte i gatene. Pressebildene herfra rystet verden.<\/p>\n<p> Russiske myndigheter har nektet for \u00e5 ha beg\u00e5tt krigsforbrytelser i Butsja, men er blitt tilbakevist av satelittbilder, vitneprov og annet bilde- og videomateriale.<\/p>\n<p>En rekke av de russiske offiserene som var ansvarlige for grusomhetene, er seinere blitt forfremmet og mottatt dekorasjoner av den russiske krigerpresidenten Vladimir Putin. <\/p>\n<p>    <a itemprop=\"url\" href=\"https:\/\/www.dagbladet.no\/nyheter\/gjenkjenner-broren-a-gud\/75899848\" rel=\"nofollow noopener\" target=\"_blank\"><\/p>\n<p>        <img loading=\"lazy\" decoding=\"async\" src=\"https:\/\/www.europesays.com\/no\/wp-content\/uploads\/2026\/08\/75900670.webp\" width=\"147\" height=\"98\" alt=\"\" class=\"lazyload\" style=\"--aspect-ratio-image: 1.50; \"\/><\/p>\n<p>        Dagbladet i Butsja: Gjenkjenner broren: &#8211; \u00c5, Gud!<\/p>\n<p>    <\/a><\/p>\n","protected":false},"excerpt":{"rendered":"Krigen i Ukraina: Minst 37 personer er drept i et russisk angrep. Et ammunisjonslager skal ha eksplodert, og&hellip;\n","protected":false},"author":2,"featured_media":338462,"comment_status":"","ping_status":"","sticky":false,"template":"","format":"standard","meta":{"footnotes":"","_share_on_mastodon":"0"},"categories":[12],"tags":[20,21,26136,24,25,15,179,22,23,13,30,28,29,14,16,188,26,27,489,412,42,43,44,45],"class_list":["post-338461","post","type-post","status-publish","format-standard","has-post-thumbnail","category-verden","tag-breaking-news","tag-breakingnews","tag-butsja","tag-featured-news","tag-featurednews","tag-headlines","tag-krigen-i-ukraina","tag-latest-news","tag-latestnews","tag-news","tag-no","tag-norge","tag-norway","tag-nyheter","tag-overskrifter","tag-russland","tag-top-stories","tag-topstories","tag-ukraina","tag-utenriks","tag-verden","tag-world","tag-world-news","tag-worldnews"],"share_on_mastodon":{"url":"https:\/\/pubeurope.com\/@no\/117186323628294621","error":""},"_links":{"self":[{"href":"https:\/\/www.europesays.com\/no\/wp-json\/wp\/v2\/posts\/338461","targetHints":{"allow":["GET"]}}],"collection":[{"href":"https:\/\/www.europesays.com\/no\/wp-json\/wp\/v2\/posts"}],"about":[{"href":"https:\/\/www.europesays.com\/no\/wp-json\/wp\/v2\/types\/post"}],"author":[{"embeddable":true,"href":"https:\/\/www.europesays.com\/no\/wp-json\/wp\/v2\/users\/2"}],"replies":[{"embeddable":true,"href":"https:\/\/www.europesays.com\/no\/wp-json\/wp\/v2\/comments?post=338461"}],"version-history":[{"count":0,"href":"https:\/\/www.europesays.com\/no\/wp-json\/wp\/v2\/posts\/338461\/revisions"}],"wp:featuredmedia":[{"embeddable":true,"href":"https:\/\/www.europesays.com\/no\/wp-json\/wp\/v2\/media\/338462"}],"wp:attachment":[{"href":"https:\/\/www.europesays.com\/no\/wp-json\/wp\/v2\/media?parent=338461"}],"wp:term":[{"taxonomy":"category","embeddable":true,"href":"https:\/\/www.europesays.com\/no\/wp-json\/wp\/v2\/categories?post=338461"},{"taxonomy":"post_tag","embeddable":true,"href":"https:\/\/www.europesays.com\/no\/wp-json\/wp\/v2\/tags?post=338461"}],"curies":[{"name":"wp","href":"https:\/\/api.w.org\/{rel}","templated":true}]}}