{"id":338549,"date":"2026-08-30T22:33:15","date_gmt":"2026-08-30T22:33:15","guid":{"rendered":"https:\/\/www.europesays.com\/no\/338549\/"},"modified":"2026-08-30T22:33:15","modified_gmt":"2026-08-30T22:33:15","slug":"kommentar-kong-harald-var-sonjas-stottespiller","status":"publish","type":"post","link":"https:\/\/www.europesays.com\/no\/338549\/","title":{"rendered":"Kommentar: Kong Harald var Sonjas st\u00f8ttespiller"},"content":{"rendered":"\n<p class=\"_paragraph_145nj_4 _paragraph_6fko5_10 layout-component text-serif-m layout-normal text-serif-m layout-padded\">S\u00f8ndag skrittet <a href=\"https:\/\/www.vg.no\/tag\/dronning-sonja?utm_source=vg-article&amp;utm_medium=auto-tagger&amp;utm_campaign=aJpmkL\" class=\"_link_145nj_39\" rel=\"nofollow noopener\" target=\"_blank\">dronning Sonja<\/a> ut blant folk for \u00e5 delta i s\u00f8rgegudstjenesten etter sin ektemann, kongen. <\/p>\n<p class=\"_paragraph_145nj_4 _paragraph_6fko5_10 layout-component text-serif-m layout-normal text-serif-m layout-padded\">Dagen f\u00f8r var kongeparets 58. bryllupsdag. <\/p>\n<p class=\"_paragraph_145nj_4 _paragraph_6fko5_10 layout-component text-serif-m layout-normal text-serif-m layout-padded\">Kledd i sort gikk hun med st\u00f8dige skritt og stor verdighet inn i Asker kirke arm i arm med barnebarnet prins Sverre Magnus. <\/p>\n<p class=\"_paragraph_145nj_4 _paragraph_6fko5_10 layout-component text-serif-m layout-normal text-serif-m layout-padded\">Men det var ingen tvil. <\/p>\n<p class=\"_paragraph_145nj_4 _paragraph_6fko5_10 layout-component text-serif-m layout-normal text-serif-m layout-padded\">I en nasjon med 5,6 millioner mennesker som s\u00f8rger over kongens d\u00f8d \u2013 b\u00e6rer hun den tyngste sorgen. <\/p>\n<p class=\"_paragraph_145nj_4 _paragraph_6fko5_10 layout-component text-serif-m layout-normal text-serif-m layout-padded\">Men det var ikke bare en s\u00f8rgende enke som gikk inn i kirken. Det var Norges dronning.<\/p>\n<p class=\"_paragraph_145nj_4 _paragraph_6fko5_10 layout-component text-serif-m layout-normal text-serif-m layout-padded\">I sorgen er det lett \u00e5 overse noe vesentlig ved historien om kong Harald: Han utf\u00f8rte ikke livsgjerningen alene.<\/p>\n<p class=\"_paragraph_145nj_4 _paragraph_6fko5_10 layout-component text-serif-m layout-normal text-serif-m layout-padded\">Mennesker formes av dem de lever tettest med. <\/p>\n<p class=\"_paragraph_145nj_4 _paragraph_6fko5_10 layout-component text-serif-m layout-normal text-serif-m layout-padded\">I n\u00e6rmere syv ti\u00e5r levde kongen tettest med dronning Sonja. <\/p>\n<p class=\"_paragraph_145nj_4 _paragraph_6fko5_10 layout-component text-serif-m layout-normal text-serif-m layout-padded\">Kong Harald og dronning Sonja formet hverandre. <\/p>\n<p class=\"_paragraph_145nj_4 _paragraph_6fko5_10 layout-component text-serif-m layout-normal text-serif-m layout-padded\">I <a href=\"https:\/\/www.vg.no\/nyheter\/i\/Ll9Pm9\/dronning-sonja-85-foelte-seg-uoensket\" data-track-element-type=\"Link\" data-track-id=\"link:Ll9Pm9\" class=\"_link_145nj_39\" rel=\"nofollow noopener\" target=\"_blank\">et intervju med VG <\/a>i 2023 stilte jeg henne f\u00f8lgende sp\u00f8rsm\u00e5l:<\/p>\n<p class=\"_paragraph_145nj_4 _paragraph_6fko5_10 layout-component text-serif-m layout-normal text-serif-m layout-padded\">\u00abAlle kvinner trenger st\u00f8ttespillere. Hvem har det v\u00e6rt for dronningen\u00bb?  <\/p>\n<p class=\"_paragraph_145nj_4 _paragraph_6fko5_10 layout-component text-serif-m layout-normal text-serif-m layout-padded\">\u00abDet er faktisk min mann\u00bb, svarte dronningen. <\/p>\n<p class=\"_paragraph_145nj_4 _paragraph_6fko5_10 layout-component text-serif-m layout-normal text-serif-m layout-padded\">Det sier noe vesentlig om ekteskapet deres. <\/p>\n<p class=\"_paragraph_145nj_4 _paragraph_6fko5_10 layout-component text-serif-m layout-normal text-serif-m layout-padded\">For Harald ble Sonja en viktig st\u00f8ttespiller i kongsgjerningen. For Sonja ble Harald den som etter hvert forsto at hun m\u00e5tte f\u00e5 en egen plass i kongehuset.<\/p>\n<p><img alt=\"SAMMEN FOR NORGE: Kongeparet bes\u00f8kte nesten alle av landets 357 kommuner. Dette bildet er tatt ved bes\u00f8k i Bindal i 2023.  Foto: Annika Byrde \/ NTB\" class=\"_image_jw3bv_65 layout-component layout-normal\" data-fullscreen- data-track-element-type=\"Article image fullscreen\" data-track-name=\"ImageFullscreen\" decoding=\"async\" loading=\"lazy\" height=\"2806\" itemprop=\"image\"  src=\"https:\/\/www.europesays.com\/no\/wp-content\/uploads\/2026\/08\/1d39b82b-4a3e-309b-bc3f-55b1ef7675d5.jpeg\"  style=\"object-position:0% 0%\" width=\"3676\"\/>SAMMEN FOR NORGE: Kongeparet bes\u00f8kte nesten alle av landets 357 kommuner. Dette bildet er tatt ved bes\u00f8k i Bindal i 2023.  Foto: Annika Byrde \/ NTB<\/p>\n<p class=\"_paragraph_145nj_4 _paragraph_6fko5_10 layout-component text-serif-m layout-normal text-serif-m layout-padded\">Dronningen, som i dag er elsket og omfavnet, kom inn i et kongehus der det ikke var noen ferdig plass for henne. <\/p>\n<p class=\"_paragraph_145nj_4 _paragraph_6fko5_10 layout-component text-serif-m layout-normal text-serif-m layout-padded\">Hun hadde ikke egen sekret\u00e6r, apanasje eller kontor. <\/p>\n<p class=\"_paragraph_145nj_4 _paragraph_6fko5_10 layout-component text-serif-m layout-normal text-serif-m layout-padded\">Kong Harald forsto etter hvert dette, og han hjalp henne. <\/p>\n<p class=\"_paragraph_145nj_4 _paragraph_6fko5_10 layout-component text-serif-m layout-normal text-serif-m layout-padded\">Selv har hun fortalt at han skj\u00f8nte at hun m\u00e5tte f\u00e5 hjelp til \u00e5 finne sin plass, ogs\u00e5 n\u00e5r ikke alle rundt henne gjorde det.<\/p>\n<p class=\"_paragraph_145nj_4 _paragraph_6fko5_10 layout-component text-serif-m layout-normal text-serif-m layout-padded\">\u00abP\u00e5 en m\u00e5te er man jo selvlaget\u00bb, sa hun.<\/p>\n<p class=\"_paragraph_145nj_4 _paragraph_6fko5_10 layout-component text-serif-m layout-normal text-serif-m layout-padded\">Hun laget seg sin egen rolle. Det tok henne 22 \u00e5r \u00e5 f\u00e5 sitt eget kontor p\u00e5 Slottet.<\/p>\n<p><img alt=\"KONTORET: I 22 \u00e5r kjempet dronning Sonja for eget kontor p\u00e5 slottet. Her sitter hun ved sitt skrivebod p\u00e5 kontoret. Bildet er tatt i 2010.  Foto: Janne M\u00f8ller-Hansen \/ VG\" class=\"_image_jw3bv_65 layout-component layout-normal\" data-fullscreen- data-track-element-type=\"Article image fullscreen\" data-track-name=\"ImageFullscreen\" decoding=\"async\" loading=\"lazy\" height=\"3313\" itemprop=\"image\"  src=\"https:\/\/www.europesays.com\/no\/wp-content\/uploads\/2026\/08\/7cf3bb38-3037-31ad-a978-c874d8e26717.jpeg\"  style=\"object-position:0% 0%\" width=\"4798\"\/>KONTORET: I 22 \u00e5r kjempet dronning Sonja for eget kontor p\u00e5 slottet. Her sitter hun ved sitt skrivebod p\u00e5 kontoret. Bildet er tatt i 2010.  Foto: Janne M\u00f8ller-Hansen \/ VG<\/p>\n<p class=\"_paragraph_145nj_4 _paragraph_6fko5_10 layout-component text-serif-m layout-normal text-serif-m layout-padded\">Kunst, natur og friluftsliv ble sentrale deler av hennes eget virke. <\/p>\n<p class=\"_paragraph_145nj_4 _paragraph_6fko5_10 layout-component text-serif-m layout-normal text-serif-m layout-padded\">Det finnes med andre ord et helt eget Sonja-prosjekt.<\/p>\n<p class=\"_paragraph_145nj_4 _paragraph_6fko5_10 layout-component text-serif-m layout-normal text-serif-m layout-padded\">Men p\u00e5 ett omr\u00e5de m\u00f8ttes hennes og kongens gjerning  tydelig: i arbeidet med \u00e5 holde sammen et Norge i endring.<\/p>\n<p class=\"_paragraph_145nj_4 _paragraph_6fko5_10 layout-component text-serif-m layout-normal text-serif-m layout-padded\">De var ikke bare mann og kone. De var et arbeidsfellesskap. Et lag. Team Norge. <\/p>\n<p class=\"_paragraph_145nj_4 _paragraph_6fko5_10 layout-component text-serif-m layout-normal text-serif-m layout-padded\">Sammen har de forsterket samfunnslimet. <\/p>\n<p class=\"_paragraph_145nj_4 _paragraph_6fko5_10 layout-component text-serif-m layout-normal text-serif-m layout-padded\">Dronningen begynte tidlig, allerede p\u00e5 70-tallet da de nye arbeidsinnvandrerne kom. <\/p>\n<p class=\"_paragraph_145nj_4 _paragraph_6fko5_10 layout-component text-serif-m layout-normal text-serif-m layout-padded\">\u00abJeg vokste opp med at vi skal v\u00e6re et gjestfritt folk\u00bb, har hun sagt. Og da de nye innvandrerne kom, tenkte hun: \u00abVi er jo et vertskap \u2013 vi m\u00e5 gj\u00f8re noe positivt\u00bb. <\/p>\n<p class=\"_paragraph_145nj_4 _paragraph_6fko5_10 layout-component text-serif-m layout-normal text-serif-m layout-padded\">Og det gjorde hun. Hun opps\u00f8kte den gang innvandrerkvinner da de gikk p\u00e5 matkurs, fikk rettslig oppl\u00e6ring og skulle bli kjent med det norske samfunnet.<\/p>\n<p><img alt=\"INKLUDERTE: Kongeparet var opptatt av inkludering og mangfold. Bildet er fra et bes\u00f8k p\u00e5 Grunerl\u00f8kka i Oslo i 2009.  Foto: Knut Falch \/ NTB\" class=\"_image_jw3bv_65 layout-component layout-normal\" data-fullscreen- data-track-element-type=\"Article image fullscreen\" data-track-name=\"ImageFullscreen\" decoding=\"async\" loading=\"lazy\" height=\"2592\" itemprop=\"image\"  src=\"https:\/\/www.europesays.com\/no\/wp-content\/uploads\/2026\/08\/e63f131b-5d3b-337c-8666-99176f7e2a14.jpeg\"  style=\"object-position:0% 0%\" width=\"3888\"\/>INKLUDERTE: Kongeparet var opptatt av inkludering og mangfold. Bildet er fra et bes\u00f8k p\u00e5 Grunerl\u00f8kka i Oslo i 2009.  Foto: Knut Falch \/ NTB<\/p>\n<p class=\"_paragraph_145nj_4 _paragraph_6fko5_10 layout-component text-serif-m layout-normal text-serif-m layout-padded\">Dette arbeidet har hun fortsatt med i alle ti\u00e5r siden. <\/p>\n<p class=\"_paragraph_145nj_4 _paragraph_6fko5_10 layout-component text-serif-m layout-normal text-serif-m layout-padded\">S\u00e5 da kongen i sin ber\u00f8mte tale i Dronningparken sa: \u00abNorge er dere. Norge er oss\u00bb, uttrykte han ogs\u00e5 et menneskesyn han delte med sin kone, dronning Sonja. <\/p>\n<p class=\"_paragraph_145nj_4 _paragraph_6fko5_10 layout-component text-serif-m layout-normal text-serif-m layout-padded\">Kong Harald hadde ikke bare en kone ved sin side. <\/p>\n<p class=\"_paragraph_145nj_4 _paragraph_6fko5_10 layout-component text-serif-m layout-normal text-serif-m layout-padded\">Han hadde en kvinne som forsto utenforskap, skapte seg et eget rom og \u00e5pnet rommet videre. <\/p>\n<p class=\"_paragraph_145nj_4 _paragraph_6fko5_10 layout-component text-serif-m layout-normal text-serif-m layout-padded\">N\u00e5 er kongen borte. <\/p>\n<p class=\"_paragraph_145nj_4 _paragraph_6fko5_10 layout-component text-serif-m layout-normal text-serif-m layout-padded\">Men rollen Dronning Sonja har bygget, forsvinner ikke med ham. <\/p>\n<p class=\"_paragraph_145nj_4 _paragraph_6fko5_10 layout-component text-serif-m layout-normal text-serif-m layout-padded\">I 2026, som i 1968, har hun ingen oppskrift p\u00e5 veien videre. <\/p>\n<p class=\"_paragraph_145nj_4 _paragraph_6fko5_10 layout-component text-serif-m layout-normal text-serif-m layout-padded\">N\u00e5 er s\u00f8nnen kongen. <\/p>\n<p class=\"_paragraph_145nj_4 _paragraph_6fko5_10 layout-component text-serif-m layout-normal text-serif-m layout-padded\">Og ved hans side st\u00e5r en mor med erfaringer ingen andre i kongefamilien har. <\/p>\n<p class=\"_paragraph_145nj_4 _paragraph_6fko5_10 layout-component text-serif-m layout-normal text-serif-m layout-padded\">I sin f\u00f8rste tale som konge sa Haakon at hun hadde v\u00e6rt en stor styrke for faren og at de sammen ble \u00abet sterkt kongepar som utfylte hverandre godt\u00bb. <\/p>\n<p class=\"_paragraph_145nj_4 _paragraph_6fko5_10 layout-component text-serif-m layout-normal text-serif-m layout-padded\">Han sa ogs\u00e5: \u00abJeg vet hvor mye hun betydde for at Kong Harald sto s\u00e5 st\u00f8tt i livsgjerningen sin. I livsgjerningen de delte.\u00bb<\/p>\n<p class=\"_paragraph_145nj_4 _paragraph_6fko5_10 layout-component text-serif-m layout-normal text-serif-m layout-padded\">Det er en sterk arv \u00e5 ta med seg videre. <\/p>\n<p class=\"_paragraph_145nj_4 _paragraph_6fko5_10 layout-component text-serif-m layout-normal text-serif-m layout-padded\">Hvilken rolle Dronning Sonja f\u00e5r, vet vi forel\u00f8pig ikke.<\/p>\n<p class=\"_paragraph_145nj_4 _paragraph_6fko5_10 layout-component text-serif-m layout-normal text-serif-m layout-padded\">Men hun kommer til den med flere ti\u00e5r i kongehuset.<\/p>\n<p class=\"_paragraph_145nj_4 _paragraph_6fko5_10 layout-component text-serif-m layout-normal text-serif-m layout-padded\">Hun har v\u00e6rt med p\u00e5 \u00e5 forme det moderne norske monarkiet. Den erfaringen forsvinner ikke med kong Harald.<\/p>\n<p class=\"_paragraph_145nj_4 _paragraph_6fko5_10 layout-component text-serif-m layout-normal text-serif-m layout-padded\">Dronning Sonja er fortsatt her.<\/p>\n<p><img alt=\"Foto: Cornelius Poppe \/ POOL \/ NTB\" class=\"_image_jw3bv_65 layout-component layout-normal\" data-fullscreen- data-track-element-type=\"Article image fullscreen\" data-track-name=\"ImageFullscreen\" decoding=\"async\" loading=\"lazy\" height=\"5760\" itemprop=\"image\"  src=\"https:\/\/www.europesays.com\/no\/wp-content\/uploads\/2026\/08\/b726aa07-5d17-3384-ab24-6190d27ff07f.jpeg\"  style=\"object-position:0% 0%\" width=\"8640\"\/>Foto: Cornelius Poppe \/ POOL \/ NTB   Dette er en kommentar. Kommentaren gir uttrykk for skribentens holdning. <\/p>\n","protected":false},"excerpt":{"rendered":"S\u00f8ndag skrittet dronning Sonja ut blant folk for \u00e5 delta i s\u00f8rgegudstjenesten etter sin ektemann, kongen. Dagen f\u00f8r&hellip;\n","protected":false},"author":2,"featured_media":338550,"comment_status":"","ping_status":"","sticky":false,"template":"","format":"standard","meta":{"footnotes":"","_share_on_mastodon":"0"},"categories":[10],"tags":[20,21,1560,24,25,15,26073,26105,26134,22,23,13,30,28,29,14,16,26,27,103],"class_list":["post-338549","post","type-post","status-publish","format-standard","has-post-thumbnail","category-norge","tag-breaking-news","tag-breakingnews","tag-dronning-sonja","tag-featured-news","tag-featurednews","tag-headlines","tag-kong-haakon-8","tag-kong-harald-5","tag-kong-haralds-dod","tag-latest-news","tag-latestnews","tag-news","tag-no","tag-norge","tag-norway","tag-nyheter","tag-overskrifter","tag-top-stories","tag-topstories","tag-vgmeninger"],"share_on_mastodon":{"url":"https:\/\/pubeurope.com\/@no\/117186842831959433","error":""},"_links":{"self":[{"href":"https:\/\/www.europesays.com\/no\/wp-json\/wp\/v2\/posts\/338549","targetHints":{"allow":["GET"]}}],"collection":[{"href":"https:\/\/www.europesays.com\/no\/wp-json\/wp\/v2\/posts"}],"about":[{"href":"https:\/\/www.europesays.com\/no\/wp-json\/wp\/v2\/types\/post"}],"author":[{"embeddable":true,"href":"https:\/\/www.europesays.com\/no\/wp-json\/wp\/v2\/users\/2"}],"replies":[{"embeddable":true,"href":"https:\/\/www.europesays.com\/no\/wp-json\/wp\/v2\/comments?post=338549"}],"version-history":[{"count":0,"href":"https:\/\/www.europesays.com\/no\/wp-json\/wp\/v2\/posts\/338549\/revisions"}],"wp:featuredmedia":[{"embeddable":true,"href":"https:\/\/www.europesays.com\/no\/wp-json\/wp\/v2\/media\/338550"}],"wp:attachment":[{"href":"https:\/\/www.europesays.com\/no\/wp-json\/wp\/v2\/media?parent=338549"}],"wp:term":[{"taxonomy":"category","embeddable":true,"href":"https:\/\/www.europesays.com\/no\/wp-json\/wp\/v2\/categories?post=338549"},{"taxonomy":"post_tag","embeddable":true,"href":"https:\/\/www.europesays.com\/no\/wp-json\/wp\/v2\/tags?post=338549"}],"curies":[{"name":"wp","href":"https:\/\/api.w.org\/{rel}","templated":true}]}}