{"id":338591,"date":"2026-08-31T00:47:12","date_gmt":"2026-08-31T00:47:12","guid":{"rendered":"https:\/\/www.europesays.com\/no\/338591\/"},"modified":"2026-08-31T00:47:12","modified_gmt":"2026-08-31T00:47:12","slug":"kong-harald-dronning-sonja-dronning-sonja-kan-holde-historisk-tale","status":"publish","type":"post","link":"https:\/\/www.europesays.com\/no\/338591\/","title":{"rendered":"Kong Harald, Dronning Sonja | Dronning Sonja kan holde historisk tale"},"content":{"rendered":"\n<p>(<a href=\"https:\/\/www.nettavisen.no\/nyheter\/dronning-sonja-kan-holde-historisk-tale\/s\/80-95-41885\" rel=\"Follow nofollow noopener\" target=\"_blank\">Nettavisen<\/a>) Da kong Harald V gikk bort fredag morgen, ble han den f\u00f8rste norske kongen etter unionsoppl\u00f8sningen som etterlater seg en dronning.<\/p>\n<p>B\u00e5de kong Haakon VII og kong Olav V overlevde henholdsvis dronning Maud og kronprinsesse M\u00e4rtha.<\/p>\n<p>Det knytter seg derfor mange sp\u00f8rsm\u00e5l rundt dronning Sonja og hennes rolle, ogs\u00e5 n\u00e5r kong Harald skal stedes til hvile.<\/p>\n<p>S\u00f8ndag kunngjorde Kongehuset at kong Haralds gravferd finner sted onsdag 9. september.<\/p>\n<p>Hvilken rolle dronning Sonja f\u00e5r der, og om hun skal tale, er fremdeles ikke kjent.<\/p>\n<p>  <a href=\"https:\/\/www.rb.no\/80-43-11857\" class=\"related-teaser has-image article--c-MkAkR\" rel=\"nofollow noopener\" target=\"_blank\"><\/p>\n<p>    <img decoding=\"async\" width=\"155\"  loading=\"lazy\"  src=\"https:\/\/www.europesays.com\/no\/wp-content\/uploads\/2026\/08\/Folkets konge: yeblikkene vi aldri glemmer.bin.jpeg\" alt=\"\" class=\"brick-c-cFOWSL\" style=\"\"\/><\/p>\n<p>\n            Les ogs\u00e5<\/p>\n<p>            Slik blir avskjeden med kong Harald\n        <\/p>\n<p>  <\/a><br \/>\n  Kongehusekspert: \u2013 Ville ikke blitt overrasket<\/p>\n<p>Dersom hun velger \u00e5 tale, vil hun i s\u00e5 fall bli historisk som f\u00f8rste norske dronning som taler i sin ektemanns gravferd.<\/p>\n<p>Nettavisens kongehusekspert Tove Taalesen, ville ikke blitt overrasket dersom dronning Sonja valgte \u00e5 tale.<\/p>\n<p>\u2013 De var jo gift i 58 \u00e5r, og dronning Sonja er god p\u00e5 \u00e5 holde taler. Jeg ville ikke blitt overrasket dersom hun gj\u00f8r det. Men jeg har ikke noe forventning om at hun skal gj\u00f8re det, sier Taalesen.<\/p>\n<p>Hun er ikke kjent med at det finnes noen f\u00f8ringer for om en dronning burde tale eller ikke.<\/p>\n<p>\u2013 Men det vil jo v\u00e6re et veldig sterkt \u00f8yeblikk hvis hun holder en tale, sier Taalesen og blir r\u00f8rt av tanken.<\/p>\n<p>  <a href=\"https:\/\/www.rb.no\/80-43-11395\" class=\"related-teaser has-image article--c-MkAkR\" rel=\"nofollow noopener\" target=\"_blank\"><\/p>\n<p>    <img decoding=\"async\" width=\"155\"  loading=\"lazy\"  src=\"https:\/\/www.europesays.com\/no\/wp-content\/uploads\/2026\/08\/NTB_eFWRvzBbzRs.jpg\" alt=\"\" class=\"brick-c-cFOWSL\" style=\"\"\/><\/p>\n<p>\n            Les ogs\u00e5<\/p>\n<p>            Kongehuseksperter: Personlig konge som kommer til \u00e5 lytte til folk\n        <\/p>\n<p>  <\/a><br \/>\n  Utelukker ikke taler fra barnebarna: \u2013 Usannsynlig<\/p>\n<p>Hun \u00f8nsker ikke \u00e5 sp\u00e5 i for stor grad hvem som faktisk vil holde tale under gravferden, men nevner noen hun forventer vi kommer til \u00e5 f\u00e5 se p\u00e5 talerstolen likevel.<\/p>\n<p>\u2013 Det er vanskelig \u00e5 gjette hvem som skal holde tale, men jeg tror stortingspresidenten, statsministeren og kanskje kong Haakon VIII. S\u00e5 hadde det v\u00e6rt utrolig r\u00f8rende med dronning Sonja.<\/p>\n<p>Hun tror ingen av barnebarna kommer til \u00e5 holde tale, men utelukker samtidig ingenting, og peker p\u00e5 at vi for f\u00f8rste gang har en myndig kronprinsesse:<\/p>\n<p>\u2013 Hun er en voksen kronprinsesse, som ogs\u00e5 har jobbet tett p\u00e5 kong Harald. De tre generasjonene har jo jobbet tett sammen, s\u00e5 det er klart det er tette b\u00e5nd der.<\/p>\n<p>Avslutningsvis understreker Taalesen at det ikke er sikkert alt er spikret enn\u00e5, da det fremdeles er halvannen uke til gravferden.<\/p>\n<p>\u2013 Kanskje man trenger tid til \u00e5 tenke gjennom hva man orker \u00e5 gj\u00f8re i en s\u00e5nn situasjon ogs\u00e5 da.<\/p>\n<p>  <a href=\"https:\/\/www.rb.no\/80-43-11167\" class=\"related-teaser has-image article--c-MkAkR\" rel=\"nofollow noopener\" target=\"_blank\"><\/p>\n<p>    <img decoding=\"async\" width=\"155\"  loading=\"lazy\"  src=\"https:\/\/www.europesays.com\/no\/wp-content\/uploads\/2026\/08\/71B38D59-93DD-41F1-9624-EDE9F404C01D_1_201_a.jpeg\" alt=\"\" class=\"brick-c-cFOWSL\" style=\"\"\/><\/p>\n<p>\n            Les ogs\u00e5<\/p>\n<p>            Kong Haakons f\u00f8rste tale: \u2013\u00a0Jeg kommer til \u00e5 savne han\n        <\/p>\n<p>  <\/a><\/p>\n<p>  <a href=\"https:\/\/www.rb.no\/80-43-11182\" class=\"related-teaser has-image article--c-MkAkR\" rel=\"nofollow noopener\" target=\"_blank\"><\/p>\n<p>    <img decoding=\"async\" width=\"155\"  loading=\"lazy\"  src=\"https:\/\/www.europesays.com\/no\/wp-content\/uploads\/2026\/08\/cueres_scp-mangler_navn_znF1mmYm_yU.jpg\" alt=\"\" class=\"brick-c-cFOWSL\" style=\"\"\/><\/p>\n<p>\n            Les ogs\u00e5<\/p>\n<p>            Les hele talen til folket\n        <\/p>\n<p>  <\/a><\/p>\n","protected":false},"excerpt":{"rendered":"(Nettavisen) Da kong Harald V gikk bort fredag morgen, ble han den f\u00f8rste norske kongen etter unionsoppl\u00f8sningen som&hellip;\n","protected":false},"author":2,"featured_media":338592,"comment_status":"","ping_status":"","sticky":false,"template":"","format":"standard","meta":{"footnotes":"","_share_on_mastodon":"0"},"categories":[10],"tags":[36,20,21,1560,24,25,26140,15,2590,1222,22,23,13,30,28,29,14,16,1510,19408,26,27],"class_list":["post-338591","post","type-post","status-publish","format-standard","has-post-thumbnail","category-norge","tag-art","tag-breaking-news","tag-breakingnews","tag-dronning-sonja","tag-featured-news","tag-featurednews","tag-gravferd","tag-headlines","tag-kong-harald","tag-kongefamilien","tag-latest-news","tag-latestnews","tag-news","tag-no","tag-norge","tag-norway","tag-nyheter","tag-overskrifter","tag-story","tag-tale","tag-top-stories","tag-topstories"],"share_on_mastodon":{"url":"https:\/\/pubeurope.com\/@no\/117187369418271569","error":""},"_links":{"self":[{"href":"https:\/\/www.europesays.com\/no\/wp-json\/wp\/v2\/posts\/338591","targetHints":{"allow":["GET"]}}],"collection":[{"href":"https:\/\/www.europesays.com\/no\/wp-json\/wp\/v2\/posts"}],"about":[{"href":"https:\/\/www.europesays.com\/no\/wp-json\/wp\/v2\/types\/post"}],"author":[{"embeddable":true,"href":"https:\/\/www.europesays.com\/no\/wp-json\/wp\/v2\/users\/2"}],"replies":[{"embeddable":true,"href":"https:\/\/www.europesays.com\/no\/wp-json\/wp\/v2\/comments?post=338591"}],"version-history":[{"count":0,"href":"https:\/\/www.europesays.com\/no\/wp-json\/wp\/v2\/posts\/338591\/revisions"}],"wp:featuredmedia":[{"embeddable":true,"href":"https:\/\/www.europesays.com\/no\/wp-json\/wp\/v2\/media\/338592"}],"wp:attachment":[{"href":"https:\/\/www.europesays.com\/no\/wp-json\/wp\/v2\/media?parent=338591"}],"wp:term":[{"taxonomy":"category","embeddable":true,"href":"https:\/\/www.europesays.com\/no\/wp-json\/wp\/v2\/categories?post=338591"},{"taxonomy":"post_tag","embeddable":true,"href":"https:\/\/www.europesays.com\/no\/wp-json\/wp\/v2\/tags?post=338591"}],"curies":[{"name":"wp","href":"https:\/\/api.w.org\/{rel}","templated":true}]}}