{"id":338621,"date":"2026-08-31T02:51:40","date_gmt":"2026-08-31T02:51:40","guid":{"rendered":"https:\/\/www.europesays.com\/no\/338621\/"},"modified":"2026-08-31T02:51:40","modified_gmt":"2026-08-31T02:51:40","slug":"martha-louise-og-maud-angelica-ble-hos-dronning-sonja-etter-farvel-med-kong-harald-2","status":"publish","type":"post","link":"https:\/\/www.europesays.com\/no\/338621\/","title":{"rendered":"M\u00e4rtha Louise og Maud Angelica ble hos dronning Sonja etter farvel med kong Harald"},"content":{"rendered":"<p class=\"kicker \" style=\"\">Kong Harald er d\u00f8d:\u00a0<\/p>\n<p class=\"subtitle \" style=\"\">Prinsesse M\u00e4rtha Louise og Maud Angelica ble med Sonja hjem.\u00a0Maud vet hva sorgen krever.<\/p>\n<p>\n    STOR SORG: Dronning Sonja har de siste \u00e5rene g\u00e5tt i begravelse etter begravelse etterhvert som vennene har falt fra. N\u00e5 skal hun snart g\u00e5 i sin tyngste. Foto: Se og H\u00f8r Arkiv \/ Andreas Fadum\n  <\/p>\n<p>Fredag kveld tok dronning Sonja (89) farvel med mannen hun hadde delt livet med i mer enn seks ti\u00e5r. Etter den private likvaken p\u00e5 Slottet reiste hun tilbake til Bygd\u00f8 Kongsg\u00e5rd.<\/p>\n<p class=\"font-weight-bold m-font-weight-bold\" data-lab-font_weight=\"font-weight-bold\">Men hun var ikke alene.<\/p>\n<p>    <a itemprop=\"url\" href=\"https:\/\/www.seher.no\/kongelig\/sterkt-mote-ved-skaugum\/85079668\" rel=\"nofollow noopener\" target=\"_blank\"><\/p>\n<p>        <img loading=\"lazy\" decoding=\"async\" src=\"https:\/\/www.europesays.com\/no\/wp-content\/uploads\/2026\/08\/1788144695_217_85079797.webp\" width=\"147\" height=\"98\" alt=\"\" class=\"lazyload\" style=\"--aspect-ratio-image: 1.50; \"\/><\/p>\n<p>        Stilte opp midt i sorgen<\/p>\n<p>    <\/a><\/p>\n<p>Prinsesse M\u00e4rtha Louise (54) og datteren Maud Angelica Behn (23) fulgte dronningen hjem etter den tunge kvelden. De tre satt sammen i baksetet &#8211; da limousinen kj\u00f8rte dem til Bygd\u00f8y..<\/p>\n<p>Bildet vitner om en familie som n\u00e5 sl\u00e5r ring om Sonja i hennes aller st\u00f8rste sorg.<\/p>\n<p>        <img loading=\"lazy\" decoding=\"async\" src=\"https:\/\/www.europesays.com\/no\/wp-content\/uploads\/2026\/08\/1788144695_421_85080351.webp\" width=\"667\" height=\"507\" alt=\"\" class=\"\" style=\"--aspect-ratio-image: 1.32; filter: brightness(1.9);\"\/><\/p>\n<p>\n        SAMMEN: Her ser vi fra venstredronning Sonja, prinsesse M\u00e4rtha Louise og Maud Angelica Behn p\u00e5 vei til Bygd\u00f8 Kongsg\u00e5rd fredag kveld. Foto: Se og H\u00f8r\n    <\/p>\n<p>Vet hva sorgen inneb\u00e6rer<\/p>\n<p>For M\u00e4rtha og Maud er den altoppslukende sorgen dessverre ikke ukjent.<\/p>\n<p>De mistet Ari Behn i 2019 og vet bedre enn de fleste hvor viktig det kan v\u00e6re \u00e5 ha sine n\u00e6rmeste rundt seg n\u00e5r livet plutselig blir snudd p\u00e5 hodet. Den gang var dronning Sonjas st\u00f8tte uvurderlig.<\/p>\n<p>        HVA SKJER N\u00c5: Etter en konges bortgang oppst\u00e5r det mange sp\u00f8rsm\u00e5l, v\u00e5r kongehusekspert Caroline Vagle svarer opp de mest stilte sp\u00f8rsm\u00e5lene. Video og Foto: NTB \/ Se og H\u00f8r \/\/ Programleder: Caroline Vagle<\/p>\n<p>M\u00e4rtha, Durek Verrett og de tre jentene var samlet p\u00e5 Kongsseteren for \u00e5 feire jul med kongeparet da Ari d\u00f8de \u2013 og familien sto sammen i sorgen i dagene som fulgte<\/p>\n<p>\u00a0Det gj\u00f8r de ogs\u00e5 denne gangen, men n\u00e5 er det dronning Sonja som trenger ekstra omsorg.<\/p>\n<p>    <a itemprop=\"url\" href=\"https:\/\/www.seher.no\/kongelig\/her-reiser-marius-med-familien\/85077133\" rel=\"nofollow noopener\" target=\"_blank\"><\/p>\n<p>        <img loading=\"lazy\" decoding=\"async\" src=\"https:\/\/www.europesays.com\/no\/wp-content\/uploads\/2026\/08\/1788144696_813_85079189.webp\" width=\"180\" height=\"81\" alt=\"\" class=\"lazyload\" style=\"--aspect-ratio-image: 2.22; \"\/><\/p>\n<p>        Her reiser Marius med familien<\/p>\n<p>    <\/a><\/p>\n<p>Prinsesse M\u00e4rtha Louise og Maud Angelica overnattet p\u00e5 Kongsg\u00e5rden, og det er n\u00e6rliggende \u00e5 tro at de \u00f8nsket \u00e5 v\u00e6re sammen med Sonja og s\u00f8rge for at hun ikke m\u00e5tte m\u00f8te de f\u00f8rste timene alene.<\/p>\n<p>        <img loading=\"lazy\" decoding=\"async\" src=\"https:\/\/www.europesays.com\/no\/wp-content\/uploads\/2026\/08\/1788144696_281_85080325.webp\" width=\"667\" height=\"381\" alt=\"\" class=\"\" style=\"--aspect-ratio-image: 1.75; \"\/><\/p>\n<p>\n        N\u00c6RT B\u00c5ND: Dronning Sonja, Emma Tallulah, Maud Angelica og prinsesse M\u00e4rtha Louise p\u00e5 b\u00e5ttur p\u00e5 Tj\u00f8me. Foto: Se og H\u00f8r\n    <\/p>\n<p>Hjemmet fullt av minner<\/p>\n<p>Bygd\u00f8 Kongsg\u00e5rd har v\u00e6rt et viktig hjem for Harald og Sonja gjennom en \u00e5rrekke. Her finnes minner fra et langt liv sammen \u2013 fra helt vanlige dager til store familie\u00f8yeblikk.<\/p>\n<p>    <a itemprop=\"url\" href=\"https:\/\/www.seher.no\/kongelig\/skal-tale-til-folket\/85076486\" rel=\"nofollow noopener\" target=\"_blank\"><\/p>\n<p>        <img loading=\"lazy\" decoding=\"async\" src=\"https:\/\/www.europesays.com\/no\/wp-content\/uploads\/2026\/08\/1788144697_505_85076329.webp\" width=\"180\" height=\"81\" alt=\"\" class=\"lazyload\" style=\"--aspect-ratio-image: 2.22; \"\/><\/p>\n<p>        Skal tale til folket<\/p>\n<p>    <\/a><\/p>\n<p>Fredag morgen var Harald fremdeles ektemannen hun hadde delt livet med. Da telefonen kom fra s\u00f8nnen kong Haakon i morgentimene, fikk Sonja beskjeden ingen \u00f8nsker \u00e5 f\u00e5: Hennes kj\u00e6re var d\u00f8d.<\/p>\n<p>        <img loading=\"lazy\" decoding=\"async\" src=\"https:\/\/www.europesays.com\/no\/wp-content\/uploads\/2026\/08\/1788144697_700_85080331.webp\" width=\"667\" height=\"494\" alt=\"\" class=\"\" style=\"--aspect-ratio-image: 1.35; \"\/><\/p>\n<p>\n        STORE ROM: Maud og M\u00e4rtha s\u00f8rget for at Sonja ikke skulle v\u00e6re alene. Her fra en av stue p\u00e5 Bygd\u00f8 kongsg\u00e5rd. Foto: Se og H\u00f8r \/ Andreas FadumBygd\u00f8 kongsgardHURTIGKONVERTERTRAW_FILER TILGJENGLIGBygd\u00f8y Kongsg\u00e5rd\n    <\/p>\n<p>Etter \u00e5 ha m\u00f8tt Haakon og resten av familien p\u00e5 Rikshospitalet <a href=\"https:\/\/www.seher.no\/kongelig\/familien-samlet-i-sorgen\/85075695\" rel=\"nofollow noopener\" target=\"_blank\">inviterte dronning Sonja hele kongefamilien til Bygd\u00f8y<\/a>, hvor de fikk v\u00e6re sammen. Mette-Marits s\u00f8nn <a href=\"https:\/\/www.seher.no\/kongelig\/her-reiser-marius-med-familien\/85077133\" rel=\"nofollow noopener\" target=\"_blank\">Marius Borg H\u00f8iby ble selvsagt inkludert<\/a>, ettersom han ogs\u00e5 ble regnet som et barnebarn av kong Harald.<\/p>\n<p>    <a itemprop=\"url\" href=\"https:\/\/www.seher.no\/kongelig\/dette-skjer-na\/85077924\" rel=\"nofollow noopener\" target=\"_blank\"><\/p>\n<p>        <img loading=\"lazy\" decoding=\"async\" src=\"https:\/\/www.europesays.com\/no\/wp-content\/uploads\/2026\/08\/1788144698_958_85079488.webp\" width=\"180\" height=\"81\" alt=\"\" class=\"lazyload\" style=\"--aspect-ratio-image: 2.22; \"\/><\/p>\n<p>        Dette skjer n\u00e5<\/p>\n<p>    <\/a><\/p>\n<p>Mektig syn utenfor Slottet<\/p>\n<p>P\u00e5 ettermiddagen fulgte dronning Sonja ektemannens b\u00e5re til Slottet, f\u00f8r hun tok farvel med Harald i Den r\u00f8de salong.<\/p>\n<p><a href=\"https:\/\/www.seher.no\/kongelig\/ga-alt-for-norge\/85074136\" rel=\"nofollow noopener\" target=\"_blank\">Kondolanser str\u00f8mmet p\u00e5 fra inn- og utland<\/a>, og det mektige synet med folkehavet og blomstrene utenfor Slottet m\u00e5 ogs\u00e5 ha gjort sterkt inntrykk.<\/p>\n<p>    <a itemprop=\"url\" href=\"https:\/\/www.seher.no\/kongelig\/blir-kraftig-redusert\/85078619\" rel=\"nofollow noopener\" target=\"_blank\"><\/p>\n<p>        <img loading=\"lazy\" decoding=\"async\" src=\"https:\/\/www.europesays.com\/no\/wp-content\/uploads\/2026\/08\/1788144698_993_85078305.webp\" width=\"180\" height=\"81\" alt=\"\" class=\"lazyload\" style=\"--aspect-ratio-image: 2.22; \"\/><\/p>\n<p>        &#8211; Blir kraftig redusert<\/p>\n<p>    <\/a><\/p>\n<p>Da Sonja etterp\u00e5 vendte tilbake til kongsg\u00e5rden, m\u00e5 stillheten i det store huset ha v\u00e6rt rar \u00e5 oppleve. At M\u00e4rtha og Maud fulgte henne hjem, viser hvordan familien n\u00e5 s\u00f8ker sammen rundt dronningen.<\/p>\n<p>        <img loading=\"lazy\" decoding=\"async\" src=\"https:\/\/www.europesays.com\/no\/wp-content\/uploads\/2026\/08\/1788144699_819_85080296.webp\" width=\"688\" height=\"393\" alt=\"\" class=\"\" style=\"--aspect-ratio-image: 1.75; \"\/><\/p>\n<p>\n        F\u00d8DSELSDAG P\u00c5 HAVET: Dronning Sonja fyller 84 \u00e5r og feirer sammen med Prinsesse M\u00e4rtha Louise, Maud Angelica Behn og Leah Isadora Behn p\u00e5 kongeparets landsted M\u00e5ger\u00f8 p\u00e5 Tj\u00f8me. P\u00e5 kvelden reiste de p\u00e5 en liten tur med Stjernen fra M\u00e5ger\u00f8 til F\u00e6rder Fyr.\n    <\/p>\n<p>Dronningen har et ekstra n\u00e6rt forhold til barnebarnet Maud Angelica Prinsessens f\u00f8rstef\u00f8dte har ogs\u00e5 g\u00e5tt i bestemor Sonjas kunstnerfotspor, og dronning Sonja er hennes st\u00f8rste fan &#8211; og som regel alltis p\u00e5 plass n\u00e5r barnebarnet stiller ut kunsten sin.\u00a0<\/p>\n<p>        <img loading=\"lazy\" decoding=\"async\" src=\"https:\/\/www.europesays.com\/no\/wp-content\/uploads\/2026\/08\/1788144700_571_85080298.webp\" width=\"667\" height=\"381\" alt=\"\" class=\"\" style=\"--aspect-ratio-image: 1.75; \"\/><\/p>\n<p>\n        TRE GENERASJONER: Maud Angelica Behn og Mikaela Augestad \u00e5pnet i juni 2023 sin f\u00f8rste felles kunstutstilling kalt \u00abSammensatt\u00bb p\u00e5 Galleri Vesta i Ris\u00f8r. Mamma M\u00e4rtha og bestemor Sonja var selvsagt p\u00e5 plass. Foto: Jo E. Brenden\n    <\/p>\n<p>Ga ut bok<\/p>\n<p>Maud Angelica Behn har tidligere satt ord p\u00e5 hvordan det er \u00e5 leve med sorg. Etter at faren Ari Behn d\u00f8de i 2019, har hun v\u00e6rt \u00e5pen om tapet og om veien videre. <a href=\"https:\/\/www.seher.no\/kongelig\/gladmelding-store-nyheter\/83084821\" rel=\"nofollow noopener\" target=\"_blank\">I boken \u00abPlutselig\u00bb har hun skrevet om sorgen, savnet og om hvordan livet likevel m\u00e5 fortsette.\u00a0<\/a><\/p>\n<p>        <img loading=\"lazy\" decoding=\"async\" src=\"https:\/\/www.europesays.com\/no\/wp-content\/uploads\/2026\/08\/1788144700_26_85080992.webp\" width=\"667\" height=\"461\" alt=\"\" class=\"\" style=\"--aspect-ratio-image: 1.45; \"\/><\/p>\n<p>\n        DRO VIDERE: L\u00f8rdag formiddag bestilte Maud Angelica Behn drosje, gikk ut gjennom portene p\u00e5 Kongsg\u00e5rden &#8211; og satte seg i en taxi. Foto: Se og H\u00f8r\n    <\/p>\n<p class=\"font-weight-bold m-font-weight-bold\" data-lab-font_weight=\"font-weight-bold\">Nettopp derfor vet Maud hvor viktig det kan v\u00e6re \u00e5 ha mennesker rundt seg n\u00e5r alt f\u00f8les m\u00f8rkt. At hun n\u00e5 fulgte dronning Sonja hjem etter avskjeden med kong Harald, f\u00e5r derfor en ekstra sterk betydning.<\/p>\n<p>For Sonja er sorgen f\u00f8rst og fremst privat. Hun har ikke bare mistet Norges konge, men mannen hun forelsket seg i som ung, kjempet for \u00e5 f\u00e5 \u2013 og som hun siden bygget et helt liv sammen med.<\/p>\n<p>        SLOTTSPLASSEN: Etter kong Harald Vs d\u00f8d, har det str\u00f8mmet folk til slottsplassen. Det var heller ikke mangel p\u00e5 folk n\u00e5r kisten ble kj\u00f8rt fra Rikshospitalet. Video: Sofia Bj\u00f6rlin &amp; H\u00e5vard Bj\u00f8rnerem &#8211; Se og H\u00f8r \/\/ Reporter: Caroline Vagle<\/p>\n<p>L\u00f8rdag v\u00e5knet hun opp til sin 58. bryllupsdag &#8211; uten Harald. Aldri mer vil hun f\u00e5 h\u00f8re ektemannens gode latter og <a href=\"https:\/\/www.seher.no\/video\/kongen-med-stikk-til-dronningen\/60MeY3dt\" rel=\"nofollow noopener\" target=\"_blank\">vittige kommentarer<\/a>.\u00a0<\/p>\n<p>Da er det nok godt \u00e5 ha familien rundt seg.<\/p>\n","protected":false},"excerpt":{"rendered":"Kong Harald er d\u00f8d:\u00a0 Prinsesse M\u00e4rtha Louise og Maud Angelica ble med Sonja hjem.\u00a0Maud vet hva sorgen krever.&hellip;\n","protected":false},"author":2,"featured_media":338622,"comment_status":"","ping_status":"","sticky":false,"template":"","format":"standard","meta":{"footnotes":"","_share_on_mastodon":"0"},"categories":[10],"tags":[20,21,22473,1560,4104,24,25,15,26069,76,22,23,5805,13,30,28,29,14,16,26,27],"class_list":["post-338621","post","type-post","status-publish","format-standard","has-post-thumbnail","category-norge","tag-breaking-news","tag-breakingnews","tag-bygdo-kongsgard","tag-dronning-sonja","tag-eksklusivt","tag-featured-news","tag-featurednews","tag-headlines","tag-kong-harald-dod","tag-kongelig","tag-latest-news","tag-latestnews","tag-maud-angelica-behn","tag-news","tag-no","tag-norge","tag-norway","tag-nyheter","tag-overskrifter","tag-top-stories","tag-topstories"],"share_on_mastodon":{"url":"https:\/\/pubeurope.com\/@no\/117187857434275279","error":""},"_links":{"self":[{"href":"https:\/\/www.europesays.com\/no\/wp-json\/wp\/v2\/posts\/338621","targetHints":{"allow":["GET"]}}],"collection":[{"href":"https:\/\/www.europesays.com\/no\/wp-json\/wp\/v2\/posts"}],"about":[{"href":"https:\/\/www.europesays.com\/no\/wp-json\/wp\/v2\/types\/post"}],"author":[{"embeddable":true,"href":"https:\/\/www.europesays.com\/no\/wp-json\/wp\/v2\/users\/2"}],"replies":[{"embeddable":true,"href":"https:\/\/www.europesays.com\/no\/wp-json\/wp\/v2\/comments?post=338621"}],"version-history":[{"count":0,"href":"https:\/\/www.europesays.com\/no\/wp-json\/wp\/v2\/posts\/338621\/revisions"}],"wp:featuredmedia":[{"embeddable":true,"href":"https:\/\/www.europesays.com\/no\/wp-json\/wp\/v2\/media\/338622"}],"wp:attachment":[{"href":"https:\/\/www.europesays.com\/no\/wp-json\/wp\/v2\/media?parent=338621"}],"wp:term":[{"taxonomy":"category","embeddable":true,"href":"https:\/\/www.europesays.com\/no\/wp-json\/wp\/v2\/categories?post=338621"},{"taxonomy":"post_tag","embeddable":true,"href":"https:\/\/www.europesays.com\/no\/wp-json\/wp\/v2\/tags?post=338621"}],"curies":[{"name":"wp","href":"https:\/\/api.w.org\/{rel}","templated":true}]}}